{"id":10007,"date":"2021-02-15T06:20:22","date_gmt":"2021-02-15T09:20:22","guid":{"rendered":"http:\/\/blogdojuniorcavalcanti.com.br\/?p=10007"},"modified":"2021-02-15T06:20:22","modified_gmt":"2021-02-15T09:20:22","slug":"lira-pacheco-e-guedes-se-comprometem-a-acelerar-a-volta-do-auxilio-emergencial","status":"publish","type":"post","link":"https:\/\/blogdojuniorcavalcanti.com.br\/index.php\/2021\/02\/15\/lira-pacheco-e-guedes-se-comprometem-a-acelerar-a-volta-do-auxilio-emergencial\/","title":{"rendered":"Lira, Pacheco e Guedes se comprometem a acelerar a volta do aux\u00edlio emergencial"},"content":{"rendered":"<p style=\"text-align: justify;\"><span style=\"font-size: 14pt;\"><em><a href=\"https:\/\/i1.wp.com\/nilljunior.com.br\/wp-content\/uploads\/2021\/02\/Lira-Pacheco-Guedes.jpg?ssl=1\"><img fetchpriority=\"high\" decoding=\"async\" class=\"alignleft wp-image-197008\" src=\"https:\/\/i1.wp.com\/nilljunior.com.br\/wp-content\/uploads\/2021\/02\/Lira-Pacheco-Guedes.jpg?resize=400%2C267&amp;ssl=1\" sizes=\"(max-width: 400px) 100vw, 400px\" srcset=\"https:\/\/i1.wp.com\/nilljunior.com.br\/wp-content\/uploads\/2021\/02\/Lira-Pacheco-Guedes.jpg?w=768&amp;ssl=1 768w, https:\/\/i1.wp.com\/nilljunior.com.br\/wp-content\/uploads\/2021\/02\/Lira-Pacheco-Guedes.jpg?resize=150%2C100&amp;ssl=1 150w, https:\/\/i1.wp.com\/nilljunior.com.br\/wp-content\/uploads\/2021\/02\/Lira-Pacheco-Guedes.jpg?resize=300%2C200&amp;ssl=1 300w, https:\/\/i1.wp.com\/nilljunior.com.br\/wp-content\/uploads\/2021\/02\/Lira-Pacheco-Guedes.jpg?resize=600%2C400&amp;ssl=1 600w\" alt=\"\" width=\"400\" height=\"267\" data-attachment-id=\"197008\" data-permalink=\"https:\/\/nilljunior.com.br\/lira-pacheco-e-guedes-se-comprometem-a-acelerar-a-volta-do-auxilio-emergencial\/lira-pacheco-guedes\/\" data-orig-file=\"https:\/\/i1.wp.com\/nilljunior.com.br\/wp-content\/uploads\/2021\/02\/Lira-Pacheco-Guedes.jpg?fit=768%2C512&amp;ssl=1\" data-orig-size=\"768,512\" data-comments-opened=\"1\" data-image-meta=\"{&quot;aperture&quot;:&quot;0&quot;,&quot;credit&quot;:&quot;&quot;,&quot;camera&quot;:&quot;&quot;,&quot;caption&quot;:&quot;&quot;,&quot;created_timestamp&quot;:&quot;0&quot;,&quot;copyright&quot;:&quot;&quot;,&quot;focal_length&quot;:&quot;0&quot;,&quot;iso&quot;:&quot;0&quot;,&quot;shutter_speed&quot;:&quot;0&quot;,&quot;title&quot;:&quot;&quot;,&quot;orientation&quot;:&quot;0&quot;}\" data-image-title=\"Lira-Pacheco-Guedes\" data-image-description=\"\" data-medium-file=\"https:\/\/i1.wp.com\/nilljunior.com.br\/wp-content\/uploads\/2021\/02\/Lira-Pacheco-Guedes.jpg?fit=300%2C200&amp;ssl=1\" data-large-file=\"https:\/\/i1.wp.com\/nilljunior.com.br\/wp-content\/uploads\/2021\/02\/Lira-Pacheco-Guedes.jpg?fit=600%2C400&amp;ssl=1\" \/><\/a><span style=\"font-family: arial, helvetica, sans-serif;\">Foto: Luis Macedo \/ C\u00e2mara dos Deputados<\/span><\/em><\/span><\/p>\n<p style=\"text-align: justify;\"><span style=\"font-size: 14pt; font-family: arial, helvetica, sans-serif;\"><b><i>Eles tamb\u00e9m defendem a amplia\u00e7\u00e3o da vacina\u00e7\u00e3o e propostas que garantam a responsabilidade fiscal, como as reformas tribut\u00e1ria e administrativa<\/i><\/b><\/span><\/p>\n<p style=\"text-align: justify;\"><span style=\"font-size: 14pt; font-family: arial, helvetica, sans-serif;\">Os presidentes da C\u00e2mara dos Deputados e do Senado, Arthur Lira (PP-AL) e Rodrigo Pacheco (DEM-MG), e o ministro da Economia, Paulo Guedes, reafirmaram na sexta-feira (12), o compromisso com a continuidade do pagamento do aux\u00edlio emergencial. O valor das parcelas e o per\u00edodo do pagamento ainda ser\u00e3o definidos. Segundo o presidente do Senado, o aux\u00edlio poder\u00e1 ter quatro parcelas, come\u00e7ando em mar\u00e7o.<\/span><\/p>\n<p style=\"text-align: justify;\"><span style=\"font-size: 14pt; font-family: arial, helvetica, sans-serif;\">Depois de reuni\u00e3o na resid\u00eancia oficial do presidente da C\u00e2mara, eles defenderam uma agenda legislativa r\u00e1pida, que garanta o retorno do pagamento do aux\u00edlio emergencial para os mais vulner\u00e1veis o mais rapidamente poss\u00edvel em raz\u00e3o da crise econ\u00f4mica provocada pela pandemia. Tamb\u00e9m participou da reuni\u00e3o o ministro-chefe da Secretaria de Governo, general Luiz Eduardo Ramos, respons\u00e1vel pela articula\u00e7\u00e3o pol\u00edtica do governo.<\/span><\/p>\n<p style=\"text-align: justify;\"><span style=\"font-size: 14pt; font-family: arial, helvetica, sans-serif;\">Al\u00e9m do aux\u00edlio emergencial, eles querem pautas que ampliem a vacina\u00e7\u00e3o da popula\u00e7\u00e3o brasileira e que garantam a responsabilidade fiscal, como as reformas tribut\u00e1ria e administrativa, e as propostas de emenda \u00e0 Constitui\u00e7\u00e3o (PECs) que permitem reorganizar os gastos p\u00fablicos dentro do teto de gastos.<\/span><\/p>\n<p style=\"text-align: justify;\"><span style=\"font-size: 14pt; font-family: arial, helvetica, sans-serif;\">Lira afirmou que as duas Casas do Legislativo v\u00e3o tratar os temas com a maior rapidez e transpar\u00eancia poss\u00edveis. \u201cVamos cumprir uma agenda b\u00e1sica: o Senado com as mat\u00e9rias daquela Casa, e a C\u00e2mara com a reforma administrativa sob sua responsabilidade. J\u00e1 h\u00e1 perspectiva de um retorno de alguns dispositivos o mais rapidamente poss\u00edvel, para termos tranquilidade para enfrentar a vacina\u00e7\u00e3o e dar continuidade \u00e0 pauta econ\u00f4mica e \u00e0 pauta social, que preocupam o governo e o Congresso. Todas elas ser\u00e3o tratadas com rapidez e transpar\u00eancia e com o maior esfor\u00e7o para dar garantias aos mais vulner\u00e1veis\u201d afirmou Lira.<\/span><\/p>\n<p style=\"text-align: justify;\"><span style=\"font-size: 14pt; font-family: arial, helvetica, sans-serif;\">Pacheco afirmou que a prioridade do Congresso neste momento \u00e9 a vacina\u00e7\u00e3o em massa e o auxilio emergencial enquanto durar a pandemia, mas ressaltou que o Legislativo precisa fazer a sua parte. Ele citou as reformas e as PECs que tramitam no Senado como propostas que conciliam o interesse p\u00fablico com o protocolo da responsabilidade fiscal. Rodrigo Pacheco defendeu que seja inclu\u00eddo no texto da PEC do Pacto Federativo uma cl\u00e1usula de calamidade p\u00fablica para fazer uma flexibiliza\u00e7\u00e3o fiscal necess\u00e1ria para a retomada do aux\u00edlio emergencial.<\/span><\/p>\n<p style=\"text-align: justify;\"><span style=\"font-size: 14pt; font-family: arial, helvetica, sans-serif;\">\u201cNossa expectativa \u00e9 que haja um aux\u00edlio que seja suficiente para alcan\u00e7ar o maior n\u00famero de pessoas, mas com a responsabilidade fiscal. Nossa expectativa \u00e9 que possamos at\u00e9 o m\u00eas de junho ter um aux\u00edlio. Para isso, \u00e9 fundamental que o Congresso fa\u00e7a sua parte\u201d, defendeu Pacheco.<\/span><\/p>\n<p style=\"text-align: justify;\"><span style=\"font-size: 14pt; font-family: arial, helvetica, sans-serif;\">Paulo Guedes tamb\u00e9m defendeu um marco fiscal com a inclus\u00e3o de uma cl\u00e1usula de calamidade p\u00fablica para garantir o pagamento do aux\u00edlio emergencial. Segundo ele, \u00e9 importante aprovar essas medidas para n\u00e3o comprometer as futuras gera\u00e7\u00f5es.<\/span><\/p>\n<p style=\"text-align: justify;\"><span style=\"font-size: 14pt; font-family: arial, helvetica, sans-serif;\">\u201cNosso compromisso \u00e9 com a sa\u00fade, a vacina\u00e7\u00e3o em massa e o aux\u00edlio emergencial, com o compromisso com a responsabilidade fiscal\u201d, disse Guedes. As informa\u00e7\u00f5es s\u00e3o da Ag\u00eancia C\u00e2mara de Not\u00edcias.<\/span><\/p>\n","protected":false},"excerpt":{"rendered":"<p>Foto: Luis Macedo \/ C&acirc;mara dos Deputados Eles tamb&eacute;m defendem a amplia&ccedil;&atilde;o da vacina&ccedil;&atilde;o e propostas que garantam a responsabilidade fiscal, como as reformas tribut&aacute;ria e administrativa Os presidentes da C&acirc;mara dos Deputados e do Senado, Arthur Lira (PP-AL) e Rodrigo Pacheco (DEM-MG), e o ministro da Economia, Paulo Guedes, reafirmaram na sexta-feira (12), o compromisso com a continuidade do pagamento do aux&iacute;lio emergencial. O valor das parcelas e o per&iacute;odo do pagamento ainda ser&atilde;o definidos. Segundo o presidente do Senado, o aux&iacute;lio poder&aacute; ter quatro parcelas, come&ccedil;ando em mar&ccedil;o. Depois de reuni&atilde;o na resid&ecirc;ncia oficial do presidente da C&acirc;mara, &#8230; <\/p>\n<p class=\"read-more-container\"><a title=\"Lira, Pacheco e Guedes se comprometem a acelerar a volta do aux\u00edlio emergencial\" class=\"read-more button\" href=\"https:\/\/blogdojuniorcavalcanti.com.br\/index.php\/2021\/02\/15\/lira-pacheco-e-guedes-se-comprometem-a-acelerar-a-volta-do-auxilio-emergencial\/#more-10007\" aria-label=\"More on Lira, Pacheco e Guedes se comprometem a acelerar a volta do aux\u00edlio emergencial\">Leia mais<\/a><\/p>\n","protected":false},"author":2,"featured_media":0,"comment_status":"open","ping_status":"open","sticky":false,"template":"","format":"standard","meta":{"footnotes":""},"categories":[1],"tags":[],"class_list":["post-10007","post","type-post","status-publish","format-standard","hentry","category-sem-categoria"],"_links":{"self":[{"href":"https:\/\/blogdojuniorcavalcanti.com.br\/index.php\/wp-json\/wp\/v2\/posts\/10007","targetHints":{"allow":["GET"]}}],"collection":[{"href":"https:\/\/blogdojuniorcavalcanti.com.br\/index.php\/wp-json\/wp\/v2\/posts"}],"about":[{"href":"https:\/\/blogdojuniorcavalcanti.com.br\/index.php\/wp-json\/wp\/v2\/types\/post"}],"author":[{"embeddable":true,"href":"https:\/\/blogdojuniorcavalcanti.com.br\/index.php\/wp-json\/wp\/v2\/users\/2"}],"replies":[{"embeddable":true,"href":"https:\/\/blogdojuniorcavalcanti.com.br\/index.php\/wp-json\/wp\/v2\/comments?post=10007"}],"version-history":[{"count":1,"href":"https:\/\/blogdojuniorcavalcanti.com.br\/index.php\/wp-json\/wp\/v2\/posts\/10007\/revisions"}],"predecessor-version":[{"id":10008,"href":"https:\/\/blogdojuniorcavalcanti.com.br\/index.php\/wp-json\/wp\/v2\/posts\/10007\/revisions\/10008"}],"wp:attachment":[{"href":"https:\/\/blogdojuniorcavalcanti.com.br\/index.php\/wp-json\/wp\/v2\/media?parent=10007"}],"wp:term":[{"taxonomy":"category","embeddable":true,"href":"https:\/\/blogdojuniorcavalcanti.com.br\/index.php\/wp-json\/wp\/v2\/categories?post=10007"},{"taxonomy":"post_tag","embeddable":true,"href":"https:\/\/blogdojuniorcavalcanti.com.br\/index.php\/wp-json\/wp\/v2\/tags?post=10007"}],"curies":[{"name":"wp","href":"https:\/\/api.w.org\/{rel}","templated":true}]}}