{"id":10340,"date":"2021-03-08T06:17:08","date_gmt":"2021-03-08T09:17:08","guid":{"rendered":"http:\/\/blogdojuniorcavalcanti.com.br\/?p=10340"},"modified":"2021-03-08T06:17:08","modified_gmt":"2021-03-08T09:17:08","slug":"paulo-camara-se-reune-com-presidentes-dos-poderes-para-avaliar-cenario-da-pandemia-em-pernambuco","status":"publish","type":"post","link":"https:\/\/blogdojuniorcavalcanti.com.br\/index.php\/2021\/03\/08\/paulo-camara-se-reune-com-presidentes-dos-poderes-para-avaliar-cenario-da-pandemia-em-pernambuco\/","title":{"rendered":"Paulo C\u00e2mara se re\u00fane com presidentes dos poderes para avaliar cen\u00e1rio da pandemia em Pernambuco"},"content":{"rendered":"<p style=\"text-align: justify;\"><span style=\"font-size: 14pt; font-family: arial, helvetica, sans-serif;\"><a href=\"https:\/\/i1.wp.com\/nilljunior.com.br\/wp-content\/uploads\/2021\/03\/Foto-Heudes_Regis-SEI-O_Governador_Paulo_Camara_Em_Videoconferencia_com_Secretarios_e_reresentantes_dos_Poderes-3.jpg?ssl=1\"><img fetchpriority=\"high\" decoding=\"async\" class=\"wp-image-198545 alignleft\" src=\"https:\/\/i1.wp.com\/nilljunior.com.br\/wp-content\/uploads\/2021\/03\/Foto-Heudes_Regis-SEI-O_Governador_Paulo_Camara_Em_Videoconferencia_com_Secretarios_e_reresentantes_dos_Poderes-3.jpg?resize=400%2C267&amp;ssl=1\" sizes=\"(max-width: 400px) 100vw, 400px\" srcset=\"https:\/\/i1.wp.com\/nilljunior.com.br\/wp-content\/uploads\/2021\/03\/Foto-Heudes_Regis-SEI-O_Governador_Paulo_Camara_Em_Videoconferencia_com_Secretarios_e_reresentantes_dos_Poderes-3.jpg?w=4464&amp;ssl=1 4464w, https:\/\/i1.wp.com\/nilljunior.com.br\/wp-content\/uploads\/2021\/03\/Foto-Heudes_Regis-SEI-O_Governador_Paulo_Camara_Em_Videoconferencia_com_Secretarios_e_reresentantes_dos_Poderes-3.jpg?resize=150%2C100&amp;ssl=1 150w, https:\/\/i1.wp.com\/nilljunior.com.br\/wp-content\/uploads\/2021\/03\/Foto-Heudes_Regis-SEI-O_Governador_Paulo_Camara_Em_Videoconferencia_com_Secretarios_e_reresentantes_dos_Poderes-3.jpg?resize=300%2C200&amp;ssl=1 300w, https:\/\/i1.wp.com\/nilljunior.com.br\/wp-content\/uploads\/2021\/03\/Foto-Heudes_Regis-SEI-O_Governador_Paulo_Camara_Em_Videoconferencia_com_Secretarios_e_reresentantes_dos_Poderes-3.jpg?resize=768%2C512&amp;ssl=1 768w, https:\/\/i1.wp.com\/nilljunior.com.br\/wp-content\/uploads\/2021\/03\/Foto-Heudes_Regis-SEI-O_Governador_Paulo_Camara_Em_Videoconferencia_com_Secretarios_e_reresentantes_dos_Poderes-3.jpg?resize=600%2C400&amp;ssl=1 600w, https:\/\/i1.wp.com\/nilljunior.com.br\/wp-content\/uploads\/2021\/03\/Foto-Heudes_Regis-SEI-O_Governador_Paulo_Camara_Em_Videoconferencia_com_Secretarios_e_reresentantes_dos_Poderes-3.jpg?w=2000&amp;ssl=1 2000w, https:\/\/i1.wp.com\/nilljunior.com.br\/wp-content\/uploads\/2021\/03\/Foto-Heudes_Regis-SEI-O_Governador_Paulo_Camara_Em_Videoconferencia_com_Secretarios_e_reresentantes_dos_Poderes-3.jpg?w=3000&amp;ssl=1 3000w\" alt=\"\" width=\"400\" height=\"267\" data-attachment-id=\"198545\" data-permalink=\"https:\/\/nilljunior.com.br\/paulo-camara-se-reune-com-presidentes-dos-poderes-para-avaliar-cenario-da-pandemia-em-pernambuco\/foto-heudes_regis-sei-o_governador_paulo_camara_em_videoconferencia_com_secretarios_e_reresentantes_dos_poderes-3\/\" data-orig-file=\"https:\/\/i1.wp.com\/nilljunior.com.br\/wp-content\/uploads\/2021\/03\/Foto-Heudes_Regis-SEI-O_Governador_Paulo_Camara_Em_Videoconferencia_com_Secretarios_e_reresentantes_dos_Poderes-3.jpg?fit=4464%2C2976&amp;ssl=1\" data-orig-size=\"4464,2976\" data-comments-opened=\"1\" data-image-meta=\"{&quot;aperture&quot;:&quot;5.6&quot;,&quot;credit&quot;:&quot;HRegis&quot;,&quot;camera&quot;:&quot;Canon EOS 5D Mark IV&quot;,&quot;caption&quot;:&quot;Foto: Heudes Regis\\\/SEI Data: 07-03-2021 Ass: O Governador Paulo C\\u00e2mara participa de videoconfer\\u00eancia com os secret\\u00e1rios e os representantes dos poderes.&quot;,&quot;created_timestamp&quot;:&quot;1615109806&quot;,&quot;copyright&quot;:&quot;&quot;,&quot;focal_length&quot;:&quot;48&quot;,&quot;iso&quot;:&quot;4000&quot;,&quot;shutter_speed&quot;:&quot;0.0125&quot;,&quot;title&quot;:&quot;&quot;,&quot;orientation&quot;:&quot;0&quot;}\" data-image-title=\"Foto\u2013Heudes_Regis-SEI\u2013O_Governador_Paulo_Camara_Em_Videoconferencia_com_Secretarios_e_reresentantes_dos_Poderes-3\" data-image-description=\"\" data-medium-file=\"https:\/\/i1.wp.com\/nilljunior.com.br\/wp-content\/uploads\/2021\/03\/Foto-Heudes_Regis-SEI-O_Governador_Paulo_Camara_Em_Videoconferencia_com_Secretarios_e_reresentantes_dos_Poderes-3.jpg?fit=300%2C200&amp;ssl=1\" data-large-file=\"https:\/\/i1.wp.com\/nilljunior.com.br\/wp-content\/uploads\/2021\/03\/Foto-Heudes_Regis-SEI-O_Governador_Paulo_Camara_Em_Videoconferencia_com_Secretarios_e_reresentantes_dos_Poderes-3.jpg?fit=600%2C400&amp;ssl=1\" \/><\/a><\/span><\/p>\n<p style=\"text-align: justify;\"><span style=\"font-size: 14pt; font-family: arial, helvetica, sans-serif;\"><i>Foto: Heudes Regis\/SEI<\/i><\/span><\/p>\n<p style=\"text-align: justify;\"><span style=\"font-size: 14pt; font-family: arial, helvetica, sans-serif;\"><b><i>Em videoconfer\u00eancia, governador apresentou os dados atuais da Covid-19 no Estado para representantes da Alepe, do TCE-PE, do TJPE e do MPPE<\/i><\/b><\/span><\/p>\n<p style=\"text-align: justify;\"><span style=\"font-size: 14pt; font-family: arial, helvetica, sans-serif;\">O governador Paulo C\u00e2mara se reuniu, na manh\u00e3 deste domingo (07.03), por meio de videoconfer\u00eancia, com os presidentes dos poderes constitu\u00eddos para avaliar o cen\u00e1rio da pandemia em Pernambuco. O gestor estadual fez um balan\u00e7o do combate \u00e0 Covid-19 e apresentou os dados atuais da dissemina\u00e7\u00e3o do novo coronav\u00edrus no Estado.<\/span><\/p>\n<p style=\"text-align: justify;\"><span style=\"font-size: 14pt; font-family: arial, helvetica, sans-serif;\">\u201cCompartilhamos as informa\u00e7\u00f5es do est\u00e1gio atual da pandemia com os presidentes do Tribunal de Justi\u00e7a (TJPE), Fernando Cerqueira, do Tribunal de Contas (TCE-PE), Dirceu Rodolfo, da Assembleia Legislativa de Pernambuco (Alepe), Eriberto Medeiros, e o procurador-geral do Minist\u00e9rio P\u00fablico (MPPE), Paulo Augusto Freitas. Mostramos o momento cr\u00edtico pelo qual estamos passando e pedimos um esfor\u00e7o conjunto para superarmos mais essa fase aguda da pandemia\u201d, afirmou Paulo C\u00e2mara.\u00a0<\/span><\/p>\n<p style=\"text-align: justify;\"><span style=\"font-size: 14pt; font-family: arial, helvetica, sans-serif;\">Participaram da reuni\u00e3o, tamb\u00e9m de forma remota, a vice-governadora Luciana Santos e os secret\u00e1rios estaduais Andr\u00e9 Longo (Sa\u00fade), Alexandre Reb\u00ealo (Planejamento e Gest\u00e3o) e Ernani M\u00e9dicis (Procuradoria Geral).\u00a0<\/span><\/p>\n<p style=\"text-align: justify;\"><span style=\"font-size: 14pt; font-family: arial, helvetica, sans-serif;\">No encontro virtual, o governador explicou ainda como o Estado vem atuando nesse combate. \u201cNo final do ano passado, percebemos uma maior da circula\u00e7\u00e3o do v\u00edrus, mesmo que de maneira mais t\u00edmida em rela\u00e7\u00e3o ao que estamos vendo atualmente. As medidas precisaram ser tomadas e, hoje, continuamos agindo. Suspendemos qualquer tipo de festividades naquele momento e seguimos acompanhando diariamente os n\u00fameros, trabalhando para colocar as restri\u00e7\u00f5es necess\u00e1rias, distribuir as vacinas e abrir leitos\u201d, disse.<\/span><\/p>\n<p style=\"text-align: justify;\"><span style=\"font-size: 14pt; font-family: arial, helvetica, sans-serif;\">LEITOS \u2013 Na \u00faltima sexta-feira (05.03), a rede de sa\u00fade p\u00fablica de Pernambuco foi refor\u00e7ada com mais 10 leitos de terapia intensiva para tratamento exclusivo de pacientes com a Covid-19.\u00a0<\/span><\/p>\n<p style=\"text-align: justify;\"><span style=\"font-size: 14pt; font-family: arial, helvetica, sans-serif;\">As vagas foram resultado de um contrato entre a Secretaria Estadual de Sa\u00fade (SES-PE) e o Hospital Memorial Jaboat\u00e3o, na Regi\u00e3o Metropolitana do Recife (RMR).\u00a0<\/span><\/p>\n<p style=\"text-align: justify;\"><span style=\"font-size: 14pt; font-family: arial, helvetica, sans-serif;\">Anteriormente, por meio de um esfor\u00e7o dos \u00faltimos dias, o Governo de Pernambuco j\u00e1 havia colocado em opera\u00e7\u00e3o outros 52 leitos de UTI nos hospitais Agamenon Magalh\u00e3es (18); Rui de Barros Correia (2), em Arcoverde; In\u00e1cio de S\u00e1 (5), em Salgueiro; e Eduardo Campos da Pessoa Idosa (27), em parceria com a Prefeitura do Recife.\u00a0<\/span><\/p>\n<p style=\"text-align: justify;\"><span style=\"font-size: 14pt; font-family: arial, helvetica, sans-serif;\">Atualmente, a Central Estadual de Regula\u00e7\u00e3o Hospitalar j\u00e1 conta com 2.054 leitos dedicados ao tratamento de S\u00edndrome Respirat\u00f3ria Aguda Grave, sendo o n\u00famero de leitos de UTI igual a 1.057.<\/span><\/p>\n","protected":false},"excerpt":{"rendered":"<p>Foto: Heudes Regis\/SEI Em videoconfer&ecirc;ncia, governador apresentou os dados atuais da Covid-19 no Estado para representantes da Alepe, do TCE-PE, do TJPE e do MPPE O governador Paulo C&acirc;mara se reuniu, na manh&atilde; deste domingo (07.03), por meio de videoconfer&ecirc;ncia, com os presidentes dos poderes constitu&iacute;dos para avaliar o cen&aacute;rio da pandemia em Pernambuco. O gestor estadual fez um balan&ccedil;o do combate &agrave; Covid-19 e apresentou os dados atuais da dissemina&ccedil;&atilde;o do novo coronav&iacute;rus no Estado. &ldquo;Compartilhamos as informa&ccedil;&otilde;es do est&aacute;gio atual da pandemia com os presidentes do Tribunal de Justi&ccedil;a (TJPE), Fernando Cerqueira, do Tribunal de Contas (TCE-PE), Dirceu &#8230; <\/p>\n<p class=\"read-more-container\"><a title=\"Paulo C\u00e2mara se re\u00fane com presidentes dos poderes para avaliar cen\u00e1rio da pandemia em Pernambuco\" class=\"read-more button\" href=\"https:\/\/blogdojuniorcavalcanti.com.br\/index.php\/2021\/03\/08\/paulo-camara-se-reune-com-presidentes-dos-poderes-para-avaliar-cenario-da-pandemia-em-pernambuco\/#more-10340\" aria-label=\"More on Paulo C\u00e2mara se re\u00fane com presidentes dos poderes para avaliar cen\u00e1rio da pandemia em Pernambuco\">Leia mais<\/a><\/p>\n","protected":false},"author":2,"featured_media":0,"comment_status":"open","ping_status":"open","sticky":false,"template":"","format":"standard","meta":{"footnotes":""},"categories":[1],"tags":[],"class_list":["post-10340","post","type-post","status-publish","format-standard","hentry","category-sem-categoria"],"_links":{"self":[{"href":"https:\/\/blogdojuniorcavalcanti.com.br\/index.php\/wp-json\/wp\/v2\/posts\/10340","targetHints":{"allow":["GET"]}}],"collection":[{"href":"https:\/\/blogdojuniorcavalcanti.com.br\/index.php\/wp-json\/wp\/v2\/posts"}],"about":[{"href":"https:\/\/blogdojuniorcavalcanti.com.br\/index.php\/wp-json\/wp\/v2\/types\/post"}],"author":[{"embeddable":true,"href":"https:\/\/blogdojuniorcavalcanti.com.br\/index.php\/wp-json\/wp\/v2\/users\/2"}],"replies":[{"embeddable":true,"href":"https:\/\/blogdojuniorcavalcanti.com.br\/index.php\/wp-json\/wp\/v2\/comments?post=10340"}],"version-history":[{"count":1,"href":"https:\/\/blogdojuniorcavalcanti.com.br\/index.php\/wp-json\/wp\/v2\/posts\/10340\/revisions"}],"predecessor-version":[{"id":10341,"href":"https:\/\/blogdojuniorcavalcanti.com.br\/index.php\/wp-json\/wp\/v2\/posts\/10340\/revisions\/10341"}],"wp:attachment":[{"href":"https:\/\/blogdojuniorcavalcanti.com.br\/index.php\/wp-json\/wp\/v2\/media?parent=10340"}],"wp:term":[{"taxonomy":"category","embeddable":true,"href":"https:\/\/blogdojuniorcavalcanti.com.br\/index.php\/wp-json\/wp\/v2\/categories?post=10340"},{"taxonomy":"post_tag","embeddable":true,"href":"https:\/\/blogdojuniorcavalcanti.com.br\/index.php\/wp-json\/wp\/v2\/tags?post=10340"}],"curies":[{"name":"wp","href":"https:\/\/api.w.org\/{rel}","templated":true}]}}