{"id":10707,"date":"2021-04-07T06:10:23","date_gmt":"2021-04-07T09:10:23","guid":{"rendered":"http:\/\/blogdojuniorcavalcanti.com.br\/?p=10707"},"modified":"2021-04-07T06:10:23","modified_gmt":"2021-04-07T09:10:23","slug":"projeto-do-governo-quer-retomar-programas-de-auxilio-a-empresas","status":"publish","type":"post","link":"https:\/\/blogdojuniorcavalcanti.com.br\/index.php\/2021\/04\/07\/projeto-do-governo-quer-retomar-programas-de-auxilio-a-empresas\/","title":{"rendered":"Projeto do governo quer retomar programas de aux\u00edlio a empresas"},"content":{"rendered":"<p style=\"text-align: justify;\"><span style=\"font-size: 14pt; font-family: arial, helvetica, sans-serif;\"><img fetchpriority=\"high\" decoding=\"async\" class=\"aligncenter\" src=\"http:\/\/afogadosfm.com.br\/afogadosfm\/wp-content\/uploads\/2018\/12\/predio_congresso_nacional-754x480.jpg\" width=\"540\" height=\"344\" \/>O presidente Jair Bolsonaro encaminhou nesta ter\u00e7a-feira (6) ao Congresso Nacional projeto de lei para flexibilizar as regras da Lei de Diretrizes Or\u00e7ament\u00e1rias (LDO) de 2021 e permitir a execu\u00e7\u00e3o de programas que tenham dura\u00e7\u00e3o espec\u00edfica no ano corrente. Com a aprova\u00e7\u00e3o do projeto, o governo poder\u00e1 retomar medidas econ\u00f4micas de enfrentamento \u00e0 pandemia, como o Programa Nacional de Apoio \u00e0s Microempresas e Empresas de Pequeno Porte (Pronampe), que oferece acesso a cr\u00e9dito, e o Programa de Manuten\u00e7\u00e3o de Empregos (BEm), que permite a redu\u00e7\u00e3o tempor\u00e1ria de sal\u00e1rio e de jornada ou suspens\u00e3o de contratos.\u00a0<img decoding=\"async\" src=\"https:\/\/agenciabrasil.ebc.com.br\/ebc.png?id=1406041&amp;o=node\" \/><img decoding=\"async\" src=\"https:\/\/agenciabrasil.ebc.com.br\/ebc.gif?id=1406041&amp;o=node\" \/><\/span><\/p>\n<p style=\"text-align: justify;\"><span style=\"font-size: 14pt; font-family: arial, helvetica, sans-serif;\">Com o or\u00e7amento limitado pela regra do teto de gastos, a retomada dos programas foi inviabilizada. Segundo o governo, a altera\u00e7\u00e3o proposta n\u00e3o viola o teto de gastos nem as regras da Lei de Responsabilidade Fiscal.\u00a0\u00a0<\/span><\/p>\n<p style=\"text-align: justify;\"><span style=\"font-size: 14pt; font-family: arial, helvetica, sans-serif;\">\u201cA proposta pretende adequar os requisitos para aumento de despesas que n\u00e3o sejam obrigat\u00f3rias e de car\u00e1ter continuado. Com a modifica\u00e7\u00e3o proposta, n\u00e3o ser\u00e1 necess\u00e1ria a apresenta\u00e7\u00e3o de medida compensat\u00f3ria para esse tipo de despesa. As hip\u00f3teses de aumento transit\u00f3rio de despesas, no entanto, continuam submetidas \u00e0s demais regras fiscais em vigor que limitam e condicionam a realiza\u00e7\u00e3o de gastos p\u00fablicos em geral (metas de resultado fiscal, teto de gastos, disposi\u00e7\u00f5es da Lei de Responsabilidade Fiscal, etc)\u201d, informou a Secretaria-Geral da Presid\u00eancia da Rep\u00fablica, em nota.<\/span><\/p>\n<p style=\"text-align: justify;\"><span style=\"font-size: 14pt; font-family: arial, helvetica, sans-serif;\">No ano passado, foram liberados cerca de R$ 37,5 bilh\u00f5es para o Pronampe, segundo o Minist\u00e9rio da Economia. O programa atendeu mais de 517 mil pequenas e m\u00e9dias empresas. J\u00e1 o BEm foi adotado por 1,5 milh\u00e3o de empresas e resultou na formaliza\u00e7\u00e3o de 20,1 milh\u00f5es de acordos entre patr\u00f5es e empregados, para redu\u00e7\u00e3o de at\u00e9 70% do sal\u00e1rio e suspens\u00e3o de contratos.\u00a0<\/span><\/p>\n","protected":false},"excerpt":{"rendered":"<p>O presidente Jair Bolsonaro encaminhou nesta ter&ccedil;a-feira (6) ao Congresso Nacional projeto de lei para flexibilizar as regras da Lei de Diretrizes Or&ccedil;ament&aacute;rias (LDO) de 2021 e permitir a execu&ccedil;&atilde;o de programas que tenham dura&ccedil;&atilde;o espec&iacute;fica no ano corrente. Com a aprova&ccedil;&atilde;o do projeto, o governo poder&aacute; retomar medidas econ&ocirc;micas de enfrentamento &agrave; pandemia, como o Programa Nacional de Apoio &agrave;s Microempresas e Empresas de Pequeno Porte (Pronampe), que oferece acesso a cr&eacute;dito, e o Programa de Manuten&ccedil;&atilde;o de Empregos (BEm), que permite a redu&ccedil;&atilde;o tempor&aacute;ria de sal&aacute;rio e de jornada ou suspens&atilde;o de contratos.&nbsp; Com o or&ccedil;amento limitado pela &#8230; <\/p>\n<p class=\"read-more-container\"><a title=\"Projeto do governo quer retomar programas de aux\u00edlio a empresas\" class=\"read-more button\" href=\"https:\/\/blogdojuniorcavalcanti.com.br\/index.php\/2021\/04\/07\/projeto-do-governo-quer-retomar-programas-de-auxilio-a-empresas\/#more-10707\" aria-label=\"More on Projeto do governo quer retomar programas de aux\u00edlio a empresas\">Leia mais<\/a><\/p>\n","protected":false},"author":2,"featured_media":0,"comment_status":"open","ping_status":"open","sticky":false,"template":"","format":"standard","meta":{"footnotes":""},"categories":[1],"tags":[],"class_list":["post-10707","post","type-post","status-publish","format-standard","hentry","category-sem-categoria"],"_links":{"self":[{"href":"https:\/\/blogdojuniorcavalcanti.com.br\/index.php\/wp-json\/wp\/v2\/posts\/10707","targetHints":{"allow":["GET"]}}],"collection":[{"href":"https:\/\/blogdojuniorcavalcanti.com.br\/index.php\/wp-json\/wp\/v2\/posts"}],"about":[{"href":"https:\/\/blogdojuniorcavalcanti.com.br\/index.php\/wp-json\/wp\/v2\/types\/post"}],"author":[{"embeddable":true,"href":"https:\/\/blogdojuniorcavalcanti.com.br\/index.php\/wp-json\/wp\/v2\/users\/2"}],"replies":[{"embeddable":true,"href":"https:\/\/blogdojuniorcavalcanti.com.br\/index.php\/wp-json\/wp\/v2\/comments?post=10707"}],"version-history":[{"count":1,"href":"https:\/\/blogdojuniorcavalcanti.com.br\/index.php\/wp-json\/wp\/v2\/posts\/10707\/revisions"}],"predecessor-version":[{"id":10708,"href":"https:\/\/blogdojuniorcavalcanti.com.br\/index.php\/wp-json\/wp\/v2\/posts\/10707\/revisions\/10708"}],"wp:attachment":[{"href":"https:\/\/blogdojuniorcavalcanti.com.br\/index.php\/wp-json\/wp\/v2\/media?parent=10707"}],"wp:term":[{"taxonomy":"category","embeddable":true,"href":"https:\/\/blogdojuniorcavalcanti.com.br\/index.php\/wp-json\/wp\/v2\/categories?post=10707"},{"taxonomy":"post_tag","embeddable":true,"href":"https:\/\/blogdojuniorcavalcanti.com.br\/index.php\/wp-json\/wp\/v2\/tags?post=10707"}],"curies":[{"name":"wp","href":"https:\/\/api.w.org\/{rel}","templated":true}]}}