{"id":10717,"date":"2021-04-09T06:30:12","date_gmt":"2021-04-09T09:30:12","guid":{"rendered":"http:\/\/blogdojuniorcavalcanti.com.br\/?p=10717"},"modified":"2021-04-09T06:30:12","modified_gmt":"2021-04-09T09:30:12","slug":"sinpol-pe-e-addepe-cobram-transparencia-nos-criterios-de-vacinacao","status":"publish","type":"post","link":"https:\/\/blogdojuniorcavalcanti.com.br\/index.php\/2021\/04\/09\/sinpol-pe-e-addepe-cobram-transparencia-nos-criterios-de-vacinacao\/","title":{"rendered":"SINPOL PE e ADDEPE cobram transpar\u00eancia nos crit\u00e9rios de vacina\u00e7\u00e3o"},"content":{"rendered":"<p style=\"text-align: justify;\"><span style=\"font-size: 14pt;\"><a href=\"https:\/\/i1.wp.com\/nilljunior.com.br\/wp-content\/uploads\/2021\/04\/FOTO-DIVULGA%C3%87%C3%83O-SINPOL-PE.jpeg?ssl=1\"><img fetchpriority=\"high\" decoding=\"async\" class=\"alignleft wp-image-201010\" src=\"https:\/\/i1.wp.com\/nilljunior.com.br\/wp-content\/uploads\/2021\/04\/FOTO-DIVULGA%C3%87%C3%83O-SINPOL-PE.jpeg?resize=400%2C180&amp;ssl=1\" sizes=\"(max-width: 400px) 100vw, 400px\" srcset=\"https:\/\/i1.wp.com\/nilljunior.com.br\/wp-content\/uploads\/2021\/04\/FOTO-DIVULGA\u00c7\u00c3O-SINPOL-PE.jpeg?w=1280&amp;ssl=1 1280w, https:\/\/i1.wp.com\/nilljunior.com.br\/wp-content\/uploads\/2021\/04\/FOTO-DIVULGA\u00c7\u00c3O-SINPOL-PE.jpeg?resize=300%2C135&amp;ssl=1 300w, https:\/\/i1.wp.com\/nilljunior.com.br\/wp-content\/uploads\/2021\/04\/FOTO-DIVULGA\u00c7\u00c3O-SINPOL-PE.jpeg?resize=768%2C346&amp;ssl=1 768w, https:\/\/i1.wp.com\/nilljunior.com.br\/wp-content\/uploads\/2021\/04\/FOTO-DIVULGA\u00c7\u00c3O-SINPOL-PE.jpeg?resize=600%2C270&amp;ssl=1 600w\" alt=\"\" width=\"400\" height=\"180\" data-attachment-id=\"201010\" data-permalink=\"https:\/\/nilljunior.com.br\/sinpol-pe-e-addepe-cobram-transparencia-nos-criterios-de-vacinacao\/foto-divulgacao-sinpol-pe\/\" data-orig-file=\"https:\/\/i1.wp.com\/nilljunior.com.br\/wp-content\/uploads\/2021\/04\/FOTO-DIVULGA\u00c7\u00c3O-SINPOL-PE.jpeg?fit=1280%2C576&amp;ssl=1\" data-orig-size=\"1280,576\" data-comments-opened=\"1\" data-image-meta=\"{&quot;aperture&quot;:&quot;0&quot;,&quot;credit&quot;:&quot;&quot;,&quot;camera&quot;:&quot;&quot;,&quot;caption&quot;:&quot;&quot;,&quot;created_timestamp&quot;:&quot;0&quot;,&quot;copyright&quot;:&quot;&quot;,&quot;focal_length&quot;:&quot;0&quot;,&quot;iso&quot;:&quot;0&quot;,&quot;shutter_speed&quot;:&quot;0&quot;,&quot;title&quot;:&quot;&quot;,&quot;orientation&quot;:&quot;0&quot;}\" data-image-title=\"FOTO DIVULGA\u00c7\u00c3O \u2013 SINPOL-PE\" data-image-description=\"\" data-medium-file=\"https:\/\/i1.wp.com\/nilljunior.com.br\/wp-content\/uploads\/2021\/04\/FOTO-DIVULGA\u00c7\u00c3O-SINPOL-PE.jpeg?fit=300%2C135&amp;ssl=1\" data-large-file=\"https:\/\/i1.wp.com\/nilljunior.com.br\/wp-content\/uploads\/2021\/04\/FOTO-DIVULGA\u00c7\u00c3O-SINPOL-PE.jpeg?fit=600%2C270&amp;ssl=1\" \/><\/a><span style=\"font-family: arial, helvetica, sans-serif;\">A ADEPPE \u2013 Sindicato dos Policiais Civis de PE e o SINPOL \u2013 Associa\u00e7\u00e3o dos Delegados de Pol\u00edcia de Pernambuco, se reuniram na manh\u00e3 desta quinta-feira (8), para discutir temas de interesse de todos os policiais civis, em especial a vacina\u00e7\u00e3o, a valoriza\u00e7\u00e3o das carreiras, Lei Org\u00e2nica e estrat\u00e9gias jur\u00eddicas no que tange \u00e0 a\u00e7\u00e3o dos 33,33%.\u00a0<\/span><\/span><\/p>\n<p style=\"text-align: justify;\"><span style=\"font-size: 14pt; font-family: arial, helvetica, sans-serif;\">Os representantes de classe querem mais transpar\u00eancia nos crit\u00e9rios de vacina\u00e7\u00e3o, principalmente em rela\u00e7\u00e3o ao n\u00famero de doses recebidas, aplicadas e tamb\u00e9m requisitos para a escolha dos policiais a serem vacinados, al\u00e9m do cronograma de vacina\u00e7\u00e3o.<\/span><\/p>\n<p style=\"text-align: justify;\"><span style=\"font-size: 14pt; font-family: arial, helvetica, sans-serif;\">Ficou deliberado que as entidades ir\u00e3o articular a constru\u00e7\u00e3o de um f\u00f3rum permanente das for\u00e7as de seguran\u00e7a p\u00fablica composta pelas entidades e representa\u00e7\u00f5es de classe visando buscar solu\u00e7\u00f5es contra o sucateamento das pol\u00edcias e a falta de valoriza\u00e7\u00e3o decorrente do destrato do Governo em rela\u00e7\u00e3o aos policiais.\u00a0<\/span><\/p>\n<p style=\"text-align: justify;\"><span style=\"font-size: 14pt; font-family: arial, helvetica, sans-serif;\">Para isso ser\u00e3o convidadas as demais entidades de classe (Pol\u00edcia Militar, Pol\u00edcia Cient\u00edfica e Pol\u00edcia Penal) a fim de se construir uma pauta conjunta.<\/span><\/p>\n<p style=\"text-align: justify;\"><span style=\"font-size: 14pt; font-family: arial, helvetica, sans-serif;\">At\u00e9 a pr\u00f3xima semana ser\u00e1 agendada nova reuni\u00e3o com as lideran\u00e7as acima citadas.<\/span><\/p>\n","protected":false},"excerpt":{"rendered":"<p>A ADEPPE &ndash; Sindicato dos Policiais Civis de PE e o SINPOL &ndash; Associa&ccedil;&atilde;o dos Delegados de Pol&iacute;cia de Pernambuco, se reuniram na manh&atilde; desta quinta-feira (8), para discutir temas de interesse de todos os policiais civis, em especial a vacina&ccedil;&atilde;o, a valoriza&ccedil;&atilde;o das carreiras, Lei Org&acirc;nica e estrat&eacute;gias jur&iacute;dicas no que tange &agrave; a&ccedil;&atilde;o dos 33,33%.&nbsp; Os representantes de classe querem mais transpar&ecirc;ncia nos crit&eacute;rios de vacina&ccedil;&atilde;o, principalmente em rela&ccedil;&atilde;o ao n&uacute;mero de doses recebidas, aplicadas e tamb&eacute;m requisitos para a escolha dos policiais a serem vacinados, al&eacute;m do cronograma de vacina&ccedil;&atilde;o. Ficou deliberado que as entidades ir&atilde;o articular &#8230; <\/p>\n<p class=\"read-more-container\"><a title=\"SINPOL PE e ADDEPE cobram transpar\u00eancia nos crit\u00e9rios de vacina\u00e7\u00e3o\" class=\"read-more button\" href=\"https:\/\/blogdojuniorcavalcanti.com.br\/index.php\/2021\/04\/09\/sinpol-pe-e-addepe-cobram-transparencia-nos-criterios-de-vacinacao\/#more-10717\" aria-label=\"More on SINPOL PE e ADDEPE cobram transpar\u00eancia nos crit\u00e9rios de vacina\u00e7\u00e3o\">Leia mais<\/a><\/p>\n","protected":false},"author":2,"featured_media":0,"comment_status":"open","ping_status":"open","sticky":false,"template":"","format":"standard","meta":{"footnotes":""},"categories":[1],"tags":[],"class_list":["post-10717","post","type-post","status-publish","format-standard","hentry","category-sem-categoria"],"_links":{"self":[{"href":"https:\/\/blogdojuniorcavalcanti.com.br\/index.php\/wp-json\/wp\/v2\/posts\/10717","targetHints":{"allow":["GET"]}}],"collection":[{"href":"https:\/\/blogdojuniorcavalcanti.com.br\/index.php\/wp-json\/wp\/v2\/posts"}],"about":[{"href":"https:\/\/blogdojuniorcavalcanti.com.br\/index.php\/wp-json\/wp\/v2\/types\/post"}],"author":[{"embeddable":true,"href":"https:\/\/blogdojuniorcavalcanti.com.br\/index.php\/wp-json\/wp\/v2\/users\/2"}],"replies":[{"embeddable":true,"href":"https:\/\/blogdojuniorcavalcanti.com.br\/index.php\/wp-json\/wp\/v2\/comments?post=10717"}],"version-history":[{"count":1,"href":"https:\/\/blogdojuniorcavalcanti.com.br\/index.php\/wp-json\/wp\/v2\/posts\/10717\/revisions"}],"predecessor-version":[{"id":10718,"href":"https:\/\/blogdojuniorcavalcanti.com.br\/index.php\/wp-json\/wp\/v2\/posts\/10717\/revisions\/10718"}],"wp:attachment":[{"href":"https:\/\/blogdojuniorcavalcanti.com.br\/index.php\/wp-json\/wp\/v2\/media?parent=10717"}],"wp:term":[{"taxonomy":"category","embeddable":true,"href":"https:\/\/blogdojuniorcavalcanti.com.br\/index.php\/wp-json\/wp\/v2\/categories?post=10717"},{"taxonomy":"post_tag","embeddable":true,"href":"https:\/\/blogdojuniorcavalcanti.com.br\/index.php\/wp-json\/wp\/v2\/tags?post=10717"}],"curies":[{"name":"wp","href":"https:\/\/api.w.org\/{rel}","templated":true}]}}