{"id":10733,"date":"2021-04-13T06:05:37","date_gmt":"2021-04-13T09:05:37","guid":{"rendered":"http:\/\/blogdojuniorcavalcanti.com.br\/?p=10733"},"modified":"2021-04-13T06:05:37","modified_gmt":"2021-04-13T09:05:37","slug":"serra-talhada-hec-esta-com-97-de-leitos-ocupados-hospam-tem-100","status":"publish","type":"post","link":"https:\/\/blogdojuniorcavalcanti.com.br\/index.php\/2021\/04\/13\/serra-talhada-hec-esta-com-97-de-leitos-ocupados-hospam-tem-100\/","title":{"rendered":"Serra Talhada: HEC est\u00e1 com 97% de leitos ocupados. Hospam tem 100%"},"content":{"rendered":"<p style=\"text-align: justify;\"><span style=\"font-size: 14pt;\"><b><i><a href=\"https:\/\/i0.wp.com\/nilljunior.com.br\/wp-content\/uploads\/2021\/03\/HEC-Serra.png?ssl=1\"><img fetchpriority=\"high\" decoding=\"async\" class=\"alignleft wp-image-199409\" src=\"https:\/\/i0.wp.com\/nilljunior.com.br\/wp-content\/uploads\/2021\/03\/HEC-Serra.png?resize=400%2C247&amp;ssl=1\" sizes=\"(max-width: 400px) 100vw, 400px\" srcset=\"https:\/\/i0.wp.com\/nilljunior.com.br\/wp-content\/uploads\/2021\/03\/HEC-Serra.png?w=597&amp;ssl=1 597w, https:\/\/i0.wp.com\/nilljunior.com.br\/wp-content\/uploads\/2021\/03\/HEC-Serra.png?resize=300%2C185&amp;ssl=1 300w\" alt=\"\" width=\"400\" height=\"247\" data-attachment-id=\"199409\" data-permalink=\"https:\/\/nilljunior.com.br\/serra-talhada-hec-abre-mais-10-leitos-de-uti-nesta-quinta-feira\/hec-serra\/\" data-orig-file=\"https:\/\/i0.wp.com\/nilljunior.com.br\/wp-content\/uploads\/2021\/03\/HEC-Serra.png?fit=597%2C369&amp;ssl=1\" data-orig-size=\"597,369\" data-comments-opened=\"1\" data-image-meta=\"{&quot;aperture&quot;:&quot;0&quot;,&quot;credit&quot;:&quot;&quot;,&quot;camera&quot;:&quot;&quot;,&quot;caption&quot;:&quot;&quot;,&quot;created_timestamp&quot;:&quot;0&quot;,&quot;copyright&quot;:&quot;&quot;,&quot;focal_length&quot;:&quot;0&quot;,&quot;iso&quot;:&quot;0&quot;,&quot;shutter_speed&quot;:&quot;0&quot;,&quot;title&quot;:&quot;&quot;,&quot;orientation&quot;:&quot;0&quot;}\" data-image-title=\"HEC-Serra\" data-image-description=\"\" data-medium-file=\"https:\/\/i0.wp.com\/nilljunior.com.br\/wp-content\/uploads\/2021\/03\/HEC-Serra.png?fit=300%2C185&amp;ssl=1\" data-large-file=\"https:\/\/i0.wp.com\/nilljunior.com.br\/wp-content\/uploads\/2021\/03\/HEC-Serra.png?fit=597%2C369&amp;ssl=1\" \/><\/a><span style=\"font-family: arial, helvetica, sans-serif;\">Munic\u00edpio confirmou mais dois \u00f3bitos por Covid-19 e totaliza 127<\/span><\/i><\/b><\/span><\/p>\n<p style=\"text-align: justify;\"><span style=\"font-size: 14pt; font-family: arial, helvetica, sans-serif;\">A Secretaria de Sa\u00fade de Serra Talhada informou no boletim epidemiol\u00f3gico desta segunda-feira (12) que o munic\u00edpio atingiu a marca dos 7.635 pacientes recuperados da Covid-19.<\/span><\/p>\n<p style=\"text-align: justify;\"><span style=\"font-size: 14pt; font-family: arial, helvetica, sans-serif;\">Foram confirmados 37 novos casos positivos da doen\u00e7a nas \u00faltimas 72 horas, diagnosticados atrav\u00e9s de 11 testes r\u00e1pidos, 22 resultados de Swab e 4 exames particulares, sendo 15 pacientes do sexo masculino e 22 do sexo feminino, com idades entre 10 e 87 anos.<\/span><\/p>\n<p style=\"text-align: justify;\"><span style=\"font-size: 14pt; font-family: arial, helvetica, sans-serif;\">O munic\u00edpio tem 226 casos em investiga\u00e7\u00e3o, 38.087 casos descartados, 7.880 casos confirmados, 93 pacientes em isolamento domiciliar, 25 pacientes em internamento hospitalar, 118 casos ativos e 127 \u00f3bitos.<\/span><\/p>\n<p style=\"text-align: justify;\"><span style=\"font-size: 14pt; font-family: arial, helvetica, sans-serif;\">O 126\u00ba \u00f3bito se trata de paciente masculino, 73 anos, morador do bairro da Fazenda Olho D\u2019\u00e1gua. O paciente apresentava comorbidades (hipertens\u00e3o e diabetes), e faleceu no dia 09\/04\/2021, no Hospital Eduardo Campos.<\/span><\/p>\n<p style=\"text-align: justify;\"><span style=\"font-size: 14pt; font-family: arial, helvetica, sans-serif;\">O 127\u00ba \u00f3bito se trata de paciente feminino, 75 anos, moradora do Centro da cidade. A paciente apresentava comorbidades (doen\u00e7a vascular cr\u00f4nica e hipertens\u00e3o), e faleceu no dia 09\/04\/2021, no Hospital Eduardo Campos.<\/span><\/p>\n<p style=\"text-align: justify;\"><span style=\"font-size: 14pt; font-family: arial, helvetica, sans-serif;\">INTERNAMENTOS:<\/span><\/p>\n<p style=\"text-align: justify;\"><span style=\"font-size: 14pt; font-family: arial, helvetica, sans-serif;\">A cidade de Serra Talhada tem nesta segunda-feira (12) um total de 86 pacientes internados, incluindo pacientes de Serra Talhada e de outras cidades pernambucanas.<\/span><\/p>\n<p style=\"text-align: justify;\"><span style=\"font-size: 14pt; font-family: arial, helvetica, sans-serif;\">O Hospital Eduardo Campos est\u00e1 com 97% de ocupa\u00e7\u00e3o, com 3 pacientes em leitos cl\u00ednicos e 68 na UTI. Destes, s\u00e3o 2 serra-talhadenses em leitos cl\u00ednicos e 11 na UTI.<\/span><\/p>\n<p style=\"text-align: justify;\"><span style=\"font-size: 14pt; font-family: arial, helvetica, sans-serif;\">O HOSPAM est\u00e1 com 100% de ocupa\u00e7\u00e3o, sendo 10 pacientes internados na UTI. Destes pacientes, 7 s\u00e3o de Serra Talhada.<\/span><\/p>\n<p style=\"text-align: justify;\"><span style=\"font-size: 14pt; font-family: arial, helvetica, sans-serif;\">Nos Leitos de Retaguarda do Hospital S\u00e3o Jos\u00e9 h\u00e1 5 serra-talhadenses internados.<\/span><\/p>\n<p style=\"text-align: justify;\"><span style=\"font-size: 14pt; font-family: arial, helvetica, sans-serif;\">\u201cPortanto, temos 25 pacientes serra-talhadenses internados, sendo 18 na UTI\u201d, informou a Secretaria de Sa\u00fade no boletim.<\/span><\/p>\n","protected":false},"excerpt":{"rendered":"<p>Munic&iacute;pio confirmou mais dois &oacute;bitos por Covid-19 e totaliza 127 A Secretaria de Sa&uacute;de de Serra Talhada informou no boletim epidemiol&oacute;gico desta segunda-feira (12) que o munic&iacute;pio atingiu a marca dos 7.635 pacientes recuperados da Covid-19. Foram confirmados 37 novos casos positivos da doen&ccedil;a nas &uacute;ltimas 72 horas, diagnosticados atrav&eacute;s de 11 testes r&aacute;pidos, 22 resultados de Swab e 4 exames particulares, sendo 15 pacientes do sexo masculino e 22 do sexo feminino, com idades entre 10 e 87 anos. O munic&iacute;pio tem 226 casos em investiga&ccedil;&atilde;o, 38.087 casos descartados, 7.880 casos confirmados, 93 pacientes em isolamento domiciliar, 25 pacientes &#8230; <\/p>\n<p class=\"read-more-container\"><a title=\"Serra Talhada: HEC est\u00e1 com 97% de leitos ocupados. Hospam tem 100%\" class=\"read-more button\" href=\"https:\/\/blogdojuniorcavalcanti.com.br\/index.php\/2021\/04\/13\/serra-talhada-hec-esta-com-97-de-leitos-ocupados-hospam-tem-100\/#more-10733\" aria-label=\"More on Serra Talhada: HEC est\u00e1 com 97% de leitos ocupados. Hospam tem 100%\">Leia mais<\/a><\/p>\n","protected":false},"author":2,"featured_media":0,"comment_status":"open","ping_status":"open","sticky":false,"template":"","format":"standard","meta":{"footnotes":""},"categories":[1],"tags":[],"class_list":["post-10733","post","type-post","status-publish","format-standard","hentry","category-sem-categoria"],"_links":{"self":[{"href":"https:\/\/blogdojuniorcavalcanti.com.br\/index.php\/wp-json\/wp\/v2\/posts\/10733","targetHints":{"allow":["GET"]}}],"collection":[{"href":"https:\/\/blogdojuniorcavalcanti.com.br\/index.php\/wp-json\/wp\/v2\/posts"}],"about":[{"href":"https:\/\/blogdojuniorcavalcanti.com.br\/index.php\/wp-json\/wp\/v2\/types\/post"}],"author":[{"embeddable":true,"href":"https:\/\/blogdojuniorcavalcanti.com.br\/index.php\/wp-json\/wp\/v2\/users\/2"}],"replies":[{"embeddable":true,"href":"https:\/\/blogdojuniorcavalcanti.com.br\/index.php\/wp-json\/wp\/v2\/comments?post=10733"}],"version-history":[{"count":1,"href":"https:\/\/blogdojuniorcavalcanti.com.br\/index.php\/wp-json\/wp\/v2\/posts\/10733\/revisions"}],"predecessor-version":[{"id":10734,"href":"https:\/\/blogdojuniorcavalcanti.com.br\/index.php\/wp-json\/wp\/v2\/posts\/10733\/revisions\/10734"}],"wp:attachment":[{"href":"https:\/\/blogdojuniorcavalcanti.com.br\/index.php\/wp-json\/wp\/v2\/media?parent=10733"}],"wp:term":[{"taxonomy":"category","embeddable":true,"href":"https:\/\/blogdojuniorcavalcanti.com.br\/index.php\/wp-json\/wp\/v2\/categories?post=10733"},{"taxonomy":"post_tag","embeddable":true,"href":"https:\/\/blogdojuniorcavalcanti.com.br\/index.php\/wp-json\/wp\/v2\/tags?post=10733"}],"curies":[{"name":"wp","href":"https:\/\/api.w.org\/{rel}","templated":true}]}}