{"id":10962,"date":"2021-05-14T06:10:32","date_gmt":"2021-05-14T09:10:32","guid":{"rendered":"http:\/\/blogdojuniorcavalcanti.com.br\/?p=10962"},"modified":"2021-05-14T06:10:32","modified_gmt":"2021-05-14T09:10:32","slug":"fuga-e-registrada-na-cadeia-publica-de-serra-talhada","status":"publish","type":"post","link":"https:\/\/blogdojuniorcavalcanti.com.br\/index.php\/2021\/05\/14\/fuga-e-registrada-na-cadeia-publica-de-serra-talhada\/","title":{"rendered":"Fuga \u00e9 registrada na Cadeia P\u00fablica de Serra Talhada"},"content":{"rendered":"<p style=\"text-align: justify;\"><span style=\"font-size: 14pt;\"><img fetchpriority=\"high\" decoding=\"async\" class=\"alignleft wp-image-203524\" src=\"https:\/\/i1.wp.com\/nilljunior.com.br\/wp-content\/uploads\/2021\/05\/IMG-20210513-WA0313.jpg?resize=400%2C245&amp;ssl=1\" sizes=\"(max-width: 400px) 100vw, 400px\" srcset=\"https:\/\/i1.wp.com\/nilljunior.com.br\/wp-content\/uploads\/2021\/05\/IMG-20210513-WA0313.jpg?w=540&amp;ssl=1 540w, https:\/\/i1.wp.com\/nilljunior.com.br\/wp-content\/uploads\/2021\/05\/IMG-20210513-WA0313.jpg?resize=300%2C184&amp;ssl=1 300w\" alt=\"\" width=\"400\" height=\"245\" data-attachment-id=\"203524\" data-permalink=\"https:\/\/nilljunior.com.br\/fuga-e-registrada-na-cadeia-publica-de-serra-talhada\/img-20210513-wa0313\/\" data-orig-file=\"https:\/\/i1.wp.com\/nilljunior.com.br\/wp-content\/uploads\/2021\/05\/IMG-20210513-WA0313.jpg?fit=540%2C331&amp;ssl=1\" data-orig-size=\"540,331\" data-comments-opened=\"1\" data-image-meta=\"{&quot;aperture&quot;:&quot;0&quot;,&quot;credit&quot;:&quot;&quot;,&quot;camera&quot;:&quot;&quot;,&quot;caption&quot;:&quot;&quot;,&quot;created_timestamp&quot;:&quot;0&quot;,&quot;copyright&quot;:&quot;&quot;,&quot;focal_length&quot;:&quot;0&quot;,&quot;iso&quot;:&quot;0&quot;,&quot;shutter_speed&quot;:&quot;0&quot;,&quot;title&quot;:&quot;&quot;,&quot;orientation&quot;:&quot;0&quot;}\" data-image-title=\"IMG-20210513-WA0313\" data-image-description=\"\" data-medium-file=\"https:\/\/i1.wp.com\/nilljunior.com.br\/wp-content\/uploads\/2021\/05\/IMG-20210513-WA0313.jpg?fit=300%2C184&amp;ssl=1\" data-large-file=\"https:\/\/i1.wp.com\/nilljunior.com.br\/wp-content\/uploads\/2021\/05\/IMG-20210513-WA0313.jpg?fit=540%2C331&amp;ssl=1\" \/><span style=\"font-family: arial, helvetica, sans-serif;\">Uma fuga de detentos foi registrada na Cadeia P\u00fablica de Serra Talhada na noite desta quinta (13).<\/span><\/span><\/p>\n<p style=\"text-align: justify;\"><span style=\"font-size: 14pt; font-family: arial, helvetica, sans-serif;\">Um alerta foi feito nas redes sociais para quem mora pr\u00f3ximo \u00e0 Cadeia Municipal.<\/span><\/p>\n<p style=\"text-align: justify;\"><span style=\"font-size: 14pt; font-family: arial, helvetica, sans-serif;\">\u201cAlguns presidi\u00e1rios fugiram e est\u00e3o pelas redondezas do Bom Jesus, Malhada, Baixa Renda e Borborema\u201d. A pol\u00edcia foi acionada.<\/span><\/p>\n<p style=\"text-align: justify;\"><span style=\"font-size: 14pt; font-family: arial, helvetica, sans-serif;\">Segundo a Cultura FM em sua rede social,\u00a0 fala-se em cerca de 20 a 25 detentos que teriam fugido. Os presos teriam arrombado as depend\u00eancias do estabelecimento prisional.<\/span><\/p>\n<p style=\"text-align: justify;\"><span style=\"font-size: 14pt; font-family: arial, helvetica, sans-serif;\">Em abril de 2018, uma rebeli\u00e3o aconteceu no na Cadeia. Os detentos destru\u00edram celas e queimaram colch\u00f5es do pres\u00eddio.<\/span><\/p>\n<p style=\"text-align: justify;\"><span style=\"font-size: 14pt; font-family: arial, helvetica, sans-serif;\">Todos os 79 presos tiveram que ser transferidos para unidades pr\u00f3ximas at\u00e9 que os reparos fossem realizados pelo setor de engenharia da Secretaria de Ressocializa\u00e7\u00e3o.<\/span><\/p>\n","protected":false},"excerpt":{"rendered":"<p>Uma fuga de detentos foi registrada na Cadeia P&uacute;blica de Serra Talhada na noite desta quinta (13). Um alerta foi feito nas redes sociais para quem mora pr&oacute;ximo &agrave; Cadeia Municipal. &ldquo;Alguns presidi&aacute;rios fugiram e est&atilde;o pelas redondezas do Bom Jesus, Malhada, Baixa Renda e Borborema&rdquo;. A pol&iacute;cia foi acionada. Segundo a Cultura FM em sua rede social,&nbsp; fala-se em cerca de 20 a 25 detentos que teriam fugido. Os presos teriam arrombado as depend&ecirc;ncias do estabelecimento prisional. Em abril de 2018, uma rebeli&atilde;o aconteceu no na Cadeia. Os detentos destru&iacute;ram celas e queimaram colch&otilde;es do pres&iacute;dio. Todos os 79 &#8230; <\/p>\n<p class=\"read-more-container\"><a title=\"Fuga \u00e9 registrada na Cadeia P\u00fablica de Serra Talhada\" class=\"read-more button\" href=\"https:\/\/blogdojuniorcavalcanti.com.br\/index.php\/2021\/05\/14\/fuga-e-registrada-na-cadeia-publica-de-serra-talhada\/#more-10962\" aria-label=\"More on Fuga \u00e9 registrada na Cadeia P\u00fablica de Serra Talhada\">Leia mais<\/a><\/p>\n","protected":false},"author":2,"featured_media":0,"comment_status":"open","ping_status":"open","sticky":false,"template":"","format":"standard","meta":{"footnotes":""},"categories":[1],"tags":[],"class_list":["post-10962","post","type-post","status-publish","format-standard","hentry","category-sem-categoria"],"_links":{"self":[{"href":"https:\/\/blogdojuniorcavalcanti.com.br\/index.php\/wp-json\/wp\/v2\/posts\/10962","targetHints":{"allow":["GET"]}}],"collection":[{"href":"https:\/\/blogdojuniorcavalcanti.com.br\/index.php\/wp-json\/wp\/v2\/posts"}],"about":[{"href":"https:\/\/blogdojuniorcavalcanti.com.br\/index.php\/wp-json\/wp\/v2\/types\/post"}],"author":[{"embeddable":true,"href":"https:\/\/blogdojuniorcavalcanti.com.br\/index.php\/wp-json\/wp\/v2\/users\/2"}],"replies":[{"embeddable":true,"href":"https:\/\/blogdojuniorcavalcanti.com.br\/index.php\/wp-json\/wp\/v2\/comments?post=10962"}],"version-history":[{"count":1,"href":"https:\/\/blogdojuniorcavalcanti.com.br\/index.php\/wp-json\/wp\/v2\/posts\/10962\/revisions"}],"predecessor-version":[{"id":10963,"href":"https:\/\/blogdojuniorcavalcanti.com.br\/index.php\/wp-json\/wp\/v2\/posts\/10962\/revisions\/10963"}],"wp:attachment":[{"href":"https:\/\/blogdojuniorcavalcanti.com.br\/index.php\/wp-json\/wp\/v2\/media?parent=10962"}],"wp:term":[{"taxonomy":"category","embeddable":true,"href":"https:\/\/blogdojuniorcavalcanti.com.br\/index.php\/wp-json\/wp\/v2\/categories?post=10962"},{"taxonomy":"post_tag","embeddable":true,"href":"https:\/\/blogdojuniorcavalcanti.com.br\/index.php\/wp-json\/wp\/v2\/tags?post=10962"}],"curies":[{"name":"wp","href":"https:\/\/api.w.org\/{rel}","templated":true}]}}