{"id":11085,"date":"2021-05-21T06:40:42","date_gmt":"2021-05-21T09:40:42","guid":{"rendered":"http:\/\/blogdojuniorcavalcanti.com.br\/?p=11085"},"modified":"2021-05-21T06:40:42","modified_gmt":"2021-05-21T09:40:42","slug":"stf-suspende-julgamento-sobre-demissoes-em-massa","status":"publish","type":"post","link":"https:\/\/blogdojuniorcavalcanti.com.br\/index.php\/2021\/05\/21\/stf-suspende-julgamento-sobre-demissoes-em-massa\/","title":{"rendered":"STF suspende julgamento sobre demiss\u00f5es em massa"},"content":{"rendered":"<p style=\"text-align: justify;\"><span style=\"font-size: 14pt; font-family: arial, helvetica, sans-serif;\"><img fetchpriority=\"high\" decoding=\"async\" class=\"aligncenter\" src=\"http:\/\/afogadosfm.com.br\/afogadosfm\/wp-content\/uploads\/2018\/09\/carteira-de-trabalho.jpg\" width=\"558\" height=\"339\" \/>Um pedido de vistas do ministro Dias Toffolli suspendeu o julgamento que vai definir se a negocia\u00e7\u00e3o pr\u00e9via entre empresas e sindicatos \u00e9 obrigat\u00f3ria nos casos de demiss\u00f5es em massa. N\u00e3o h\u00e1 data para retomada da an\u00e1lise do recurso da Embraer contra a decis\u00e3o do Tribunal Superior do Trabalho (TST), que garantiu a negocia\u00e7\u00e3o coletiva entre empregadores e sindicatos quando ocorre demiss\u00e3o em massa.<\/span><\/p>\n<p style=\"text-align: justify;\"><span style=\"font-size: 14pt; font-family: arial, helvetica, sans-serif;\">Na quarta-feira, o relator do processo, ministro Marco Aur\u00e9lio Mello, acatou o recurso da empresa contra a decis\u00e3o do TST. Ele entendeu que a reforma trabalhista e a constitui\u00e7\u00e3o permitem a demiss\u00e3o coletiva sem negocia\u00e7\u00e3o com os sindicatos. O voto foi acompanhado pelos ministros Nunes Marques e Alexandre de Morais.<\/span><\/p>\n<p style=\"text-align: justify;\"><span style=\"font-size: 14pt; font-family: arial, helvetica, sans-serif;\">Nesta quinta-feira, o ministro Lu\u00eds Roberto Barroso seguiu a diverg\u00eancia aberta pelo ministro Edson Fachin, pela manuten\u00e7\u00e3o da decis\u00e3o do TST favor\u00e1vel \u00e0 negocia\u00e7\u00e3o coletiva quando as empresas promovem demiss\u00f5es em massa.<\/span><\/p>\n<p style=\"text-align: justify;\"><span style=\"font-size: 14pt; font-family: arial, helvetica, sans-serif;\">Barroso considerou que as demiss\u00f5es coletiva s\u00e3o socialmente relevante, sendo leg\u00edtimo e desej\u00e1vel a participa\u00e7\u00e3o dos sindicatos, o que n\u00e3o impede a dispensa dos empregados, mas garante melhores condi\u00e7\u00f5es aos trabalhadores.<\/span><\/p>\n<p style=\"text-align: justify;\"><span style=\"font-size: 14pt; font-family: arial, helvetica, sans-serif;\">Ap\u00f3s o voto de Barroso, o julgamento foi suspenso pelo pedido de vista de Dias Toffoli. O prazo para retorno de pauta do processo \u00e9 de 30 dias, contado da data da publica\u00e7\u00e3o da ata de julgamento, podendo ainda ser prorrogado pelo mesmo per\u00edodo.<\/span><\/p>\n","protected":false},"excerpt":{"rendered":"<p>Um pedido de vistas do ministro Dias Toffolli suspendeu o julgamento que vai definir se a negocia&ccedil;&atilde;o pr&eacute;via entre empresas e sindicatos &eacute; obrigat&oacute;ria nos casos de demiss&otilde;es em massa. N&atilde;o h&aacute; data para retomada da an&aacute;lise do recurso da Embraer contra a decis&atilde;o do Tribunal Superior do Trabalho (TST), que garantiu a negocia&ccedil;&atilde;o coletiva entre empregadores e sindicatos quando ocorre demiss&atilde;o em massa. Na quarta-feira, o relator do processo, ministro Marco Aur&eacute;lio Mello, acatou o recurso da empresa contra a decis&atilde;o do TST. Ele entendeu que a reforma trabalhista e a constitui&ccedil;&atilde;o permitem a demiss&atilde;o coletiva sem negocia&ccedil;&atilde;o com &#8230; <\/p>\n<p class=\"read-more-container\"><a title=\"STF suspende julgamento sobre demiss\u00f5es em massa\" class=\"read-more button\" href=\"https:\/\/blogdojuniorcavalcanti.com.br\/index.php\/2021\/05\/21\/stf-suspende-julgamento-sobre-demissoes-em-massa\/#more-11085\" aria-label=\"More on STF suspende julgamento sobre demiss\u00f5es em massa\">Leia mais<\/a><\/p>\n","protected":false},"author":2,"featured_media":0,"comment_status":"open","ping_status":"open","sticky":false,"template":"","format":"standard","meta":{"footnotes":""},"categories":[1],"tags":[],"class_list":["post-11085","post","type-post","status-publish","format-standard","hentry","category-sem-categoria"],"_links":{"self":[{"href":"https:\/\/blogdojuniorcavalcanti.com.br\/index.php\/wp-json\/wp\/v2\/posts\/11085","targetHints":{"allow":["GET"]}}],"collection":[{"href":"https:\/\/blogdojuniorcavalcanti.com.br\/index.php\/wp-json\/wp\/v2\/posts"}],"about":[{"href":"https:\/\/blogdojuniorcavalcanti.com.br\/index.php\/wp-json\/wp\/v2\/types\/post"}],"author":[{"embeddable":true,"href":"https:\/\/blogdojuniorcavalcanti.com.br\/index.php\/wp-json\/wp\/v2\/users\/2"}],"replies":[{"embeddable":true,"href":"https:\/\/blogdojuniorcavalcanti.com.br\/index.php\/wp-json\/wp\/v2\/comments?post=11085"}],"version-history":[{"count":1,"href":"https:\/\/blogdojuniorcavalcanti.com.br\/index.php\/wp-json\/wp\/v2\/posts\/11085\/revisions"}],"predecessor-version":[{"id":11086,"href":"https:\/\/blogdojuniorcavalcanti.com.br\/index.php\/wp-json\/wp\/v2\/posts\/11085\/revisions\/11086"}],"wp:attachment":[{"href":"https:\/\/blogdojuniorcavalcanti.com.br\/index.php\/wp-json\/wp\/v2\/media?parent=11085"}],"wp:term":[{"taxonomy":"category","embeddable":true,"href":"https:\/\/blogdojuniorcavalcanti.com.br\/index.php\/wp-json\/wp\/v2\/categories?post=11085"},{"taxonomy":"post_tag","embeddable":true,"href":"https:\/\/blogdojuniorcavalcanti.com.br\/index.php\/wp-json\/wp\/v2\/tags?post=11085"}],"curies":[{"name":"wp","href":"https:\/\/api.w.org\/{rel}","templated":true}]}}