{"id":11290,"date":"2021-06-07T06:11:40","date_gmt":"2021-06-07T09:11:40","guid":{"rendered":"http:\/\/blogdojuniorcavalcanti.com.br\/?p=11290"},"modified":"2021-06-07T06:11:40","modified_gmt":"2021-06-07T09:11:40","slug":"afogados-amplia-vacinacao-de-trabalhadores-em-educacao","status":"publish","type":"post","link":"https:\/\/blogdojuniorcavalcanti.com.br\/index.php\/2021\/06\/07\/afogados-amplia-vacinacao-de-trabalhadores-em-educacao\/","title":{"rendered":"Afogados amplia vacina\u00e7\u00e3o de trabalhadores em educa\u00e7\u00e3o"},"content":{"rendered":"<p style=\"text-align: justify;\"><span style=\"font-size: 14pt;\"><b><i><a href=\"https:\/\/i0.wp.com\/nilljunior.com.br\/wp-content\/uploads\/2021\/05\/vacina-covid.jpg?ssl=1\"><img fetchpriority=\"high\" decoding=\"async\" class=\"alignleft wp-image-204520\" src=\"https:\/\/i0.wp.com\/nilljunior.com.br\/wp-content\/uploads\/2021\/05\/vacina-covid.jpg?resize=400%2C266&amp;ssl=1\" sizes=\"(max-width: 400px) 100vw, 400px\" srcset=\"https:\/\/i0.wp.com\/nilljunior.com.br\/wp-content\/uploads\/2021\/05\/vacina-covid.jpg?w=1280&amp;ssl=1 1280w, https:\/\/i0.wp.com\/nilljunior.com.br\/wp-content\/uploads\/2021\/05\/vacina-covid.jpg?resize=150%2C100&amp;ssl=1 150w, https:\/\/i0.wp.com\/nilljunior.com.br\/wp-content\/uploads\/2021\/05\/vacina-covid.jpg?resize=300%2C200&amp;ssl=1 300w, https:\/\/i0.wp.com\/nilljunior.com.br\/wp-content\/uploads\/2021\/05\/vacina-covid.jpg?resize=768%2C511&amp;ssl=1 768w, https:\/\/i0.wp.com\/nilljunior.com.br\/wp-content\/uploads\/2021\/05\/vacina-covid.jpg?resize=600%2C400&amp;ssl=1 600w\" alt=\"\" width=\"400\" height=\"267\" data-attachment-id=\"204520\" data-permalink=\"https:\/\/nilljunior.com.br\/serra-talhada-anuncia-vacinacao-de-pessoas-acima-de-18-anos-com-comorbidades-e-deficiencia-permanente\/vacina-covid-2\/\" data-orig-file=\"https:\/\/i0.wp.com\/nilljunior.com.br\/wp-content\/uploads\/2021\/05\/vacina-covid.jpg?fit=1280%2C852&amp;ssl=1\" data-orig-size=\"1280,852\" data-comments-opened=\"1\" data-image-meta=\"{&quot;aperture&quot;:&quot;0&quot;,&quot;credit&quot;:&quot;&quot;,&quot;camera&quot;:&quot;&quot;,&quot;caption&quot;:&quot;&quot;,&quot;created_timestamp&quot;:&quot;0&quot;,&quot;copyright&quot;:&quot;&quot;,&quot;focal_length&quot;:&quot;0&quot;,&quot;iso&quot;:&quot;0&quot;,&quot;shutter_speed&quot;:&quot;0&quot;,&quot;title&quot;:&quot;&quot;,&quot;orientation&quot;:&quot;0&quot;}\" data-image-title=\"vacina-covid\" data-image-description=\"\" data-medium-file=\"https:\/\/i0.wp.com\/nilljunior.com.br\/wp-content\/uploads\/2021\/05\/vacina-covid.jpg?fit=300%2C200&amp;ssl=1\" data-large-file=\"https:\/\/i0.wp.com\/nilljunior.com.br\/wp-content\/uploads\/2021\/05\/vacina-covid.jpg?fit=600%2C400&amp;ssl=1\" \/><\/a><span style=\"font-family: arial, helvetica, sans-serif;\">Ser\u00e3o vacinados trabalhadores a partir dos 40 anos<\/span><\/i><\/b><\/span><\/p>\n<p style=\"text-align: justify;\"><span style=\"font-size: 14pt; font-family: arial, helvetica, sans-serif;\">Tem in\u00edcio nesta segunda-feira (7), o mutir\u00e3o para intensificar a vacina\u00e7\u00e3o dos trabalhadores em educa\u00e7\u00e3o de Afogados da Ingazeira.\u00a0<\/span><\/p>\n<p style=\"text-align: justify;\"><span style=\"font-size: 14pt; font-family: arial, helvetica, sans-serif;\">Ser\u00e3o vacinados trabalhadores a partir dos 40 anos, tendo em vista que o munic\u00edpio recebeu pouco mais da metade da quantidade necess\u00e1ria para vacinar todos os profissionais.\u00a0<\/span><\/p>\n<p style=\"text-align: justify;\"><span style=\"font-size: 14pt; font-family: arial, helvetica, sans-serif;\">\u201cA Prefeitura est\u00e1 solicitando ao governo do estado as doses adicionais para prosseguirmos com a vacina\u00e7\u00e3o dos profissionais de educa\u00e7\u00e3o das demais faixas et\u00e1rias,\u201d destacou a secret\u00e1ria de educa\u00e7\u00e3o de Afogados Wivianne Fonseca.\u00a0<\/span><\/p>\n<p style=\"text-align: justify;\"><span style=\"font-size: 14pt; font-family: arial, helvetica, sans-serif;\">A vacina\u00e7\u00e3o ocorrer\u00e1 na quadra coberta da Escola Maria Gizelda. Confira os hor\u00e1rios de acordo com a rede de ensino:\u00a0<\/span><\/p>\n<p style=\"text-align: justify;\"><span style=\"font-size: 14pt; font-family: arial, helvetica, sans-serif;\"><b>Segunda \u2013 14h \u00e0s 18h \u2013\u00a0<\/b>Trabalhadores em educa\u00e7\u00e3o das rede p\u00fablica municipal de ensino e rede privada.\u00a0<\/span><\/p>\n<p style=\"text-align: justify;\"><span style=\"font-size: 14pt; font-family: arial, helvetica, sans-serif;\"><b>Ter\u00e7a \u2013 8h \u00e0s 12h \/ 14h \u00e0s 18h \u2013\u00a0<\/b>Trabalhadores em educa\u00e7\u00e3o da rede p\u00fablica estadual e institui\u00e7\u00f5es de ensinos t\u00e9cnico e superior (FASP, IFPE e institui\u00e7\u00f5es de ensino \u00e0 dist\u00e2ncia).<\/span><\/p>\n<p style=\"text-align: justify;\"><span style=\"font-size: 14pt; font-family: arial, helvetica, sans-serif;\">Para se vacinar, ser\u00e1 necess\u00e1ria apresenta\u00e7\u00e3o de identidade, cart\u00e3o do SUS e uma declara\u00e7\u00e3o da escola que atua comprovando o v\u00ednculo.<\/span><\/p>\n","protected":false},"excerpt":{"rendered":"<p>Ser&atilde;o vacinados trabalhadores a partir dos 40 anos Tem in&iacute;cio nesta segunda-feira (7), o mutir&atilde;o para intensificar a vacina&ccedil;&atilde;o dos trabalhadores em educa&ccedil;&atilde;o de Afogados da Ingazeira.&nbsp; Ser&atilde;o vacinados trabalhadores a partir dos 40 anos, tendo em vista que o munic&iacute;pio recebeu pouco mais da metade da quantidade necess&aacute;ria para vacinar todos os profissionais.&nbsp; &ldquo;A Prefeitura est&aacute; solicitando ao governo do estado as doses adicionais para prosseguirmos com a vacina&ccedil;&atilde;o dos profissionais de educa&ccedil;&atilde;o das demais faixas et&aacute;rias,&rdquo; destacou a secret&aacute;ria de educa&ccedil;&atilde;o de Afogados Wivianne Fonseca.&nbsp; A vacina&ccedil;&atilde;o ocorrer&aacute; na quadra coberta da Escola Maria Gizelda. Confira os hor&aacute;rios &#8230; <\/p>\n<p class=\"read-more-container\"><a title=\"Afogados amplia vacina\u00e7\u00e3o de trabalhadores em educa\u00e7\u00e3o\" class=\"read-more button\" href=\"https:\/\/blogdojuniorcavalcanti.com.br\/index.php\/2021\/06\/07\/afogados-amplia-vacinacao-de-trabalhadores-em-educacao\/#more-11290\" aria-label=\"More on Afogados amplia vacina\u00e7\u00e3o de trabalhadores em educa\u00e7\u00e3o\">Leia mais<\/a><\/p>\n","protected":false},"author":2,"featured_media":0,"comment_status":"open","ping_status":"open","sticky":false,"template":"","format":"standard","meta":{"footnotes":""},"categories":[1],"tags":[],"class_list":["post-11290","post","type-post","status-publish","format-standard","hentry","category-sem-categoria"],"_links":{"self":[{"href":"https:\/\/blogdojuniorcavalcanti.com.br\/index.php\/wp-json\/wp\/v2\/posts\/11290","targetHints":{"allow":["GET"]}}],"collection":[{"href":"https:\/\/blogdojuniorcavalcanti.com.br\/index.php\/wp-json\/wp\/v2\/posts"}],"about":[{"href":"https:\/\/blogdojuniorcavalcanti.com.br\/index.php\/wp-json\/wp\/v2\/types\/post"}],"author":[{"embeddable":true,"href":"https:\/\/blogdojuniorcavalcanti.com.br\/index.php\/wp-json\/wp\/v2\/users\/2"}],"replies":[{"embeddable":true,"href":"https:\/\/blogdojuniorcavalcanti.com.br\/index.php\/wp-json\/wp\/v2\/comments?post=11290"}],"version-history":[{"count":1,"href":"https:\/\/blogdojuniorcavalcanti.com.br\/index.php\/wp-json\/wp\/v2\/posts\/11290\/revisions"}],"predecessor-version":[{"id":11291,"href":"https:\/\/blogdojuniorcavalcanti.com.br\/index.php\/wp-json\/wp\/v2\/posts\/11290\/revisions\/11291"}],"wp:attachment":[{"href":"https:\/\/blogdojuniorcavalcanti.com.br\/index.php\/wp-json\/wp\/v2\/media?parent=11290"}],"wp:term":[{"taxonomy":"category","embeddable":true,"href":"https:\/\/blogdojuniorcavalcanti.com.br\/index.php\/wp-json\/wp\/v2\/categories?post=11290"},{"taxonomy":"post_tag","embeddable":true,"href":"https:\/\/blogdojuniorcavalcanti.com.br\/index.php\/wp-json\/wp\/v2\/tags?post=11290"}],"curies":[{"name":"wp","href":"https:\/\/api.w.org\/{rel}","templated":true}]}}