{"id":11315,"date":"2021-06-08T06:06:26","date_gmt":"2021-06-08T09:06:26","guid":{"rendered":"http:\/\/blogdojuniorcavalcanti.com.br\/?p=11315"},"modified":"2021-06-08T06:06:26","modified_gmt":"2021-06-08T09:06:26","slug":"sao-lourenco-da-mata-funcionario-da-celpe-e-assassinado-a-tiros","status":"publish","type":"post","link":"https:\/\/blogdojuniorcavalcanti.com.br\/index.php\/2021\/06\/08\/sao-lourenco-da-mata-funcionario-da-celpe-e-assassinado-a-tiros\/","title":{"rendered":"S\u00e3o Louren\u00e7o da Mata: funcion\u00e1rio da Celpe \u00e9 assassinado a tiros"},"content":{"rendered":"<p style=\"text-align: justify;\"><span style=\"font-size: 14pt; font-family: arial, helvetica, sans-serif;\"><strong><img decoding=\"async\" class=\"alignleft\" src=\"http:\/\/afogadosfm.com.br\/afogadosfm\/wp-content\/uploads\/2018\/07\/caso-policia.jpg\" \/>Um funcion\u00e1rio da Companhia Energ\u00e9tica de Pernambuco (Celpe) foi assassinado a tiros e outro ficou ferido enquanto trabalhavam em uma inspe\u00e7\u00e3o, na tarde desta segunda-feira (07), em S\u00e3o Louren\u00e7o da Mata, no Grande Recife. Por meio de nota, a Pol\u00edcia Civil informou que eles foram at\u00e9 um estabelecimento comercial para realizar o corte de eletricidade.<\/strong><\/span><\/p>\n<p style=\"text-align: justify;\"><span style=\"font-size: 14pt; font-family: arial, helvetica, sans-serif;\"><strong>O crime ocorreu na Avenida Oito de Maio, no bairro de Ch\u00e3 de T\u00e1bua. Os homens estavam dentro do carro da Celpe quando foram atingidos por disparos de arma de fogo. Ejanilson Severino Batista morreu no local e Wellington Jos\u00e9 Cardoso foi socorrido.<\/strong><\/span><\/p>\n<p style=\"text-align: justify;\"><span style=\"font-size: 14pt; font-family: arial, helvetica, sans-serif;\"><strong>O trabalhador foi levado para o Hospital Petronila Campos, em S\u00e3o Louren\u00e7o, e depois transferido para o Hospital Ot\u00e1vio de Freitas (HOF), no Recife. Segundo o HOF, o paciente deu entrada \u00e0s 14h55 com perfura\u00e7\u00e3o por arma de fogo.<\/strong><\/span><\/p>\n<p style=\"text-align: justify;\"><span style=\"font-size: 14pt; font-family: arial, helvetica, sans-serif;\"><strong>\u201cEle est\u00e1 internado e seu estado de sa\u00fade \u00e9 considerado est\u00e1vel. O paciente est\u00e1 consciente e orientado, recebendo todos os cuidados necess\u00e1rios para sua recupera\u00e7\u00e3o\u201d, disse o hospital, em nota.<\/strong><\/span><\/p>\n<p style=\"text-align: justify;\"><span style=\"font-size: 14pt; font-family: arial, helvetica, sans-serif;\"><strong>Tamb\u00e9m por nota, a pol\u00edcia disse que dois homens desconhecidos chegaram em uma motocicleta e realizaram disparos de arma de fogo contra as v\u00edtimas. \u201cAs investiga\u00e7\u00f5es foram iniciadas de imediato e seguem at\u00e9 total elucida\u00e7\u00e3o do crime\u201d, informou.<\/strong><\/span><\/p>\n<p style=\"text-align: justify;\"><span style=\"font-size: 14pt; font-family: arial, helvetica, sans-serif;\"><strong>A Celpe informou que os funcion\u00e1rios eram respons\u00e1veis pelo servi\u00e7o de inspe\u00e7\u00e3o. O trabalho consiste em fiscalizar medidores de energia, o gasto de energia das resid\u00eancia e tamb\u00e9m o funcionamento das redes el\u00e9tricas.<\/strong><\/span><\/p>\n<p style=\"text-align: justify;\"><span style=\"font-size: 14pt; font-family: arial, helvetica, sans-serif;\"><strong>A empresa lamentou o que aconteceu com os funcion\u00e1rios. Na nota, afirmou que \u201ccondena, veementemente, qualquer conduta violenta, sobretudo que atente contra a vida\u201d. A empresa tamb\u00e9m afirmou que est\u00e1 prestando apoio \u00e0 fam\u00edlia da v\u00edtima e ao colaborador hospitalizado.<\/strong><\/span><\/p>\n<p style=\"text-align: justify;\"><span style=\"font-size: 14pt; font-family: arial, helvetica, sans-serif;\"><strong>As marcas de pelo menos nove disparos podem ser vistas no ve\u00edculo da Celpe que era usado pelos funcion\u00e1rios. As investiga\u00e7\u00f5es foram iniciadas pelo Departamento de Homic\u00eddios e de Prote\u00e7\u00e3o \u00e0 Pessoa (DHPP). O delegado Victor Leite esteve no local do crime, mas n\u00e3o quis falar com a imprensa.<\/strong><\/span><\/p>\n","protected":false},"excerpt":{"rendered":"<p>Um funcion&aacute;rio da Companhia Energ&eacute;tica de Pernambuco (Celpe) foi assassinado a tiros e outro ficou ferido enquanto trabalhavam em uma inspe&ccedil;&atilde;o, na tarde desta segunda-feira (07), em S&atilde;o Louren&ccedil;o da Mata, no Grande Recife. Por meio de nota, a Pol&iacute;cia Civil informou que eles foram at&eacute; um estabelecimento comercial para realizar o corte de eletricidade. O crime ocorreu na Avenida Oito de Maio, no bairro de Ch&atilde; de T&aacute;bua. Os homens estavam dentro do carro da Celpe quando foram atingidos por disparos de arma de fogo. Ejanilson Severino Batista morreu no local e Wellington Jos&eacute; Cardoso foi socorrido. O trabalhador &#8230; <\/p>\n<p class=\"read-more-container\"><a title=\"S\u00e3o Louren\u00e7o da Mata: funcion\u00e1rio da Celpe \u00e9 assassinado a tiros\" class=\"read-more button\" href=\"https:\/\/blogdojuniorcavalcanti.com.br\/index.php\/2021\/06\/08\/sao-lourenco-da-mata-funcionario-da-celpe-e-assassinado-a-tiros\/#more-11315\" aria-label=\"More on S\u00e3o Louren\u00e7o da Mata: funcion\u00e1rio da Celpe \u00e9 assassinado a tiros\">Leia mais<\/a><\/p>\n","protected":false},"author":2,"featured_media":0,"comment_status":"open","ping_status":"open","sticky":false,"template":"","format":"standard","meta":{"footnotes":""},"categories":[1],"tags":[],"class_list":["post-11315","post","type-post","status-publish","format-standard","hentry","category-sem-categoria"],"_links":{"self":[{"href":"https:\/\/blogdojuniorcavalcanti.com.br\/index.php\/wp-json\/wp\/v2\/posts\/11315","targetHints":{"allow":["GET"]}}],"collection":[{"href":"https:\/\/blogdojuniorcavalcanti.com.br\/index.php\/wp-json\/wp\/v2\/posts"}],"about":[{"href":"https:\/\/blogdojuniorcavalcanti.com.br\/index.php\/wp-json\/wp\/v2\/types\/post"}],"author":[{"embeddable":true,"href":"https:\/\/blogdojuniorcavalcanti.com.br\/index.php\/wp-json\/wp\/v2\/users\/2"}],"replies":[{"embeddable":true,"href":"https:\/\/blogdojuniorcavalcanti.com.br\/index.php\/wp-json\/wp\/v2\/comments?post=11315"}],"version-history":[{"count":1,"href":"https:\/\/blogdojuniorcavalcanti.com.br\/index.php\/wp-json\/wp\/v2\/posts\/11315\/revisions"}],"predecessor-version":[{"id":11316,"href":"https:\/\/blogdojuniorcavalcanti.com.br\/index.php\/wp-json\/wp\/v2\/posts\/11315\/revisions\/11316"}],"wp:attachment":[{"href":"https:\/\/blogdojuniorcavalcanti.com.br\/index.php\/wp-json\/wp\/v2\/media?parent=11315"}],"wp:term":[{"taxonomy":"category","embeddable":true,"href":"https:\/\/blogdojuniorcavalcanti.com.br\/index.php\/wp-json\/wp\/v2\/categories?post=11315"},{"taxonomy":"post_tag","embeddable":true,"href":"https:\/\/blogdojuniorcavalcanti.com.br\/index.php\/wp-json\/wp\/v2\/tags?post=11315"}],"curies":[{"name":"wp","href":"https:\/\/api.w.org\/{rel}","templated":true}]}}