{"id":11372,"date":"2021-06-14T06:22:09","date_gmt":"2021-06-14T09:22:09","guid":{"rendered":"http:\/\/blogdojuniorcavalcanti.com.br\/?p=11372"},"modified":"2021-06-14T06:22:09","modified_gmt":"2021-06-14T09:22:09","slug":"governo-desviou-r-52-mi-de-publicidade-da-covid-para-propaganda-de-suas-acoes","status":"publish","type":"post","link":"https:\/\/blogdojuniorcavalcanti.com.br\/index.php\/2021\/06\/14\/governo-desviou-r-52-mi-de-publicidade-da-covid-para-propaganda-de-suas-acoes\/","title":{"rendered":"Governo desviou R$ 52 mi de publicidade da Covid para propaganda de suas a\u00e7\u00f5es"},"content":{"rendered":"<p style=\"text-align: justify;\"><span style=\"font-size: 14pt; font-family: arial, helvetica, sans-serif;\"><img fetchpriority=\"high\" decoding=\"async\" class=\"aligncenter\" src=\"http:\/\/afogadosfm.com.br\/afogadosfm\/wp-content\/uploads\/2021\/03\/bolsonarovacina-840x480.jpg\" width=\"597\" height=\"341\" \/>O governo Jair Bolsonaro desviou R$ 52 milh\u00f5es previstos para campanhas com pe\u00e7as informativas sobre o combate ao coronav\u00edrus para fazer propaganda institucional de a\u00e7\u00f5es do Executivo.<\/span><\/p>\n<p style=\"text-align: justify;\"><span style=\"font-size: 14pt; font-family: arial, helvetica, sans-serif;\">Os recursos foram alocados pela medida provis\u00f3ria 942, de abril de 2020. A MP abriu cr\u00e9ditos extraordin\u00e1rios para enfrentamento da pandemia dentro do chamado Or\u00e7amento de guerra, uma modalidade criada para atender despesas urgentes e imprevis\u00edveis. O mecanismo \u00e9 permitido em tr\u00eas situa\u00e7\u00f5es: guerra, como\u00e7\u00e3o interna ou calamidade, como \u00e9 o caso da crise sanit\u00e1ria causada pela Covid.<\/span><\/p>\n<p style=\"text-align: justify;\"><span style=\"font-size: 14pt; font-family: arial, helvetica, sans-serif;\">Pela justificativa da MP, o dinheiro reservado \u00e0 Secom (Secretaria Especial de Comunica\u00e7\u00e3o Social) tinha \u201co objetivo de informar \u00e0 popula\u00e7\u00e3o e minimizar os impactos decorrentes da prolifera\u00e7\u00e3o da doen\u00e7a\u201d, mas pe\u00e7as publicit\u00e1rias entregues \u00e0 CPI mostram que o dinheiro bancou a divulga\u00e7\u00e3o de feitos que rendem dividendos pol\u00edticos ao presidente, sem refer\u00eancias a medidas preventivas contra a Covid.<\/span><\/p>\n<p style=\"text-align: justify;\"><span style=\"font-size: 14pt; font-family: arial, helvetica, sans-serif;\">O desvio \u00e9 constado com base em cruzamento de dados enviados pela Secom ao jornal Folha de S.Paulo, por meio da LAI (Lei de Acesso \u00e0 Informa\u00e7\u00e3o), e \u00e0 CPI da Covid no Senado, al\u00e9m de requerimentos de informa\u00e7\u00e3o entregues \u00e0 C\u00e2mara.<\/span><br \/>\n<span style=\"font-size: 14pt; font-family: arial, helvetica, sans-serif;\">V\u00eddeos de 15 a 30 segundos, \u00e1udios e informativos foram veiculados em TV aberta e fechada, r\u00e1dio, internet e m\u00eddia exterior para enaltecer a libera\u00e7\u00e3o de recursos para pagamento de sal\u00e1rios em micro e pequenas empresas e repasses a estados e munic\u00edpios.<\/span><\/p>\n","protected":false},"excerpt":{"rendered":"<p>O governo Jair Bolsonaro desviou R$ 52 milh&otilde;es previstos para campanhas com pe&ccedil;as informativas sobre o combate ao coronav&iacute;rus para fazer propaganda institucional de a&ccedil;&otilde;es do Executivo. Os recursos foram alocados pela medida provis&oacute;ria 942, de abril de 2020. A MP abriu cr&eacute;ditos extraordin&aacute;rios para enfrentamento da pandemia dentro do chamado Or&ccedil;amento de guerra, uma modalidade criada para atender despesas urgentes e imprevis&iacute;veis. O mecanismo &eacute; permitido em tr&ecirc;s situa&ccedil;&otilde;es: guerra, como&ccedil;&atilde;o interna ou calamidade, como &eacute; o caso da crise sanit&aacute;ria causada pela Covid. Pela justificativa da MP, o dinheiro reservado &agrave; Secom (Secretaria Especial de Comunica&ccedil;&atilde;o Social) tinha &#8230; <\/p>\n<p class=\"read-more-container\"><a title=\"Governo desviou R$ 52 mi de publicidade da Covid para propaganda de suas a\u00e7\u00f5es\" class=\"read-more button\" href=\"https:\/\/blogdojuniorcavalcanti.com.br\/index.php\/2021\/06\/14\/governo-desviou-r-52-mi-de-publicidade-da-covid-para-propaganda-de-suas-acoes\/#more-11372\" aria-label=\"More on Governo desviou R$ 52 mi de publicidade da Covid para propaganda de suas a\u00e7\u00f5es\">Leia mais<\/a><\/p>\n","protected":false},"author":2,"featured_media":0,"comment_status":"open","ping_status":"open","sticky":false,"template":"","format":"standard","meta":{"footnotes":""},"categories":[1],"tags":[],"class_list":["post-11372","post","type-post","status-publish","format-standard","hentry","category-sem-categoria"],"_links":{"self":[{"href":"https:\/\/blogdojuniorcavalcanti.com.br\/index.php\/wp-json\/wp\/v2\/posts\/11372","targetHints":{"allow":["GET"]}}],"collection":[{"href":"https:\/\/blogdojuniorcavalcanti.com.br\/index.php\/wp-json\/wp\/v2\/posts"}],"about":[{"href":"https:\/\/blogdojuniorcavalcanti.com.br\/index.php\/wp-json\/wp\/v2\/types\/post"}],"author":[{"embeddable":true,"href":"https:\/\/blogdojuniorcavalcanti.com.br\/index.php\/wp-json\/wp\/v2\/users\/2"}],"replies":[{"embeddable":true,"href":"https:\/\/blogdojuniorcavalcanti.com.br\/index.php\/wp-json\/wp\/v2\/comments?post=11372"}],"version-history":[{"count":1,"href":"https:\/\/blogdojuniorcavalcanti.com.br\/index.php\/wp-json\/wp\/v2\/posts\/11372\/revisions"}],"predecessor-version":[{"id":11373,"href":"https:\/\/blogdojuniorcavalcanti.com.br\/index.php\/wp-json\/wp\/v2\/posts\/11372\/revisions\/11373"}],"wp:attachment":[{"href":"https:\/\/blogdojuniorcavalcanti.com.br\/index.php\/wp-json\/wp\/v2\/media?parent=11372"}],"wp:term":[{"taxonomy":"category","embeddable":true,"href":"https:\/\/blogdojuniorcavalcanti.com.br\/index.php\/wp-json\/wp\/v2\/categories?post=11372"},{"taxonomy":"post_tag","embeddable":true,"href":"https:\/\/blogdojuniorcavalcanti.com.br\/index.php\/wp-json\/wp\/v2\/tags?post=11372"}],"curies":[{"name":"wp","href":"https:\/\/api.w.org\/{rel}","templated":true}]}}