{"id":11420,"date":"2021-06-17T06:08:43","date_gmt":"2021-06-17T09:08:43","guid":{"rendered":"http:\/\/blogdojuniorcavalcanti.com.br\/?p=11420"},"modified":"2021-06-17T06:08:43","modified_gmt":"2021-06-17T09:08:43","slug":"julgamento-do-cacique-marquinhos-no-tse-e-suspenso","status":"publish","type":"post","link":"https:\/\/blogdojuniorcavalcanti.com.br\/index.php\/2021\/06\/17\/julgamento-do-cacique-marquinhos-no-tse-e-suspenso\/","title":{"rendered":"Julgamento do Cacique Marquinhos no TSE \u00e9 suspenso"},"content":{"rendered":"<p style=\"text-align: justify;\"><span style=\"font-size: 14pt;\"><strong><img fetchpriority=\"high\" decoding=\"async\" class=\"alignleft wp-image-206135\" src=\"https:\/\/i2.wp.com\/nilljunior.com.br\/wp-content\/uploads\/2021\/06\/images-2021-06-11T221619.029-1.jpeg?resize=400%2C300&amp;ssl=1\" sizes=\"(max-width: 400px) 100vw, 400px\" srcset=\"https:\/\/i2.wp.com\/nilljunior.com.br\/wp-content\/uploads\/2021\/06\/images-2021-06-11T221619.029-1.jpeg?resize=533%2C400&amp;ssl=1 533w, https:\/\/i2.wp.com\/nilljunior.com.br\/wp-content\/uploads\/2021\/06\/images-2021-06-11T221619.029-1.jpeg?resize=300%2C225&amp;ssl=1 300w, https:\/\/i2.wp.com\/nilljunior.com.br\/wp-content\/uploads\/2021\/06\/images-2021-06-11T221619.029-1.jpeg?w=640&amp;ssl=1 640w\" alt=\"\" width=\"400\" height=\"300\" data-attachment-id=\"206135\" data-permalink=\"https:\/\/nilljunior.com.br\/julgamento-do-cacique-marquinhos-no-tse-e-suspenso\/images-2021-06-11t221619-029-2\/\" data-orig-file=\"https:\/\/i2.wp.com\/nilljunior.com.br\/wp-content\/uploads\/2021\/06\/images-2021-06-11T221619.029-1.jpeg?fit=640%2C480&amp;ssl=1\" data-orig-size=\"640,480\" data-comments-opened=\"1\" data-image-meta=\"{&quot;aperture&quot;:&quot;0&quot;,&quot;credit&quot;:&quot;&quot;,&quot;camera&quot;:&quot;&quot;,&quot;caption&quot;:&quot;&quot;,&quot;created_timestamp&quot;:&quot;0&quot;,&quot;copyright&quot;:&quot;&quot;,&quot;focal_length&quot;:&quot;0&quot;,&quot;iso&quot;:&quot;0&quot;,&quot;shutter_speed&quot;:&quot;0&quot;,&quot;title&quot;:&quot;&quot;,&quot;orientation&quot;:&quot;0&quot;}\" data-image-title=\"images-2021-06-11T221619.029\" data-image-description=\"\" data-medium-file=\"https:\/\/i2.wp.com\/nilljunior.com.br\/wp-content\/uploads\/2021\/06\/images-2021-06-11T221619.029-1.jpeg?fit=300%2C225&amp;ssl=1\" data-large-file=\"https:\/\/i2.wp.com\/nilljunior.com.br\/wp-content\/uploads\/2021\/06\/images-2021-06-11T221619.029-1.jpeg?fit=533%2C400&amp;ssl=1\" \/><span style=\"font-family: arial, helvetica, sans-serif;\">Primeira M\u00e3o\u00a0<\/span><\/strong><\/span><\/p>\n<p style=\"text-align: justify;\"><span style=\"font-size: 14pt; font-family: arial, helvetica, sans-serif;\">O Tribunal Superior Eleitoral (TSE) suspendeu o julgamento do Recurso Especial Eleitoral (Processo n\u00ba 0600136-96.2020.6.17.0055) que trata da inelegibilidade do prefeito ind\u00edgena eleito da cidade de Pesqueira (PE), Cacique Marquinhos Xucuru (Republicanos), que venceu as elei\u00e7\u00f5es municipais na cidade com 51% dos votos v\u00e1lidos.<\/span><\/p>\n<p style=\"text-align: justify;\"><span style=\"font-size: 14pt; font-family: arial, helvetica, sans-serif;\">O relator do caso no TSE, ministro S\u00e9rgio Banhos, votou contra o recurso apresentado pelo candidato.<\/span><\/p>\n<p style=\"text-align: justify;\"><span style=\"font-size: 14pt; font-family: arial, helvetica, sans-serif;\">Para ele, a condena\u00e7\u00e3o em 2\u00aa inst\u00e2ncia do prefeito eleito Marquinhos Xucuru em 2015, acusado de envolvimento em um inc\u00eandio em uma resid\u00eancia em 2003 foi leg\u00edtimo, mantendo a causa de inelegibilidade.<\/span><\/p>\n<p style=\"text-align: justify;\"><span style=\"font-size: 14pt; font-family: arial, helvetica, sans-serif;\">Mas o Processo foi retirado de julgamento porque o\u00a0Ministro Edson Faquin apresentou um pedido de destaque.<\/span><\/p>\n<p style=\"text-align: justify;\"><span style=\"font-size: 14pt; font-family: arial, helvetica, sans-serif;\">Nesse caso o julgamento sai do meio eletr\u00f4nico e vai para a sess\u00e3o de v\u00eddeoconfer\u00eancia com o debate entre todos os ministros, defesa e Procuradoria Geral Eleitoral.<\/span><\/p>\n<p style=\"text-align: justify;\"><span style=\"font-size: 14pt; font-family: arial, helvetica, sans-serif;\">O processo ainda n\u00e3o tem previs\u00e3o de quando entrar\u00e1 na pauta do TSE. Como o recesso forense se aproxima \u00e9 prov\u00e1vel que fique para o 2\u00b0 semestre.<\/span><\/p>\n<p style=\"text-align: justify;\"><span style=\"font-size: 14pt; font-family: arial, helvetica, sans-serif;\">Restam os votos de Lu\u00eds Roberto Barroso, Edson Fachin, Alexandre de Moraes, Luiz Felipe Salom\u00e3o e Mauro Campbell.<\/span><\/p>\n","protected":false},"excerpt":{"rendered":"<p>Primeira M&atilde;o&nbsp; O Tribunal Superior Eleitoral (TSE) suspendeu o julgamento do Recurso Especial Eleitoral (Processo n&ordm; 0600136-96.2020.6.17.0055) que trata da inelegibilidade do prefeito ind&iacute;gena eleito da cidade de Pesqueira (PE), Cacique Marquinhos Xucuru (Republicanos), que venceu as elei&ccedil;&otilde;es municipais na cidade com 51% dos votos v&aacute;lidos. O relator do caso no TSE, ministro S&eacute;rgio Banhos, votou contra o recurso apresentado pelo candidato. Para ele, a condena&ccedil;&atilde;o em 2&ordf; inst&acirc;ncia do prefeito eleito Marquinhos Xucuru em 2015, acusado de envolvimento em um inc&ecirc;ndio em uma resid&ecirc;ncia em 2003 foi leg&iacute;timo, mantendo a causa de inelegibilidade. Mas o Processo foi retirado de &#8230; <\/p>\n<p class=\"read-more-container\"><a title=\"Julgamento do Cacique Marquinhos no TSE \u00e9 suspenso\" class=\"read-more button\" href=\"https:\/\/blogdojuniorcavalcanti.com.br\/index.php\/2021\/06\/17\/julgamento-do-cacique-marquinhos-no-tse-e-suspenso\/#more-11420\" aria-label=\"More on Julgamento do Cacique Marquinhos no TSE \u00e9 suspenso\">Leia mais<\/a><\/p>\n","protected":false},"author":2,"featured_media":0,"comment_status":"open","ping_status":"open","sticky":false,"template":"","format":"standard","meta":{"footnotes":""},"categories":[1],"tags":[],"class_list":["post-11420","post","type-post","status-publish","format-standard","hentry","category-sem-categoria"],"_links":{"self":[{"href":"https:\/\/blogdojuniorcavalcanti.com.br\/index.php\/wp-json\/wp\/v2\/posts\/11420","targetHints":{"allow":["GET"]}}],"collection":[{"href":"https:\/\/blogdojuniorcavalcanti.com.br\/index.php\/wp-json\/wp\/v2\/posts"}],"about":[{"href":"https:\/\/blogdojuniorcavalcanti.com.br\/index.php\/wp-json\/wp\/v2\/types\/post"}],"author":[{"embeddable":true,"href":"https:\/\/blogdojuniorcavalcanti.com.br\/index.php\/wp-json\/wp\/v2\/users\/2"}],"replies":[{"embeddable":true,"href":"https:\/\/blogdojuniorcavalcanti.com.br\/index.php\/wp-json\/wp\/v2\/comments?post=11420"}],"version-history":[{"count":1,"href":"https:\/\/blogdojuniorcavalcanti.com.br\/index.php\/wp-json\/wp\/v2\/posts\/11420\/revisions"}],"predecessor-version":[{"id":11421,"href":"https:\/\/blogdojuniorcavalcanti.com.br\/index.php\/wp-json\/wp\/v2\/posts\/11420\/revisions\/11421"}],"wp:attachment":[{"href":"https:\/\/blogdojuniorcavalcanti.com.br\/index.php\/wp-json\/wp\/v2\/media?parent=11420"}],"wp:term":[{"taxonomy":"category","embeddable":true,"href":"https:\/\/blogdojuniorcavalcanti.com.br\/index.php\/wp-json\/wp\/v2\/categories?post=11420"},{"taxonomy":"post_tag","embeddable":true,"href":"https:\/\/blogdojuniorcavalcanti.com.br\/index.php\/wp-json\/wp\/v2\/tags?post=11420"}],"curies":[{"name":"wp","href":"https:\/\/api.w.org\/{rel}","templated":true}]}}