{"id":11489,"date":"2021-06-22T06:11:41","date_gmt":"2021-06-22T09:11:41","guid":{"rendered":"http:\/\/blogdojuniorcavalcanti.com.br\/?p=11489"},"modified":"2021-06-22T06:11:41","modified_gmt":"2021-06-22T09:11:41","slug":"aviao-com-15-milhao-de-doses-de-vacina-da-janssen-chega-nesta-terca-feira-diz-ministro","status":"publish","type":"post","link":"https:\/\/blogdojuniorcavalcanti.com.br\/index.php\/2021\/06\/22\/aviao-com-15-milhao-de-doses-de-vacina-da-janssen-chega-nesta-terca-feira-diz-ministro\/","title":{"rendered":"Avi\u00e3o com 1,5 milh\u00e3o de doses de vacina da Janssen chega nesta ter\u00e7a-feira, diz ministro"},"content":{"rendered":"<p style=\"text-align: justify;\"><span style=\"font-size: 14pt;\"><img fetchpriority=\"high\" decoding=\"async\" class=\"alignleft wp-image-205903\" src=\"https:\/\/i2.wp.com\/nilljunior.com.br\/wp-content\/uploads\/2021\/06\/Vacina-Janssen.jpg?resize=400%2C280&amp;ssl=1\" sizes=\"(max-width: 400px) 100vw, 400px\" srcset=\"https:\/\/i2.wp.com\/nilljunior.com.br\/wp-content\/uploads\/2021\/06\/Vacina-Janssen.jpg?resize=572%2C400&amp;ssl=1 572w, https:\/\/i2.wp.com\/nilljunior.com.br\/wp-content\/uploads\/2021\/06\/Vacina-Janssen.jpg?resize=300%2C210&amp;ssl=1 300w, https:\/\/i2.wp.com\/nilljunior.com.br\/wp-content\/uploads\/2021\/06\/Vacina-Janssen.jpg?resize=768%2C537&amp;ssl=1 768w, https:\/\/i2.wp.com\/nilljunior.com.br\/wp-content\/uploads\/2021\/06\/Vacina-Janssen.jpg?w=1024&amp;ssl=1 1024w\" alt=\"\" width=\"400\" height=\"280\" data-attachment-id=\"205903\" data-permalink=\"https:\/\/nilljunior.com.br\/imunizante-da-janssen-vacinara-186-da-populacao-de-serra-talhada-afogados-caruaru-garanhuns-e-arcoverde\/vacina-janssen\/\" data-orig-file=\"https:\/\/i2.wp.com\/nilljunior.com.br\/wp-content\/uploads\/2021\/06\/Vacina-Janssen.jpg?fit=1024%2C716&amp;ssl=1\" data-orig-size=\"1024,716\" data-comments-opened=\"1\" data-image-meta=\"{&quot;aperture&quot;:&quot;0&quot;,&quot;credit&quot;:&quot;&quot;,&quot;camera&quot;:&quot;&quot;,&quot;caption&quot;:&quot;&quot;,&quot;created_timestamp&quot;:&quot;0&quot;,&quot;copyright&quot;:&quot;&quot;,&quot;focal_length&quot;:&quot;0&quot;,&quot;iso&quot;:&quot;0&quot;,&quot;shutter_speed&quot;:&quot;0&quot;,&quot;title&quot;:&quot;&quot;,&quot;orientation&quot;:&quot;1&quot;}\" data-image-title=\"Vacina-Janssen\" data-image-description=\"\" data-medium-file=\"https:\/\/i2.wp.com\/nilljunior.com.br\/wp-content\/uploads\/2021\/06\/Vacina-Janssen.jpg?fit=300%2C210&amp;ssl=1\" data-large-file=\"https:\/\/i2.wp.com\/nilljunior.com.br\/wp-content\/uploads\/2021\/06\/Vacina-Janssen.jpg?fit=572%2C400&amp;ssl=1\" \/><span style=\"font-family: arial, helvetica, sans-serif;\">O ministro da Sa\u00fade, Marcelo Queiroga anunciou, nesta segunda-feira (21), em Bras\u00edlia, que um avi\u00e3o com 1,5 milh\u00e3o de doses da vacina contra Covid-19, da farmac\u00eautica Janssen, deve chegar ao Brasil \u00e0s 6h45 desta ter\u00e7a-feira (22), no aeroporto de Viracopos, em Campinas (SP).<\/span><\/span><\/p>\n<p style=\"text-align: justify;\"><span style=\"font-size: 14pt; font-family: arial, helvetica, sans-serif;\">O an\u00fancio foi feito ap\u00f3s uma previs\u00e3o inicial, de receber 3 milh\u00f5es de doses at\u00e9 15 de junho, n\u00e3o ter sido confirmada. De acordo com o Minist\u00e9rio da Sa\u00fade, o envio foi cancelado pela pr\u00f3pria Janssen, que n\u00e3o teria explicado os motivos.<\/span><\/p>\n<p style=\"text-align: justify;\"><span style=\"font-size: 14pt; font-family: arial, helvetica, sans-serif;\">Queiroga afirmou que a vacina da Janssen \u201c\u00e9 muito \u00fatil\u201d por ser de dose \u00fanica, proporcionando uma vacina\u00e7\u00e3o \u201cmais r\u00e1pida\u201d da popula\u00e7\u00e3o. Ele n\u00e3o detalhou se as doses da vacina da Janssen ser\u00e3o direcionadas a algum grupo espec\u00edfico.<\/span><\/p>\n<p style=\"text-align: justify;\"><span style=\"font-size: 14pt; font-family: arial, helvetica, sans-serif;\">As declara\u00e7\u00f5es foram dadas durante audi\u00eancia p\u00fablica da Comiss\u00e3o Tempor\u00e1ria da Covid-19, no Senado. O ministro voltou a afirmar que o governo planeja a vacina\u00e7\u00e3o \u2013 com ao menos uma dose \u2013 de 70% dos adultos at\u00e9 setembro, e a imuniza\u00e7\u00e3o completa de todas as pessoas acima de 18 anos at\u00e9 dezembro.<\/span><\/p>\n<p style=\"text-align: justify;\"><span style=\"font-size: 14pt; font-family: arial, helvetica, sans-serif;\">Para isso, a previs\u00e3o \u00e9 distribuir 60 milh\u00f5es de doses em agosto e outros 60 milh\u00f5es em setembro, al\u00e9m das 41 milh\u00f5es confirmadas pela pasta para julho. O cronograma detalhado, contudo, ainda n\u00e3o foi divulgado pelo minist\u00e9rio.<\/span><\/p>\n<p style=\"text-align: justify;\"><span style=\"font-size: 14pt; font-family: arial, helvetica, sans-serif;\">\u201cA gente ainda n\u00e3o divulgou o calend\u00e1rio detalhado desses imunizantes nos outros meses [agosto e setembro] porque ainda n\u00e3o temos confirma\u00e7\u00e3o dos laborat\u00f3rios\u201d, disse o secret\u00e1rio-executivo da pasta, Rodrigo Cruz.<\/span><\/p>\n","protected":false},"excerpt":{"rendered":"<p>O ministro da Sa&uacute;de, Marcelo Queiroga anunciou, nesta segunda-feira (21), em Bras&iacute;lia, que um avi&atilde;o com 1,5 milh&atilde;o de doses da vacina contra Covid-19, da farmac&ecirc;utica Janssen, deve chegar ao Brasil &agrave;s 6h45 desta ter&ccedil;a-feira (22), no aeroporto de Viracopos, em Campinas (SP). O an&uacute;ncio foi feito ap&oacute;s uma previs&atilde;o inicial, de receber 3 milh&otilde;es de doses at&eacute; 15 de junho, n&atilde;o ter sido confirmada. De acordo com o Minist&eacute;rio da Sa&uacute;de, o envio foi cancelado pela pr&oacute;pria Janssen, que n&atilde;o teria explicado os motivos. Queiroga afirmou que a vacina da Janssen &ldquo;&eacute; muito &uacute;til&rdquo; por ser de dose &uacute;nica, &#8230; <\/p>\n<p class=\"read-more-container\"><a title=\"Avi\u00e3o com 1,5 milh\u00e3o de doses de vacina da Janssen chega nesta ter\u00e7a-feira, diz ministro\" class=\"read-more button\" href=\"https:\/\/blogdojuniorcavalcanti.com.br\/index.php\/2021\/06\/22\/aviao-com-15-milhao-de-doses-de-vacina-da-janssen-chega-nesta-terca-feira-diz-ministro\/#more-11489\" aria-label=\"More on Avi\u00e3o com 1,5 milh\u00e3o de doses de vacina da Janssen chega nesta ter\u00e7a-feira, diz ministro\">Leia mais<\/a><\/p>\n","protected":false},"author":2,"featured_media":0,"comment_status":"open","ping_status":"open","sticky":false,"template":"","format":"standard","meta":{"footnotes":""},"categories":[1],"tags":[],"class_list":["post-11489","post","type-post","status-publish","format-standard","hentry","category-sem-categoria"],"_links":{"self":[{"href":"https:\/\/blogdojuniorcavalcanti.com.br\/index.php\/wp-json\/wp\/v2\/posts\/11489","targetHints":{"allow":["GET"]}}],"collection":[{"href":"https:\/\/blogdojuniorcavalcanti.com.br\/index.php\/wp-json\/wp\/v2\/posts"}],"about":[{"href":"https:\/\/blogdojuniorcavalcanti.com.br\/index.php\/wp-json\/wp\/v2\/types\/post"}],"author":[{"embeddable":true,"href":"https:\/\/blogdojuniorcavalcanti.com.br\/index.php\/wp-json\/wp\/v2\/users\/2"}],"replies":[{"embeddable":true,"href":"https:\/\/blogdojuniorcavalcanti.com.br\/index.php\/wp-json\/wp\/v2\/comments?post=11489"}],"version-history":[{"count":1,"href":"https:\/\/blogdojuniorcavalcanti.com.br\/index.php\/wp-json\/wp\/v2\/posts\/11489\/revisions"}],"predecessor-version":[{"id":11490,"href":"https:\/\/blogdojuniorcavalcanti.com.br\/index.php\/wp-json\/wp\/v2\/posts\/11489\/revisions\/11490"}],"wp:attachment":[{"href":"https:\/\/blogdojuniorcavalcanti.com.br\/index.php\/wp-json\/wp\/v2\/media?parent=11489"}],"wp:term":[{"taxonomy":"category","embeddable":true,"href":"https:\/\/blogdojuniorcavalcanti.com.br\/index.php\/wp-json\/wp\/v2\/categories?post=11489"},{"taxonomy":"post_tag","embeddable":true,"href":"https:\/\/blogdojuniorcavalcanti.com.br\/index.php\/wp-json\/wp\/v2\/tags?post=11489"}],"curies":[{"name":"wp","href":"https:\/\/api.w.org\/{rel}","templated":true}]}}