{"id":11503,"date":"2021-06-23T06:03:24","date_gmt":"2021-06-23T09:03:24","guid":{"rendered":"http:\/\/blogdojuniorcavalcanti.com.br\/?p=11503"},"modified":"2021-06-23T06:03:24","modified_gmt":"2021-06-23T09:03:24","slug":"prefeitura-de-sertania-inicia-pagamento-do-salario-de-junho","status":"publish","type":"post","link":"https:\/\/blogdojuniorcavalcanti.com.br\/index.php\/2021\/06\/23\/prefeitura-de-sertania-inicia-pagamento-do-salario-de-junho\/","title":{"rendered":"Prefeitura de Sert\u00e2nia inicia pagamento do sal\u00e1rio de junho"},"content":{"rendered":"<p style=\"text-align: justify;\"><span style=\"font-size: 14pt;\"><img fetchpriority=\"high\" decoding=\"async\" class=\"alignleft wp-image-169330\" src=\"https:\/\/i0.wp.com\/nilljunior.com.br\/wp-content\/uploads\/2020\/02\/11102019_dinheiro_cred._usp_imagens.jpg?resize=400%2C300&amp;ssl=1\" sizes=\"(max-width: 400px) 100vw, 400px\" srcset=\"https:\/\/i0.wp.com\/nilljunior.com.br\/wp-content\/uploads\/2020\/02\/11102019_dinheiro_cred._usp_imagens.jpg?w=600&amp;ssl=1 600w, https:\/\/i0.wp.com\/nilljunior.com.br\/wp-content\/uploads\/2020\/02\/11102019_dinheiro_cred._usp_imagens.jpg?resize=300%2C225&amp;ssl=1 300w, https:\/\/i0.wp.com\/nilljunior.com.br\/wp-content\/uploads\/2020\/02\/11102019_dinheiro_cred._usp_imagens.jpg?resize=533%2C400&amp;ssl=1 533w\" alt=\"\" width=\"400\" height=\"300\" data-attachment-id=\"169330\" data-permalink=\"https:\/\/nilljunior.com.br\/ultimo-fpm-do-mes-entra-nesta-sexta-feira-quase-r-23-bilhoes-serao-partilhados\/11102019_dinheiro_cred-_usp_imagens\/\" data-orig-file=\"https:\/\/i0.wp.com\/nilljunior.com.br\/wp-content\/uploads\/2020\/02\/11102019_dinheiro_cred._usp_imagens.jpg?fit=600%2C450&amp;ssl=1\" data-orig-size=\"600,450\" data-comments-opened=\"1\" data-image-meta=\"{&quot;aperture&quot;:&quot;0&quot;,&quot;credit&quot;:&quot;&quot;,&quot;camera&quot;:&quot;&quot;,&quot;caption&quot;:&quot;&quot;,&quot;created_timestamp&quot;:&quot;0&quot;,&quot;copyright&quot;:&quot;&quot;,&quot;focal_length&quot;:&quot;0&quot;,&quot;iso&quot;:&quot;0&quot;,&quot;shutter_speed&quot;:&quot;0&quot;,&quot;title&quot;:&quot;&quot;,&quot;orientation&quot;:&quot;1&quot;}\" data-image-title=\"11102019_dinheiro_cred._usp_imagens\" data-image-description=\"\" data-medium-file=\"https:\/\/i0.wp.com\/nilljunior.com.br\/wp-content\/uploads\/2020\/02\/11102019_dinheiro_cred._usp_imagens.jpg?fit=300%2C225&amp;ssl=1\" data-large-file=\"https:\/\/i0.wp.com\/nilljunior.com.br\/wp-content\/uploads\/2020\/02\/11102019_dinheiro_cred._usp_imagens.jpg?fit=533%2C400&amp;ssl=1\" \/><span style=\"font-family: arial, helvetica, sans-serif;\">A Prefeitura de Sert\u00e2nia iniciar\u00e1 o pagamento do sal\u00e1rio de junho dos servidores antes do S\u00e3o Jo\u00e3o.<\/span><\/span><\/p>\n<p style=\"text-align: justify;\"><span style=\"font-size: 14pt; font-family: arial, helvetica, sans-serif;\">Nesta quarta-feira (23), o dinheiro come\u00e7ar\u00e1 a ser depositado na conta dos servidores de todas as secretarias, exceto da Sa\u00fade, que receber\u00e3o na sexta-feira (25).<\/span><\/p>\n<p style=\"text-align: justify;\"><span style=\"font-size: 14pt; font-family: arial, helvetica, sans-serif;\">J\u00e1 na segunda-feira (28) \u00e9 a vez dos aposentados e pensionistas, quando se encerra o calend\u00e1rio de pagamento.<\/span><\/p>\n<p style=\"text-align: justify;\"><span style=\"font-size: 14pt; font-family: arial, helvetica, sans-serif;\">Ser\u00e3o injetados mais de R$ 3,5 milh\u00f5es como pagamento,\u00a0 segundo nota. Este \u00e9 o quinto ano consecutivo que o funcionalismo municipal recebe os sal\u00e1rios em dia,\u00a0 diz a prefeitura.<\/span><\/p>\n","protected":false},"excerpt":{"rendered":"<p>A Prefeitura de Sert&acirc;nia iniciar&aacute; o pagamento do sal&aacute;rio de junho dos servidores antes do S&atilde;o Jo&atilde;o. Nesta quarta-feira (23), o dinheiro come&ccedil;ar&aacute; a ser depositado na conta dos servidores de todas as secretarias, exceto da Sa&uacute;de, que receber&atilde;o na sexta-feira (25). J&aacute; na segunda-feira (28) &eacute; a vez dos aposentados e pensionistas, quando se encerra o calend&aacute;rio de pagamento. Ser&atilde;o injetados mais de R$ 3,5 milh&otilde;es como pagamento,&nbsp; segundo nota. Este &eacute; o quinto ano consecutivo que o funcionalismo municipal recebe os sal&aacute;rios em dia,&nbsp; diz a prefeitura.<\/p>\n","protected":false},"author":2,"featured_media":0,"comment_status":"open","ping_status":"open","sticky":false,"template":"","format":"standard","meta":{"footnotes":""},"categories":[1],"tags":[],"class_list":["post-11503","post","type-post","status-publish","format-standard","hentry","category-sem-categoria"],"_links":{"self":[{"href":"https:\/\/blogdojuniorcavalcanti.com.br\/index.php\/wp-json\/wp\/v2\/posts\/11503","targetHints":{"allow":["GET"]}}],"collection":[{"href":"https:\/\/blogdojuniorcavalcanti.com.br\/index.php\/wp-json\/wp\/v2\/posts"}],"about":[{"href":"https:\/\/blogdojuniorcavalcanti.com.br\/index.php\/wp-json\/wp\/v2\/types\/post"}],"author":[{"embeddable":true,"href":"https:\/\/blogdojuniorcavalcanti.com.br\/index.php\/wp-json\/wp\/v2\/users\/2"}],"replies":[{"embeddable":true,"href":"https:\/\/blogdojuniorcavalcanti.com.br\/index.php\/wp-json\/wp\/v2\/comments?post=11503"}],"version-history":[{"count":1,"href":"https:\/\/blogdojuniorcavalcanti.com.br\/index.php\/wp-json\/wp\/v2\/posts\/11503\/revisions"}],"predecessor-version":[{"id":11504,"href":"https:\/\/blogdojuniorcavalcanti.com.br\/index.php\/wp-json\/wp\/v2\/posts\/11503\/revisions\/11504"}],"wp:attachment":[{"href":"https:\/\/blogdojuniorcavalcanti.com.br\/index.php\/wp-json\/wp\/v2\/media?parent=11503"}],"wp:term":[{"taxonomy":"category","embeddable":true,"href":"https:\/\/blogdojuniorcavalcanti.com.br\/index.php\/wp-json\/wp\/v2\/categories?post=11503"},{"taxonomy":"post_tag","embeddable":true,"href":"https:\/\/blogdojuniorcavalcanti.com.br\/index.php\/wp-json\/wp\/v2\/tags?post=11503"}],"curies":[{"name":"wp","href":"https:\/\/api.w.org\/{rel}","templated":true}]}}