{"id":11983,"date":"2022-01-23T18:54:05","date_gmt":"2022-01-23T21:54:05","guid":{"rendered":"http:\/\/blogdojuniorcavalcanti.com.br\/?p=11983"},"modified":"2022-01-23T18:54:05","modified_gmt":"2022-01-23T21:54:05","slug":"acesso-aos-orgaos-publicos-de-flores-so-estando-vacinado","status":"publish","type":"post","link":"https:\/\/blogdojuniorcavalcanti.com.br\/index.php\/2022\/01\/23\/acesso-aos-orgaos-publicos-de-flores-so-estando-vacinado\/","title":{"rendered":"Acesso aos \u00f3rg\u00e3os p\u00fablicos de Flores s\u00f3 estando vacinado"},"content":{"rendered":"<p style=\"text-align: justify;\"><span style=\"font-size: 14pt;\"><a href=\"https:\/\/nilljunior.com.br\/wp-content\/uploads\/2020\/06\/thumbnail_Prefeitura-de-Flores.jpg\"><img fetchpriority=\"high\" decoding=\"async\" class=\"alignleft wp-image-177513 jetpack-lazy-image jetpack-lazy-image--handled\" src=\"https:\/\/nilljunior.com.br\/wp-content\/uploads\/2020\/06\/thumbnail_Prefeitura-de-Flores.jpg\" sizes=\"(max-width: 400px) 100vw, 400px\" srcset=\"https:\/\/nilljunior.com.br\/wp-content\/uploads\/2020\/06\/thumbnail_Prefeitura-de-Flores.jpg 1280w, https:\/\/nilljunior.com.br\/wp-content\/uploads\/2020\/06\/thumbnail_Prefeitura-de-Flores-300x225.jpg 300w, https:\/\/nilljunior.com.br\/wp-content\/uploads\/2020\/06\/thumbnail_Prefeitura-de-Flores-768x576.jpg 768w, https:\/\/nilljunior.com.br\/wp-content\/uploads\/2020\/06\/thumbnail_Prefeitura-de-Flores-533x400.jpg 533w\" alt=\"\" width=\"400\" height=\"300\" data-attachment-id=\"177513\" data-permalink=\"https:\/\/nilljunior.com.br\/flores-prefeitura-antecipa-60-da-primeira-parcela-do-13o-salario\/thumbnail_prefeitura-de-flores\/\" data-orig-file=\"https:\/\/nilljunior.com.br\/wp-content\/uploads\/2020\/06\/thumbnail_Prefeitura-de-Flores.jpg\" data-orig-size=\"1280,960\" data-comments-opened=\"1\" data-image-meta=\"{&quot;aperture&quot;:&quot;0&quot;,&quot;credit&quot;:&quot;&quot;,&quot;camera&quot;:&quot;&quot;,&quot;caption&quot;:&quot;&quot;,&quot;created_timestamp&quot;:&quot;0&quot;,&quot;copyright&quot;:&quot;&quot;,&quot;focal_length&quot;:&quot;0&quot;,&quot;iso&quot;:&quot;0&quot;,&quot;shutter_speed&quot;:&quot;0&quot;,&quot;title&quot;:&quot;&quot;,&quot;orientation&quot;:&quot;0&quot;}\" data-image-title=\"thumbnail_Prefeitura-de-Flores\" data-image-description=\"\" data-medium-file=\"https:\/\/nilljunior.com.br\/wp-content\/uploads\/2020\/06\/thumbnail_Prefeitura-de-Flores-300x225.jpg\" data-large-file=\"https:\/\/nilljunior.com.br\/wp-content\/uploads\/2020\/06\/thumbnail_Prefeitura-de-Flores-533x400.jpg\" data-lazy-loaded=\"1\" \/><\/a><span style=\"font-family: arial, helvetica, sans-serif;\">Entrou em vigor nesta sexta-feira (21) em Flores, o decreto municipal que exige a cobran\u00e7a do passaporte vacinal para acesso e perman\u00eancia em pr\u00e9dios p\u00fablicos sob responsabilidade da administra\u00e7\u00e3o p\u00fablica municipal.<\/span><\/span><\/p>\n<p style=\"text-align: justify;\"><span style=\"font-size: 14pt; font-family: arial, helvetica, sans-serif;\">Ou seja, voc\u00ea precisa ter a comprova\u00e7\u00e3o do esquema vacinal completo contra a Covid-19 para ter acesso aos estabelecimentos como secretarias e \u00f3rg\u00e3os do Governo Municipal, a exemplo das Secretarias de Sa\u00fade, Educa\u00e7\u00e3o e servi\u00e7os como: emiss\u00e3o de Carteira de Trabalho e Previd\u00eancia Social (CTPS) e RG.<\/span><\/p>\n<p style=\"text-align: justify;\"><span style=\"font-size: 14pt; font-family: arial, helvetica, sans-serif;\">Madalena Brito, Secret\u00e1ria Municipal de Sa\u00fade, explica que a iniciativa do Poder Executivo \u201crefor\u00e7a o incentivo \u00e0 vacina\u00e7\u00e3o de todos os florenses contra a doen\u00e7a. E nunca \u00e9 demais lembrar: os locais com maiores \u00edndices de vacinados registram sempre menores \u00edndices de casos graves da doen\u00e7a, bem como mortes. Isso comprova que as vacinas, al\u00e9m de seguras, salvam vidas\u201d, frisou.<\/span><\/p>\n<p style=\"text-align: justify;\"><span style=\"font-size: 14pt; font-family: arial, helvetica, sans-serif;\">J\u00e1 o prefeito Marconi Santana, disse estar refor\u00e7ando o sentimento de \u201camor, zelo e compromisso de continuar com um Plano de Imuniza\u00e7\u00e3o eficiente, como forma de incentivo \u00e0 vacina\u00e7\u00e3o\u201d.\u00a0<\/span><\/p>\n<p style=\"text-align: justify;\"><span style=\"font-size: 14pt; font-family: arial, helvetica, sans-serif;\">Marconi ainda acrescentou, que est\u00e1 retomando todas as medidas e a\u00e7\u00f5es do Plano de Conting\u00eancia Municipal de Enfrentamento a COVID-19 e ao surto da influenza H3N2.<\/span><\/p>\n","protected":false},"excerpt":{"rendered":"<p>Entrou em vigor nesta sexta-feira (21) em Flores, o decreto municipal que exige a cobran&ccedil;a do passaporte vacinal para acesso e perman&ecirc;ncia em pr&eacute;dios p&uacute;blicos sob responsabilidade da administra&ccedil;&atilde;o p&uacute;blica municipal. Ou seja, voc&ecirc; precisa ter a comprova&ccedil;&atilde;o do esquema vacinal completo contra a Covid-19 para ter acesso aos estabelecimentos como secretarias e &oacute;rg&atilde;os do Governo Municipal, a exemplo das Secretarias de Sa&uacute;de, Educa&ccedil;&atilde;o e servi&ccedil;os como: emiss&atilde;o de Carteira de Trabalho e Previd&ecirc;ncia Social (CTPS) e RG. Madalena Brito, Secret&aacute;ria Municipal de Sa&uacute;de, explica que a iniciativa do Poder Executivo &ldquo;refor&ccedil;a o incentivo &agrave; vacina&ccedil;&atilde;o de todos os florenses &#8230; <\/p>\n<p class=\"read-more-container\"><a title=\"Acesso aos \u00f3rg\u00e3os p\u00fablicos de Flores s\u00f3 estando vacinado\" class=\"read-more button\" href=\"https:\/\/blogdojuniorcavalcanti.com.br\/index.php\/2022\/01\/23\/acesso-aos-orgaos-publicos-de-flores-so-estando-vacinado\/#more-11983\" aria-label=\"More on Acesso aos \u00f3rg\u00e3os p\u00fablicos de Flores s\u00f3 estando vacinado\">Leia mais<\/a><\/p>\n","protected":false},"author":2,"featured_media":0,"comment_status":"open","ping_status":"open","sticky":false,"template":"","format":"standard","meta":{"footnotes":""},"categories":[1],"tags":[],"class_list":["post-11983","post","type-post","status-publish","format-standard","hentry","category-sem-categoria"],"_links":{"self":[{"href":"https:\/\/blogdojuniorcavalcanti.com.br\/index.php\/wp-json\/wp\/v2\/posts\/11983","targetHints":{"allow":["GET"]}}],"collection":[{"href":"https:\/\/blogdojuniorcavalcanti.com.br\/index.php\/wp-json\/wp\/v2\/posts"}],"about":[{"href":"https:\/\/blogdojuniorcavalcanti.com.br\/index.php\/wp-json\/wp\/v2\/types\/post"}],"author":[{"embeddable":true,"href":"https:\/\/blogdojuniorcavalcanti.com.br\/index.php\/wp-json\/wp\/v2\/users\/2"}],"replies":[{"embeddable":true,"href":"https:\/\/blogdojuniorcavalcanti.com.br\/index.php\/wp-json\/wp\/v2\/comments?post=11983"}],"version-history":[{"count":1,"href":"https:\/\/blogdojuniorcavalcanti.com.br\/index.php\/wp-json\/wp\/v2\/posts\/11983\/revisions"}],"predecessor-version":[{"id":11984,"href":"https:\/\/blogdojuniorcavalcanti.com.br\/index.php\/wp-json\/wp\/v2\/posts\/11983\/revisions\/11984"}],"wp:attachment":[{"href":"https:\/\/blogdojuniorcavalcanti.com.br\/index.php\/wp-json\/wp\/v2\/media?parent=11983"}],"wp:term":[{"taxonomy":"category","embeddable":true,"href":"https:\/\/blogdojuniorcavalcanti.com.br\/index.php\/wp-json\/wp\/v2\/categories?post=11983"},{"taxonomy":"post_tag","embeddable":true,"href":"https:\/\/blogdojuniorcavalcanti.com.br\/index.php\/wp-json\/wp\/v2\/tags?post=11983"}],"curies":[{"name":"wp","href":"https:\/\/api.w.org\/{rel}","templated":true}]}}