{"id":12135,"date":"2022-01-26T14:34:57","date_gmt":"2022-01-26T17:34:57","guid":{"rendered":"http:\/\/blogdojuniorcavalcanti.com.br\/?p=12135"},"modified":"2022-01-26T14:34:57","modified_gmt":"2022-01-26T17:34:57","slug":"serra-talhada-comemora-primeiras-colocacoes-no-ranking-do-previne-brasil-em-pernambuco","status":"publish","type":"post","link":"https:\/\/blogdojuniorcavalcanti.com.br\/index.php\/2022\/01\/26\/serra-talhada-comemora-primeiras-colocacoes-no-ranking-do-previne-brasil-em-pernambuco\/","title":{"rendered":"Serra Talhada comemora primeiras coloca\u00e7\u00f5es no ranking do Previne Brasil em Pernambuco"},"content":{"rendered":"<p style=\"text-align: justify;\"><span style=\"font-size: 14pt; font-family: arial, helvetica, sans-serif;\"><img fetchpriority=\"high\" decoding=\"async\" class=\"wp-image-58580 jetpack-lazy-image jetpack-lazy-image--handled alignleft\" src=\"https:\/\/i0.wp.com\/falape.com\/wp-content\/uploads\/2022\/01\/IMG-20220126-WA0015.jpg?resize=1024%2C682&amp;ssl=1\" sizes=\"(max-width: 1024px) 100vw, 1024px\" srcset=\"https:\/\/i0.wp.com\/falape.com\/wp-content\/uploads\/2022\/01\/IMG-20220126-WA0015.jpg?resize=1024%2C682&amp;ssl=1 1024w, https:\/\/i0.wp.com\/falape.com\/wp-content\/uploads\/2022\/01\/IMG-20220126-WA0015.jpg?resize=300%2C200&amp;ssl=1 300w, https:\/\/i0.wp.com\/falape.com\/wp-content\/uploads\/2022\/01\/IMG-20220126-WA0015.jpg?resize=768%2C512&amp;ssl=1 768w, https:\/\/i0.wp.com\/falape.com\/wp-content\/uploads\/2022\/01\/IMG-20220126-WA0015.jpg?resize=1200%2C800&amp;ssl=1 1200w, https:\/\/i0.wp.com\/falape.com\/wp-content\/uploads\/2022\/01\/IMG-20220126-WA0015.jpg?resize=900%2C600&amp;ssl=1 900w, https:\/\/i0.wp.com\/falape.com\/wp-content\/uploads\/2022\/01\/IMG-20220126-WA0015.jpg?w=1280&amp;ssl=1 1280w\" alt=\"\" width=\"312\" height=\"208\" data-attachment-id=\"58580\" data-permalink=\"https:\/\/falape.com\/serra-talhada-comemora-primeiras-colocacoes-no-ranking-do-previne-brasil-em-pernambuco\/img-20220126-wa0015\/\" data-orig-file=\"https:\/\/i0.wp.com\/falape.com\/wp-content\/uploads\/2022\/01\/IMG-20220126-WA0015.jpg?fit=1280%2C853&amp;ssl=1\" data-orig-size=\"1280,853\" data-comments-opened=\"1\" data-image-meta=\"{&quot;aperture&quot;:&quot;0&quot;,&quot;credit&quot;:&quot;&quot;,&quot;camera&quot;:&quot;&quot;,&quot;caption&quot;:&quot;&quot;,&quot;created_timestamp&quot;:&quot;0&quot;,&quot;copyright&quot;:&quot;&quot;,&quot;focal_length&quot;:&quot;0&quot;,&quot;iso&quot;:&quot;0&quot;,&quot;shutter_speed&quot;:&quot;0&quot;,&quot;title&quot;:&quot;&quot;,&quot;orientation&quot;:&quot;0&quot;}\" data-image-title=\"IMG-20220126-WA0015\" data-image-description=\"\" data-image-caption=\"\" data-medium-file=\"https:\/\/i0.wp.com\/falape.com\/wp-content\/uploads\/2022\/01\/IMG-20220126-WA0015.jpg?fit=300%2C200&amp;ssl=1\" data-large-file=\"https:\/\/i0.wp.com\/falape.com\/wp-content\/uploads\/2022\/01\/IMG-20220126-WA0015.jpg?fit=1024%2C682&amp;ssl=1\" data-recalc-dims=\"1\" data-lazy-loaded=\"1\" \/><\/span><\/p>\n<p style=\"text-align: justify;\"><span style=\"font-size: 14pt; font-family: arial, helvetica, sans-serif;\">Apesar da pandemia da Covid-19, o munic\u00edpio de Serra Talhada vem se destacando em \u00e2mbito regional e estadual de acordo com os resultados do Programa Previne Brasil, do Minist\u00e9rio da Sa\u00fade, que mede os indicadores relativos aos servi\u00e7os da Aten\u00e7\u00e3o B\u00e1sica dos munic\u00edpios. No primeiro quadrimestre de 2021, Serra Talhada ficou em 4\u00ba lugar e no segundo quadrimestre do referido ano ficou em 7\u00ba lugar no Estado de Pernambuco.<\/span><\/p>\n<p style=\"text-align: justify;\"><span style=\"font-size: 14pt; font-family: arial, helvetica, sans-serif;\">O Programa Previne Brasil avalia a propor\u00e7\u00e3o de gestantes com pelo menos 6 (seis) consultas pr\u00e9-natal realizadas, sendo a 1\u00aa at\u00e9 a 20\u00aa semana de gesta\u00e7\u00e3o; a propor\u00e7\u00e3o de gestantes com realiza\u00e7\u00e3o de exames para s\u00edfilis e HIV; a propor\u00e7\u00e3o de gestantes com atendimento odontol\u00f3gico realizado; a cobertura de exame citopatol\u00f3gico; a cobertura vacinal de poliomielite inativada e de pentavalente; o percentual de pessoas hipertensas com press\u00e3o arterial aferida em cada semestre; e o percentual de diab\u00e9ticos com solicita\u00e7\u00e3o de hemoglobina glicada.<\/span><\/p>\n<p style=\"text-align: justify;\"><span style=\"font-size: 14pt; font-family: arial, helvetica, sans-serif;\">\u201cRessaltamos que Serra Talhada quando comparada aos munic\u00edpios elegidos, \u00e9 a mais populosa, o que nos deixa felizes, pois mesmo com a pandemia da Covid-19, conseguimos prestar uma sa\u00fade de qualidade a nossa popula\u00e7\u00e3o. No que se refere aos indicadores do Previne Brasil, programa federal que garante recursos para a Aten\u00e7\u00e3o Prim\u00e1ria, obtivemos resultados muito satisfat\u00f3rios no ano passado, ficando entre os primeiros munic\u00edpios do estado, com indicadores positivos referentes ao atendimento de gestantes, cobertura de exames, cobertura vacinal e acompanhamento dos pacientes com hipertens\u00e3o e diabetes\u201d, destacou a secret\u00e1ria de Sa\u00fade, Lisbeth Rosa Lima.<\/span><\/p>\n","protected":false},"excerpt":{"rendered":"<p>Apesar da pandemia da Covid-19, o munic&iacute;pio de Serra Talhada vem se destacando em &acirc;mbito regional e estadual de acordo com os resultados do Programa Previne Brasil, do Minist&eacute;rio da Sa&uacute;de, que mede os indicadores relativos aos servi&ccedil;os da Aten&ccedil;&atilde;o B&aacute;sica dos munic&iacute;pios. No primeiro quadrimestre de 2021, Serra Talhada ficou em 4&ordm; lugar e no segundo quadrimestre do referido ano ficou em 7&ordm; lugar no Estado de Pernambuco. O Programa Previne Brasil avalia a propor&ccedil;&atilde;o de gestantes com pelo menos 6 (seis) consultas pr&eacute;-natal realizadas, sendo a 1&ordf; at&eacute; a 20&ordf; semana de gesta&ccedil;&atilde;o; a propor&ccedil;&atilde;o de gestantes com &#8230; <\/p>\n<p class=\"read-more-container\"><a title=\"Serra Talhada comemora primeiras coloca\u00e7\u00f5es no ranking do Previne Brasil em Pernambuco\" class=\"read-more button\" href=\"https:\/\/blogdojuniorcavalcanti.com.br\/index.php\/2022\/01\/26\/serra-talhada-comemora-primeiras-colocacoes-no-ranking-do-previne-brasil-em-pernambuco\/#more-12135\" aria-label=\"More on Serra Talhada comemora primeiras coloca\u00e7\u00f5es no ranking do Previne Brasil em Pernambuco\">Leia mais<\/a><\/p>\n","protected":false},"author":2,"featured_media":0,"comment_status":"open","ping_status":"open","sticky":false,"template":"","format":"standard","meta":{"footnotes":""},"categories":[1],"tags":[],"class_list":["post-12135","post","type-post","status-publish","format-standard","hentry","category-sem-categoria"],"_links":{"self":[{"href":"https:\/\/blogdojuniorcavalcanti.com.br\/index.php\/wp-json\/wp\/v2\/posts\/12135","targetHints":{"allow":["GET"]}}],"collection":[{"href":"https:\/\/blogdojuniorcavalcanti.com.br\/index.php\/wp-json\/wp\/v2\/posts"}],"about":[{"href":"https:\/\/blogdojuniorcavalcanti.com.br\/index.php\/wp-json\/wp\/v2\/types\/post"}],"author":[{"embeddable":true,"href":"https:\/\/blogdojuniorcavalcanti.com.br\/index.php\/wp-json\/wp\/v2\/users\/2"}],"replies":[{"embeddable":true,"href":"https:\/\/blogdojuniorcavalcanti.com.br\/index.php\/wp-json\/wp\/v2\/comments?post=12135"}],"version-history":[{"count":1,"href":"https:\/\/blogdojuniorcavalcanti.com.br\/index.php\/wp-json\/wp\/v2\/posts\/12135\/revisions"}],"predecessor-version":[{"id":12136,"href":"https:\/\/blogdojuniorcavalcanti.com.br\/index.php\/wp-json\/wp\/v2\/posts\/12135\/revisions\/12136"}],"wp:attachment":[{"href":"https:\/\/blogdojuniorcavalcanti.com.br\/index.php\/wp-json\/wp\/v2\/media?parent=12135"}],"wp:term":[{"taxonomy":"category","embeddable":true,"href":"https:\/\/blogdojuniorcavalcanti.com.br\/index.php\/wp-json\/wp\/v2\/categories?post=12135"},{"taxonomy":"post_tag","embeddable":true,"href":"https:\/\/blogdojuniorcavalcanti.com.br\/index.php\/wp-json\/wp\/v2\/tags?post=12135"}],"curies":[{"name":"wp","href":"https:\/\/api.w.org\/{rel}","templated":true}]}}