{"id":12205,"date":"2022-01-27T18:31:22","date_gmt":"2022-01-27T21:31:22","guid":{"rendered":"http:\/\/blogdojuniorcavalcanti.com.br\/?p=12205"},"modified":"2022-01-27T18:31:22","modified_gmt":"2022-01-27T21:31:22","slug":"prefeitura-de-tabira-entrega-kits-tecnologicos-e-fardamento-para-alunos-da-rede-municipal","status":"publish","type":"post","link":"https:\/\/blogdojuniorcavalcanti.com.br\/index.php\/2022\/01\/27\/prefeitura-de-tabira-entrega-kits-tecnologicos-e-fardamento-para-alunos-da-rede-municipal\/","title":{"rendered":"Prefeitura de Tabira entrega kits tecnol\u00f3gicos e fardamento para alunos da rede municipal"},"content":{"rendered":"<p style=\"text-align: justify;\"><span style=\"font-size: 14pt;\"><a href=\"https:\/\/nilljunior.com.br\/wp-content\/uploads\/2022\/01\/kit-tecnologico.jpg\"><img fetchpriority=\"high\" decoding=\"async\" class=\"alignleft wp-image-222918 jetpack-lazy-image jetpack-lazy-image--handled\" src=\"https:\/\/nilljunior.com.br\/wp-content\/uploads\/2022\/01\/kit-tecnologico.jpg\" sizes=\"(max-width: 400px) 100vw, 400px\" srcset=\"https:\/\/nilljunior.com.br\/wp-content\/uploads\/2022\/01\/kit-tecnologico.jpg 275w, https:\/\/nilljunior.com.br\/wp-content\/uploads\/2022\/01\/kit-tecnologico-150x100.jpg 150w\" alt=\"\" width=\"400\" height=\"266\" data-attachment-id=\"222918\" data-permalink=\"https:\/\/nilljunior.com.br\/prefeitura-de-tabira-entrega-kits-tecnologicos-e-fardamento-para-alunos-da-rede-municipal\/kit-tecnologico\/\" data-orig-file=\"https:\/\/nilljunior.com.br\/wp-content\/uploads\/2022\/01\/kit-tecnologico.jpg\" data-orig-size=\"275,183\" data-comments-opened=\"1\" data-image-meta=\"{&quot;aperture&quot;:&quot;0&quot;,&quot;credit&quot;:&quot;&quot;,&quot;camera&quot;:&quot;&quot;,&quot;caption&quot;:&quot;&quot;,&quot;created_timestamp&quot;:&quot;0&quot;,&quot;copyright&quot;:&quot;&quot;,&quot;focal_length&quot;:&quot;0&quot;,&quot;iso&quot;:&quot;0&quot;,&quot;shutter_speed&quot;:&quot;0&quot;,&quot;title&quot;:&quot;&quot;,&quot;orientation&quot;:&quot;1&quot;}\" data-image-title=\"kit-tecnologico\" data-image-description=\"\" data-medium-file=\"https:\/\/nilljunior.com.br\/wp-content\/uploads\/2022\/01\/kit-tecnologico.jpg\" data-large-file=\"https:\/\/nilljunior.com.br\/wp-content\/uploads\/2022\/01\/kit-tecnologico.jpg\" data-lazy-loaded=\"1\" \/><\/a><span style=\"font-family: arial, helvetica, sans-serif;\">A secret\u00e1ria de Educa\u00e7\u00e3o, Lyedja Barros, esteve acompanhada da prefeita Nicinha Melo na manh\u00e3 desta quarta-feira (26) para iniciar a entrega dos kits tecnol\u00f3gicos e fardamento para os alunos da Rede Municipal de ensino de Tabira.<\/span><\/span><\/p>\n<p style=\"text-align: justify;\"><span style=\"font-size: 14pt; font-family: arial, helvetica, sans-serif;\">A Escola Dona Toinha que fica no centro da cidade foi a primeira a receber o material que \u00e9 composto por tv de 50 polegadas, notebook, ar condicionado, celular, impressora e projetor.<\/span><\/p>\n<p style=\"text-align: justify;\"><span style=\"font-size: 14pt; font-family: arial, helvetica, sans-serif;\">Esses equipamentos t\u00eam por objetivo contribuir para a qualidade do ensino e potencializar o ensino h\u00edbrido. Na ocasi\u00e3o tamb\u00e9m foi entregue o fardamento para todos os estudantes matriculados na rede municipal no ano de 2022.<\/span><\/p>\n","protected":false},"excerpt":{"rendered":"<p>A secret&aacute;ria de Educa&ccedil;&atilde;o, Lyedja Barros, esteve acompanhada da prefeita Nicinha Melo na manh&atilde; desta quarta-feira (26) para iniciar a entrega dos kits tecnol&oacute;gicos e fardamento para os alunos da Rede Municipal de ensino de Tabira. A Escola Dona Toinha que fica no centro da cidade foi a primeira a receber o material que &eacute; composto por tv de 50 polegadas, notebook, ar condicionado, celular, impressora e projetor. Esses equipamentos t&ecirc;m por objetivo contribuir para a qualidade do ensino e potencializar o ensino h&iacute;brido. Na ocasi&atilde;o tamb&eacute;m foi entregue o fardamento para todos os estudantes matriculados na rede municipal no &#8230; <\/p>\n<p class=\"read-more-container\"><a title=\"Prefeitura de Tabira entrega kits tecnol\u00f3gicos e fardamento para alunos da rede municipal\" class=\"read-more button\" href=\"https:\/\/blogdojuniorcavalcanti.com.br\/index.php\/2022\/01\/27\/prefeitura-de-tabira-entrega-kits-tecnologicos-e-fardamento-para-alunos-da-rede-municipal\/#more-12205\" aria-label=\"More on Prefeitura de Tabira entrega kits tecnol\u00f3gicos e fardamento para alunos da rede municipal\">Leia mais<\/a><\/p>\n","protected":false},"author":2,"featured_media":0,"comment_status":"open","ping_status":"open","sticky":false,"template":"","format":"standard","meta":{"footnotes":""},"categories":[1],"tags":[],"class_list":["post-12205","post","type-post","status-publish","format-standard","hentry","category-sem-categoria"],"_links":{"self":[{"href":"https:\/\/blogdojuniorcavalcanti.com.br\/index.php\/wp-json\/wp\/v2\/posts\/12205","targetHints":{"allow":["GET"]}}],"collection":[{"href":"https:\/\/blogdojuniorcavalcanti.com.br\/index.php\/wp-json\/wp\/v2\/posts"}],"about":[{"href":"https:\/\/blogdojuniorcavalcanti.com.br\/index.php\/wp-json\/wp\/v2\/types\/post"}],"author":[{"embeddable":true,"href":"https:\/\/blogdojuniorcavalcanti.com.br\/index.php\/wp-json\/wp\/v2\/users\/2"}],"replies":[{"embeddable":true,"href":"https:\/\/blogdojuniorcavalcanti.com.br\/index.php\/wp-json\/wp\/v2\/comments?post=12205"}],"version-history":[{"count":1,"href":"https:\/\/blogdojuniorcavalcanti.com.br\/index.php\/wp-json\/wp\/v2\/posts\/12205\/revisions"}],"predecessor-version":[{"id":12206,"href":"https:\/\/blogdojuniorcavalcanti.com.br\/index.php\/wp-json\/wp\/v2\/posts\/12205\/revisions\/12206"}],"wp:attachment":[{"href":"https:\/\/blogdojuniorcavalcanti.com.br\/index.php\/wp-json\/wp\/v2\/media?parent=12205"}],"wp:term":[{"taxonomy":"category","embeddable":true,"href":"https:\/\/blogdojuniorcavalcanti.com.br\/index.php\/wp-json\/wp\/v2\/categories?post=12205"},{"taxonomy":"post_tag","embeddable":true,"href":"https:\/\/blogdojuniorcavalcanti.com.br\/index.php\/wp-json\/wp\/v2\/tags?post=12205"}],"curies":[{"name":"wp","href":"https:\/\/api.w.org\/{rel}","templated":true}]}}