{"id":12227,"date":"2022-01-28T09:41:15","date_gmt":"2022-01-28T12:41:15","guid":{"rendered":"http:\/\/blogdojuniorcavalcanti.com.br\/?p=12227"},"modified":"2022-01-28T09:41:15","modified_gmt":"2022-01-28T12:41:15","slug":"vereadores-de-sertania-vao-solicitar-o-adiamento-do-inicio-do-ano-letivo-no-municipio","status":"publish","type":"post","link":"https:\/\/blogdojuniorcavalcanti.com.br\/index.php\/2022\/01\/28\/vereadores-de-sertania-vao-solicitar-o-adiamento-do-inicio-do-ano-letivo-no-municipio\/","title":{"rendered":"Vereadores de Sert\u00e2nia v\u00e3o solicitar o adiamento do in\u00edcio do ano letivo no munic\u00edpio"},"content":{"rendered":"<p style=\"text-align: justify;\"><span style=\"font-size: 14pt; font-family: arial, helvetica, sans-serif;\"><img fetchpriority=\"high\" decoding=\"async\" class=\"alignleft\" src=\"https:\/\/www.sertania.pe.leg.br\/wp-content\/uploads\/2021\/07\/Camara_Sertania.jpg\" alt=\"https:\/\/www.sertania.pe.leg.br\/wp-content\/uploads\/2021\/07\/Camara_Sertania.jpg\" width=\"343\" height=\"193\" \/><\/span><\/p>\n<p style=\"text-align: justify;\"><span style=\"font-size: 14pt; font-family: arial, helvetica, sans-serif;\">Os nove parlamentares que integram a bancada de apoio ao governo municipal de Sert\u00e2nia participaram de uma reuni\u00e3o para tratarem da situa\u00e7\u00e3o do aumento de casos de Covid-19 no munic\u00edpio.<\/span><\/p>\n<p style=\"text-align: justify;\"><span style=\"font-size: 14pt; font-family: arial, helvetica, sans-serif;\">Por unanimidade, a bancada formada por Ant\u00f4nio Henrique (Fiapo), Washington Passos, Niltinho Sousa, Rita Rodrigues, Denilson, Magaly, Marinho do \u00d4nibus, Mundico e Tadeu Queiroz, decidiu encaminhar ao prefeito \u00c2ngelo Ferreira a sugest\u00e3o de adiamento do in\u00edcio do ano letivo para o dia 21 de fevereiro.<\/span><\/p>\n<p style=\"text-align: justify;\"><span style=\"font-size: 14pt; font-family: arial, helvetica, sans-serif;\">O presidente da C\u00e2mara de Vereadores, Ant\u00f4nio Henrique, disse que conta com a sensibilidade do prefeito para que a sugest\u00e3o seja atendida. \u201cDiariamente Sert\u00e2nia est\u00e1 registrando um grande n\u00famero de casos de covid-19, nos contamos com a sensibilidade do prefeito \u00c2ngelo para que o nosso pleito seja atendido, a exemplo das medidas tomadas no decreto publicado na \u00faltima quarta-feira (26), que entre outras coisas, trata da proibi\u00e7\u00e3o das festas\u201d, disse o parlamentar.<\/span><\/p>\n","protected":false},"excerpt":{"rendered":"<p>Os nove parlamentares que integram a bancada de apoio ao governo municipal de Sert&acirc;nia participaram de uma reuni&atilde;o para tratarem da situa&ccedil;&atilde;o do aumento de casos de Covid-19 no munic&iacute;pio. Por unanimidade, a bancada formada por Ant&ocirc;nio Henrique (Fiapo), Washington Passos, Niltinho Sousa, Rita Rodrigues, Denilson, Magaly, Marinho do &Ocirc;nibus, Mundico e Tadeu Queiroz, decidiu encaminhar ao prefeito &Acirc;ngelo Ferreira a sugest&atilde;o de adiamento do in&iacute;cio do ano letivo para o dia 21 de fevereiro. O presidente da C&acirc;mara de Vereadores, Ant&ocirc;nio Henrique, disse que conta com a sensibilidade do prefeito para que a sugest&atilde;o seja atendida. &ldquo;Diariamente Sert&acirc;nia est&aacute; &#8230; <\/p>\n<p class=\"read-more-container\"><a title=\"Vereadores de Sert\u00e2nia v\u00e3o solicitar o adiamento do in\u00edcio do ano letivo no munic\u00edpio\" class=\"read-more button\" href=\"https:\/\/blogdojuniorcavalcanti.com.br\/index.php\/2022\/01\/28\/vereadores-de-sertania-vao-solicitar-o-adiamento-do-inicio-do-ano-letivo-no-municipio\/#more-12227\" aria-label=\"More on Vereadores de Sert\u00e2nia v\u00e3o solicitar o adiamento do in\u00edcio do ano letivo no munic\u00edpio\">Leia mais<\/a><\/p>\n","protected":false},"author":2,"featured_media":0,"comment_status":"open","ping_status":"open","sticky":false,"template":"","format":"standard","meta":{"footnotes":""},"categories":[1],"tags":[],"class_list":["post-12227","post","type-post","status-publish","format-standard","hentry","category-sem-categoria"],"_links":{"self":[{"href":"https:\/\/blogdojuniorcavalcanti.com.br\/index.php\/wp-json\/wp\/v2\/posts\/12227","targetHints":{"allow":["GET"]}}],"collection":[{"href":"https:\/\/blogdojuniorcavalcanti.com.br\/index.php\/wp-json\/wp\/v2\/posts"}],"about":[{"href":"https:\/\/blogdojuniorcavalcanti.com.br\/index.php\/wp-json\/wp\/v2\/types\/post"}],"author":[{"embeddable":true,"href":"https:\/\/blogdojuniorcavalcanti.com.br\/index.php\/wp-json\/wp\/v2\/users\/2"}],"replies":[{"embeddable":true,"href":"https:\/\/blogdojuniorcavalcanti.com.br\/index.php\/wp-json\/wp\/v2\/comments?post=12227"}],"version-history":[{"count":1,"href":"https:\/\/blogdojuniorcavalcanti.com.br\/index.php\/wp-json\/wp\/v2\/posts\/12227\/revisions"}],"predecessor-version":[{"id":12228,"href":"https:\/\/blogdojuniorcavalcanti.com.br\/index.php\/wp-json\/wp\/v2\/posts\/12227\/revisions\/12228"}],"wp:attachment":[{"href":"https:\/\/blogdojuniorcavalcanti.com.br\/index.php\/wp-json\/wp\/v2\/media?parent=12227"}],"wp:term":[{"taxonomy":"category","embeddable":true,"href":"https:\/\/blogdojuniorcavalcanti.com.br\/index.php\/wp-json\/wp\/v2\/categories?post=12227"},{"taxonomy":"post_tag","embeddable":true,"href":"https:\/\/blogdojuniorcavalcanti.com.br\/index.php\/wp-json\/wp\/v2\/tags?post=12227"}],"curies":[{"name":"wp","href":"https:\/\/api.w.org\/{rel}","templated":true}]}}