{"id":12288,"date":"2022-01-29T09:59:22","date_gmt":"2022-01-29T12:59:22","guid":{"rendered":"http:\/\/blogdojuniorcavalcanti.com.br\/?p=12288"},"modified":"2022-01-29T09:59:22","modified_gmt":"2022-01-29T12:59:22","slug":"correios-terao-de-afastar-quem-esteve-com-trabalhador-com-covid-19","status":"publish","type":"post","link":"https:\/\/blogdojuniorcavalcanti.com.br\/index.php\/2022\/01\/29\/correios-terao-de-afastar-quem-esteve-com-trabalhador-com-covid-19\/","title":{"rendered":"Correios ter\u00e3o de afastar quem esteve com trabalhador com Covid-19"},"content":{"rendered":"<p style=\"text-align: justify;\"><span style=\"font-size: 14pt; font-family: arial, helvetica, sans-serif;\"><img fetchpriority=\"high\" decoding=\"async\" class=\"attachment-post-thumbnail wp-post-image alignleft\" src=\"https:\/\/cdn.jornaldebrasilia.com.br\/wp-content\/uploads\/2020\/06\/20200131015531_1200_675_-_correios-1000x600.jpg\" sizes=\"(max-width: 1000px) 100vw, 1000px\" srcset=\"https:\/\/cdn.jornaldebrasilia.com.br\/wp-content\/uploads\/2020\/06\/20200131015531_1200_675_-_correios-1000x600.jpg 1000w, https:\/\/cdn.jornaldebrasilia.com.br\/wp-content\/uploads\/2020\/06\/20200131015531_1200_675_-_correios-590x354.jpg 590w, https:\/\/cdn.jornaldebrasilia.com.br\/wp-content\/uploads\/2020\/06\/20200131015531_1200_675_-_correios-400x240.jpg 400w\" alt=\"\" width=\"327\" height=\"196\" \/><\/span><\/p>\n<p style=\"text-align: justify;\"><span style=\"font-size: 14pt; font-family: arial, helvetica, sans-serif;\">O desembargador do trabalho Francisco Alberto Giordani, vice-presidente do Tribunal Regional do Trabalho da 15\u00aa Regi\u00e3o, determinou que os Correios afastem das atividades presenciais todos os trabalhadores que tiveram contato com colegas contaminados e tamb\u00e9m aqueles pertencentes a grupos de risco.<\/span><\/p>\n<p style=\"text-align: justify;\"><span style=\"font-size: 14pt; font-family: arial, helvetica, sans-serif;\">Decis\u00e3o anterior do tribunal j\u00e1 obrigava o afastamento de todos aqueles que estivessem contaminados. A licen\u00e7a deve ser de sete a dez dias, segundo o previsto na portaria 20 dos minist\u00e9rios do Trabalho e Previd\u00eancia e da Sa\u00fade.<\/span><\/p>\n<p style=\"text-align: justify;\"><span style=\"font-size: 14pt; font-family: arial, helvetica, sans-serif;\">A decis\u00e3o tomada \u00e9 uma tutela provis\u00f3ria e vale apenas para os trabalhadores da regi\u00e3o de Campinas (SP) -a a\u00e7\u00e3o foi iniciada pelo sindicato de trabalhadores da regi\u00e3o.<\/span><\/p>\n<p style=\"text-align: justify;\"><span style=\"font-size: 14pt; font-family: arial, helvetica, sans-serif;\">\u201cA portaria do Minist\u00e9rio do Trabalho amplia o direito ao afastamento para esses casos [os contatantes], que passam a ser considerados suspeitos. No meu modo de entender, essas pessoas tamb\u00e9m t\u00eam que ser protegidas\u201d, disse o desembargador.<\/span><\/p>\n<p style=\"text-align: justify;\"><span style=\"font-size: 14pt; font-family: arial, helvetica, sans-serif;\">A Empresa Brasileira de Correios e Tel\u00e9grafos (EBCT) afirmou, em nota, que s\u00f3 se manifesta em ju\u00edzo sobre os processos em que \u00e9 parte. Disse tamb\u00e9m que desde mar\u00e7o de 2020, quando a pandemia teve in\u00edcio, mant\u00e9m rotinas de sanitiza\u00e7\u00e3o nas ag\u00eancias e acompanha a situa\u00e7\u00e3o de sa\u00fade de seus funcion\u00e1rios.<\/span><\/p>\n<p style=\"text-align: justify;\"><span style=\"font-size: 14pt; font-family: arial, helvetica, sans-serif;\">\u201cA estatal segue as orienta\u00e7\u00f5es do Minist\u00e9rio da Sa\u00fade e demais \u00f3rg\u00e3os sanit\u00e1rios estaduais e municipais no tocante aos casos confirmados e suspeitos\u201d, afirmou.<\/span><\/p>\n<p style=\"text-align: justify;\"><span style=\"font-size: 14pt; font-family: arial, helvetica, sans-serif;\">Para o vice-presidente do TRT-15, o direito ao afastamento tamb\u00e9m deve valer aos trabalhadores que integram grupos de risco e aos que convivem com pessoas consideradas mais sucess\u00edveis em caso de contamina\u00e7\u00e3o. Em todos os casos, escreveu o desembargador, os Correios poder\u00e3o designar o trabalho remoto ou teletrabalho.<\/span><\/p>\n<p style=\"text-align: justify;\"><span style=\"font-size: 14pt; font-family: arial, helvetica, sans-serif;\">A decis\u00e3o tamb\u00e9m prev\u00ea a obriga\u00e7\u00e3o de os Correios manterem as remunera\u00e7\u00f5es de todos os afastados, mesmo dos que n\u00e3o puderem continuar trabalhando a dist\u00e2ncia.<\/span><\/p>\n","protected":false},"excerpt":{"rendered":"<p>O desembargador do trabalho Francisco Alberto Giordani, vice-presidente do Tribunal Regional do Trabalho da 15&ordf; Regi&atilde;o, determinou que os Correios afastem das atividades presenciais todos os trabalhadores que tiveram contato com colegas contaminados e tamb&eacute;m aqueles pertencentes a grupos de risco. Decis&atilde;o anterior do tribunal j&aacute; obrigava o afastamento de todos aqueles que estivessem contaminados. A licen&ccedil;a deve ser de sete a dez dias, segundo o previsto na portaria 20 dos minist&eacute;rios do Trabalho e Previd&ecirc;ncia e da Sa&uacute;de. A decis&atilde;o tomada &eacute; uma tutela provis&oacute;ria e vale apenas para os trabalhadores da regi&atilde;o de Campinas (SP) -a a&ccedil;&atilde;o foi &#8230; <\/p>\n<p class=\"read-more-container\"><a title=\"Correios ter\u00e3o de afastar quem esteve com trabalhador com Covid-19\" class=\"read-more button\" href=\"https:\/\/blogdojuniorcavalcanti.com.br\/index.php\/2022\/01\/29\/correios-terao-de-afastar-quem-esteve-com-trabalhador-com-covid-19\/#more-12288\" aria-label=\"More on Correios ter\u00e3o de afastar quem esteve com trabalhador com Covid-19\">Leia mais<\/a><\/p>\n","protected":false},"author":2,"featured_media":0,"comment_status":"open","ping_status":"open","sticky":false,"template":"","format":"standard","meta":{"footnotes":""},"categories":[1],"tags":[],"class_list":["post-12288","post","type-post","status-publish","format-standard","hentry","category-sem-categoria"],"_links":{"self":[{"href":"https:\/\/blogdojuniorcavalcanti.com.br\/index.php\/wp-json\/wp\/v2\/posts\/12288","targetHints":{"allow":["GET"]}}],"collection":[{"href":"https:\/\/blogdojuniorcavalcanti.com.br\/index.php\/wp-json\/wp\/v2\/posts"}],"about":[{"href":"https:\/\/blogdojuniorcavalcanti.com.br\/index.php\/wp-json\/wp\/v2\/types\/post"}],"author":[{"embeddable":true,"href":"https:\/\/blogdojuniorcavalcanti.com.br\/index.php\/wp-json\/wp\/v2\/users\/2"}],"replies":[{"embeddable":true,"href":"https:\/\/blogdojuniorcavalcanti.com.br\/index.php\/wp-json\/wp\/v2\/comments?post=12288"}],"version-history":[{"count":1,"href":"https:\/\/blogdojuniorcavalcanti.com.br\/index.php\/wp-json\/wp\/v2\/posts\/12288\/revisions"}],"predecessor-version":[{"id":12289,"href":"https:\/\/blogdojuniorcavalcanti.com.br\/index.php\/wp-json\/wp\/v2\/posts\/12288\/revisions\/12289"}],"wp:attachment":[{"href":"https:\/\/blogdojuniorcavalcanti.com.br\/index.php\/wp-json\/wp\/v2\/media?parent=12288"}],"wp:term":[{"taxonomy":"category","embeddable":true,"href":"https:\/\/blogdojuniorcavalcanti.com.br\/index.php\/wp-json\/wp\/v2\/categories?post=12288"},{"taxonomy":"post_tag","embeddable":true,"href":"https:\/\/blogdojuniorcavalcanti.com.br\/index.php\/wp-json\/wp\/v2\/tags?post=12288"}],"curies":[{"name":"wp","href":"https:\/\/api.w.org\/{rel}","templated":true}]}}