{"id":12735,"date":"2022-02-07T16:12:51","date_gmt":"2022-02-07T19:12:51","guid":{"rendered":"https:\/\/blogdojuniorcavalcanti.com.br\/?p=12735"},"modified":"2022-02-07T16:12:51","modified_gmt":"2022-02-07T19:12:51","slug":"pernambuco-recebe-mais-de-49-mil-doses-de-vacinas-da-pfizer","status":"publish","type":"post","link":"https:\/\/blogdojuniorcavalcanti.com.br\/index.php\/2022\/02\/07\/pernambuco-recebe-mais-de-49-mil-doses-de-vacinas-da-pfizer\/","title":{"rendered":"Pernambuco recebe mais de 49 mil doses de vacinas da Pfizer"},"content":{"rendered":"<p style=\"text-align: justify;\"><span style=\"font-size: 14pt;\"><img fetchpriority=\"high\" decoding=\"async\" class=\"alignleft wp-image-203827 jetpack-lazy-image jetpack-lazy-image--handled\" src=\"https:\/\/nilljunior.com.br\/wp-content\/uploads\/2021\/05\/vacina-Pfizer-Pernambuco.jpg\" sizes=\"(max-width: 400px) 100vw, 400px\" srcset=\"https:\/\/nilljunior.com.br\/wp-content\/uploads\/2021\/05\/vacina-Pfizer-Pernambuco.jpg 1154w, https:\/\/nilljunior.com.br\/wp-content\/uploads\/2021\/05\/vacina-Pfizer-Pernambuco-150x100.jpg 150w, https:\/\/nilljunior.com.br\/wp-content\/uploads\/2021\/05\/vacina-Pfizer-Pernambuco-300x200.jpg 300w, https:\/\/nilljunior.com.br\/wp-content\/uploads\/2021\/05\/vacina-Pfizer-Pernambuco-768x511.jpg 768w, https:\/\/nilljunior.com.br\/wp-content\/uploads\/2021\/05\/vacina-Pfizer-Pernambuco-600x400.jpg 600w\" alt=\"\" width=\"400\" height=\"266\" data-attachment-id=\"203827\" data-permalink=\"https:\/\/nilljunior.com.br\/pernambuco-descentraliza-vacina-da-pfizer-para-todos-os-municipios\/vacina-pfizer-pernambuco\/\" data-orig-file=\"https:\/\/nilljunior.com.br\/wp-content\/uploads\/2021\/05\/vacina-Pfizer-Pernambuco.jpg\" data-orig-size=\"1154,768\" data-comments-opened=\"1\" data-image-meta=\"{&quot;aperture&quot;:&quot;4.5&quot;,&quot;credit&quot;:&quot;HRegis&quot;,&quot;camera&quot;:&quot;Canon EOS 5D Mark IV&quot;,&quot;caption&quot;:&quot;&quot;,&quot;created_timestamp&quot;:&quot;1621350472&quot;,&quot;copyright&quot;:&quot;&quot;,&quot;focal_length&quot;:&quot;62&quot;,&quot;iso&quot;:&quot;4000&quot;,&quot;shutter_speed&quot;:&quot;0.00625&quot;,&quot;title&quot;:&quot;&quot;,&quot;orientation&quot;:&quot;0&quot;}\" data-image-title=\"vacina-Pfizer-Pernambuco\" data-image-description=\"\" data-medium-file=\"https:\/\/nilljunior.com.br\/wp-content\/uploads\/2021\/05\/vacina-Pfizer-Pernambuco-300x200.jpg\" data-large-file=\"https:\/\/nilljunior.com.br\/wp-content\/uploads\/2021\/05\/vacina-Pfizer-Pernambuco-600x400.jpg\" data-lazy-loaded=\"1\" \/><span style=\"font-family: arial, helvetica, sans-serif;\">Pernambuco recebeu nova remessa com 49.140 doses de vacinas da Pfizer\/BioNTech nesta segunda-feira (7). As novas doses ser\u00e3o destinadas para aplica\u00e7\u00e3o de segunda dose no p\u00fablico formado por adolescentes.<\/span><\/span><\/p>\n<p style=\"text-align: justify;\"><span style=\"font-size: 14pt; font-family: arial, helvetica, sans-serif;\">Os imunobiol\u00f3gicos j\u00e1 est\u00e3o na sede do Programa Estadual de Imuniza\u00e7\u00f5es (PEI-PE) e ap\u00f3s confer\u00eancia e separa\u00e7\u00e3o dos quantitativos ser\u00e3o encaminhados para as doze Ger\u00eancias Regionais de Sa\u00fade (Geres) onde ficam \u00e0 disposi\u00e7\u00e3o dos gestores municipais.<\/span><\/p>\n<p style=\"text-align: justify;\"><span style=\"font-size: 14pt; font-family: arial, helvetica, sans-serif;\">Do in\u00edcio da campanha, em 18 de janeiro de 2021, at\u00e9 o momento, Pernambuco j\u00e1 recebeu 18.699.423 doses de vacinas contra a Covid-19. Desse total, foram 5.044.420 da Astrazeneca\/Oxford\/Fiocruz; 4.287.253 da Coronavac\/Butantan; 8.187.660 da Pfizer\/BioNTech; 291.300 doses da vacina pedi\u00e1trica da Pfizer; 265.880 doses da vacina da Coronavac\/Butantan para as crian\u00e7as e 622.910 da Janssen.<\/span><\/p>\n","protected":false},"excerpt":{"rendered":"<p>Pernambuco recebeu nova remessa com 49.140 doses de vacinas da Pfizer\/BioNTech nesta segunda-feira (7). As novas doses ser&atilde;o destinadas para aplica&ccedil;&atilde;o de segunda dose no p&uacute;blico formado por adolescentes. Os imunobiol&oacute;gicos j&aacute; est&atilde;o na sede do Programa Estadual de Imuniza&ccedil;&otilde;es (PEI-PE) e ap&oacute;s confer&ecirc;ncia e separa&ccedil;&atilde;o dos quantitativos ser&atilde;o encaminhados para as doze Ger&ecirc;ncias Regionais de Sa&uacute;de (Geres) onde ficam &agrave; disposi&ccedil;&atilde;o dos gestores municipais. Do in&iacute;cio da campanha, em 18 de janeiro de 2021, at&eacute; o momento, Pernambuco j&aacute; recebeu 18.699.423 doses de vacinas contra a Covid-19. Desse total, foram 5.044.420 da Astrazeneca\/Oxford\/Fiocruz; 4.287.253 da Coronavac\/Butantan; 8.187.660 da Pfizer\/BioNTech; &#8230; <\/p>\n<p class=\"read-more-container\"><a title=\"Pernambuco recebe mais de 49 mil doses de vacinas da Pfizer\" class=\"read-more button\" href=\"https:\/\/blogdojuniorcavalcanti.com.br\/index.php\/2022\/02\/07\/pernambuco-recebe-mais-de-49-mil-doses-de-vacinas-da-pfizer\/#more-12735\" aria-label=\"More on Pernambuco recebe mais de 49 mil doses de vacinas da Pfizer\">Leia mais<\/a><\/p>\n","protected":false},"author":2,"featured_media":0,"comment_status":"open","ping_status":"open","sticky":false,"template":"","format":"standard","meta":{"footnotes":""},"categories":[1],"tags":[],"class_list":["post-12735","post","type-post","status-publish","format-standard","hentry","category-sem-categoria"],"_links":{"self":[{"href":"https:\/\/blogdojuniorcavalcanti.com.br\/index.php\/wp-json\/wp\/v2\/posts\/12735","targetHints":{"allow":["GET"]}}],"collection":[{"href":"https:\/\/blogdojuniorcavalcanti.com.br\/index.php\/wp-json\/wp\/v2\/posts"}],"about":[{"href":"https:\/\/blogdojuniorcavalcanti.com.br\/index.php\/wp-json\/wp\/v2\/types\/post"}],"author":[{"embeddable":true,"href":"https:\/\/blogdojuniorcavalcanti.com.br\/index.php\/wp-json\/wp\/v2\/users\/2"}],"replies":[{"embeddable":true,"href":"https:\/\/blogdojuniorcavalcanti.com.br\/index.php\/wp-json\/wp\/v2\/comments?post=12735"}],"version-history":[{"count":1,"href":"https:\/\/blogdojuniorcavalcanti.com.br\/index.php\/wp-json\/wp\/v2\/posts\/12735\/revisions"}],"predecessor-version":[{"id":12736,"href":"https:\/\/blogdojuniorcavalcanti.com.br\/index.php\/wp-json\/wp\/v2\/posts\/12735\/revisions\/12736"}],"wp:attachment":[{"href":"https:\/\/blogdojuniorcavalcanti.com.br\/index.php\/wp-json\/wp\/v2\/media?parent=12735"}],"wp:term":[{"taxonomy":"category","embeddable":true,"href":"https:\/\/blogdojuniorcavalcanti.com.br\/index.php\/wp-json\/wp\/v2\/categories?post=12735"},{"taxonomy":"post_tag","embeddable":true,"href":"https:\/\/blogdojuniorcavalcanti.com.br\/index.php\/wp-json\/wp\/v2\/tags?post=12735"}],"curies":[{"name":"wp","href":"https:\/\/api.w.org\/{rel}","templated":true}]}}