{"id":13034,"date":"2022-02-14T16:38:51","date_gmt":"2022-02-14T19:38:51","guid":{"rendered":"https:\/\/blogdojuniorcavalcanti.com.br\/?p=13034"},"modified":"2022-02-14T16:38:51","modified_gmt":"2022-02-14T19:38:51","slug":"omicron-continua-predominante-em-pernambuco","status":"publish","type":"post","link":"https:\/\/blogdojuniorcavalcanti.com.br\/index.php\/2022\/02\/14\/omicron-continua-predominante-em-pernambuco\/","title":{"rendered":"\u00d4micron continua predominante em Pernambuco"},"content":{"rendered":"<p style=\"text-align: justify;\"><span style=\"font-size: 14pt;\"><a href=\"https:\/\/nilljunior.com.br\/wp-content\/uploads\/2021\/02\/fiocruz-corona.jpg\"><img fetchpriority=\"high\" decoding=\"async\" class=\"alignleft wp-image-196794 jetpack-lazy-image jetpack-lazy-image--handled\" src=\"https:\/\/nilljunior.com.br\/wp-content\/uploads\/2021\/02\/fiocruz-corona.jpg\" sizes=\"(max-width: 400px) 100vw, 400px\" srcset=\"https:\/\/nilljunior.com.br\/wp-content\/uploads\/2021\/02\/fiocruz-corona.jpg 1100w, https:\/\/nilljunior.com.br\/wp-content\/uploads\/2021\/02\/fiocruz-corona-150x100.jpg 150w, https:\/\/nilljunior.com.br\/wp-content\/uploads\/2021\/02\/fiocruz-corona-300x200.jpg 300w, https:\/\/nilljunior.com.br\/wp-content\/uploads\/2021\/02\/fiocruz-corona-768x512.jpg 768w, https:\/\/nilljunior.com.br\/wp-content\/uploads\/2021\/02\/fiocruz-corona-600x400.jpg 600w\" alt=\"\" width=\"400\" height=\"267\" data-attachment-id=\"196794\" data-permalink=\"https:\/\/nilljunior.com.br\/pernambuco-confirma-nova-variante-do-coronavirus-em-dois-pacientes-do-amazonas\/fiocruz-corona\/\" data-orig-file=\"https:\/\/nilljunior.com.br\/wp-content\/uploads\/2021\/02\/fiocruz-corona.jpg\" data-orig-size=\"1100,734\" data-comments-opened=\"1\" data-image-meta=\"{&quot;aperture&quot;:&quot;0&quot;,&quot;credit&quot;:&quot;&quot;,&quot;camera&quot;:&quot;&quot;,&quot;caption&quot;:&quot;&quot;,&quot;created_timestamp&quot;:&quot;0&quot;,&quot;copyright&quot;:&quot;&quot;,&quot;focal_length&quot;:&quot;0&quot;,&quot;iso&quot;:&quot;0&quot;,&quot;shutter_speed&quot;:&quot;0&quot;,&quot;title&quot;:&quot;&quot;,&quot;orientation&quot;:&quot;0&quot;}\" data-image-title=\"fiocruz-corona\" data-image-description=\"\" data-medium-file=\"https:\/\/nilljunior.com.br\/wp-content\/uploads\/2021\/02\/fiocruz-corona-300x200.jpg\" data-large-file=\"https:\/\/nilljunior.com.br\/wp-content\/uploads\/2021\/02\/fiocruz-corona-600x400.jpg\" data-lazy-loaded=\"1\" \/><\/a><span style=\"font-family: arial, helvetica, sans-serif;\">O Instituto Aggeu Magalh\u00e3es (IAM \u2013 Fiocruz-PE) apontou, ap\u00f3s mais uma an\u00e1lise gen\u00e9tica feita em pacientes positivos para a Covid-19, que a variante \u00d4micron continua predominante no territ\u00f3rio pernambucano.\u00a0<\/span><\/span><\/p>\n<p style=\"text-align: justify;\"><span style=\"font-size: 14pt; font-family: arial, helvetica, sans-serif;\">Das 244 amostras analisadas, 243 s\u00e3o desta linhagem. Apenas em uma amostra foi identificada a variante Delta. Os dados foram divulgados neste fim de semana pela Secretaria Estadual de Sa\u00fade (SES-PE).<\/span><\/p>\n<p style=\"text-align: justify;\"><span style=\"font-size: 14pt; font-family: arial, helvetica, sans-serif;\">Todas as 244 amostras foram coletadas em janeiro deste ano, entre os dias 12 e 27. Elas s\u00e3o de pacientes oriundos de munic\u00edpios de todas as regi\u00f5es do Estado.<\/span><\/p>\n<p style=\"text-align: justify;\"><span style=\"font-size: 14pt; font-family: arial, helvetica, sans-serif;\">\u201cDe forma homog\u00eanea, em todo o Estado, ainda estamos com um cen\u00e1rio com indicadores preocupantes por causa da variante \u00f4micron. Por isso, a import\u00e2ncia da intensifica\u00e7\u00e3o da vacina\u00e7\u00e3o nas cidades, principalmente quanto \u00e0 dose de refor\u00e7o e no p\u00fablico infantil para todos que est\u00e3o eleg\u00edveis nesse momento\u201d, pontua o secret\u00e1rio estadual de Sa\u00fade, Andr\u00e9 Longo.<\/span><\/p>\n","protected":false},"excerpt":{"rendered":"<p>O Instituto Aggeu Magalh&atilde;es (IAM &ndash; Fiocruz-PE) apontou, ap&oacute;s mais uma an&aacute;lise gen&eacute;tica feita em pacientes positivos para a Covid-19, que a variante &Ocirc;micron continua predominante no territ&oacute;rio pernambucano.&nbsp; Das 244 amostras analisadas, 243 s&atilde;o desta linhagem. Apenas em uma amostra foi identificada a variante Delta. Os dados foram divulgados neste fim de semana pela Secretaria Estadual de Sa&uacute;de (SES-PE). Todas as 244 amostras foram coletadas em janeiro deste ano, entre os dias 12 e 27. Elas s&atilde;o de pacientes oriundos de munic&iacute;pios de todas as regi&otilde;es do Estado. &ldquo;De forma homog&ecirc;nea, em todo o Estado, ainda estamos com um &#8230; <\/p>\n<p class=\"read-more-container\"><a title=\"\u00d4micron continua predominante em Pernambuco\" class=\"read-more button\" href=\"https:\/\/blogdojuniorcavalcanti.com.br\/index.php\/2022\/02\/14\/omicron-continua-predominante-em-pernambuco\/#more-13034\" aria-label=\"More on \u00d4micron continua predominante em Pernambuco\">Leia mais<\/a><\/p>\n","protected":false},"author":2,"featured_media":0,"comment_status":"open","ping_status":"open","sticky":false,"template":"","format":"standard","meta":{"footnotes":""},"categories":[1],"tags":[],"class_list":["post-13034","post","type-post","status-publish","format-standard","hentry","category-sem-categoria"],"_links":{"self":[{"href":"https:\/\/blogdojuniorcavalcanti.com.br\/index.php\/wp-json\/wp\/v2\/posts\/13034","targetHints":{"allow":["GET"]}}],"collection":[{"href":"https:\/\/blogdojuniorcavalcanti.com.br\/index.php\/wp-json\/wp\/v2\/posts"}],"about":[{"href":"https:\/\/blogdojuniorcavalcanti.com.br\/index.php\/wp-json\/wp\/v2\/types\/post"}],"author":[{"embeddable":true,"href":"https:\/\/blogdojuniorcavalcanti.com.br\/index.php\/wp-json\/wp\/v2\/users\/2"}],"replies":[{"embeddable":true,"href":"https:\/\/blogdojuniorcavalcanti.com.br\/index.php\/wp-json\/wp\/v2\/comments?post=13034"}],"version-history":[{"count":1,"href":"https:\/\/blogdojuniorcavalcanti.com.br\/index.php\/wp-json\/wp\/v2\/posts\/13034\/revisions"}],"predecessor-version":[{"id":13035,"href":"https:\/\/blogdojuniorcavalcanti.com.br\/index.php\/wp-json\/wp\/v2\/posts\/13034\/revisions\/13035"}],"wp:attachment":[{"href":"https:\/\/blogdojuniorcavalcanti.com.br\/index.php\/wp-json\/wp\/v2\/media?parent=13034"}],"wp:term":[{"taxonomy":"category","embeddable":true,"href":"https:\/\/blogdojuniorcavalcanti.com.br\/index.php\/wp-json\/wp\/v2\/categories?post=13034"},{"taxonomy":"post_tag","embeddable":true,"href":"https:\/\/blogdojuniorcavalcanti.com.br\/index.php\/wp-json\/wp\/v2\/tags?post=13034"}],"curies":[{"name":"wp","href":"https:\/\/api.w.org\/{rel}","templated":true}]}}