{"id":13390,"date":"2022-02-21T19:49:21","date_gmt":"2022-02-21T22:49:21","guid":{"rendered":"https:\/\/blogdojuniorcavalcanti.com.br\/?p=13390"},"modified":"2022-02-21T19:49:21","modified_gmt":"2022-02-21T22:49:21","slug":"sje-secretario-de-educacao-visita-escolas-no-primeiro-dia-do-ano-letivo","status":"publish","type":"post","link":"https:\/\/blogdojuniorcavalcanti.com.br\/index.php\/2022\/02\/21\/sje-secretario-de-educacao-visita-escolas-no-primeiro-dia-do-ano-letivo\/","title":{"rendered":"SJE: Secret\u00e1rio de Educa\u00e7\u00e3o visita Escolas no primeiro dia do ano letivo"},"content":{"rendered":"<p style=\"text-align: justify;\"><span style=\"font-size: 14pt;\"><a href=\"https:\/\/nilljunior.com.br\/wp-content\/uploads\/2022\/02\/volta-as-aulas-sao-jose-do-egito.png\"><img fetchpriority=\"high\" decoding=\"async\" class=\"alignleft wp-image-224986 jetpack-lazy-image jetpack-lazy-image--handled\" src=\"https:\/\/nilljunior.com.br\/wp-content\/uploads\/2022\/02\/volta-as-aulas-sao-jose-do-egito.png\" sizes=\"(max-width: 400px) 100vw, 400px\" srcset=\"https:\/\/nilljunior.com.br\/wp-content\/uploads\/2022\/02\/volta-as-aulas-sao-jose-do-egito.png 568w, https:\/\/nilljunior.com.br\/wp-content\/uploads\/2022\/02\/volta-as-aulas-sao-jose-do-egito-300x203.png 300w\" alt=\"\" width=\"400\" height=\"271\" data-attachment-id=\"224986\" data-permalink=\"https:\/\/nilljunior.com.br\/sje-secretario-de-educacao-visita-escolas-no-primeiro-dia-do-ano-letivo\/volta-as-aulas-sao-jose-do-egito\/\" data-orig-file=\"https:\/\/nilljunior.com.br\/wp-content\/uploads\/2022\/02\/volta-as-aulas-sao-jose-do-egito.png\" data-orig-size=\"568,385\" data-comments-opened=\"1\" data-image-meta=\"{&quot;aperture&quot;:&quot;0&quot;,&quot;credit&quot;:&quot;&quot;,&quot;camera&quot;:&quot;&quot;,&quot;caption&quot;:&quot;&quot;,&quot;created_timestamp&quot;:&quot;0&quot;,&quot;copyright&quot;:&quot;&quot;,&quot;focal_length&quot;:&quot;0&quot;,&quot;iso&quot;:&quot;0&quot;,&quot;shutter_speed&quot;:&quot;0&quot;,&quot;title&quot;:&quot;&quot;,&quot;orientation&quot;:&quot;0&quot;}\" data-image-title=\"volta-as-aulas-sao-jose-do-egito\" data-image-description=\"\" data-medium-file=\"https:\/\/nilljunior.com.br\/wp-content\/uploads\/2022\/02\/volta-as-aulas-sao-jose-do-egito-300x203.png\" data-large-file=\"https:\/\/nilljunior.com.br\/wp-content\/uploads\/2022\/02\/volta-as-aulas-sao-jose-do-egito.png\" data-lazy-loaded=\"1\" \/><\/a><span style=\"font-family: arial, helvetica, sans-serif;\">O secret\u00e1rio de Educa\u00e7\u00e3o de S\u00e3o Jos\u00e9 do Egito, Henrique Marinho, acompanhou de perto, a volta das aulas presenciais nas escolas da rede municipal de ensino, nesta segunda-feira (21).\u00a0<\/span><\/span><\/p>\n<p style=\"text-align: justify;\"><span style=\"font-size: 14pt; font-family: arial, helvetica, sans-serif;\">A diretora-geral de ensino do munic\u00edpio, a professora Selma Leite, acompanhou o secret\u00e1rio nas visitas.<\/span><\/p>\n<p style=\"text-align: justify;\"><span style=\"font-size: 14pt; font-family: arial, helvetica, sans-serif;\">As aulas presenciais retornaram em S\u00e3o Jos\u00e9 do Egito nesta segunda, seguindo todos os protocolos para controle da pandemia da covid-19.<\/span><\/p>\n<p style=\"text-align: justify;\"><span style=\"font-size: 14pt; font-family: arial, helvetica, sans-serif;\">A equipe t\u00e9cnica da Secretaria de Educa\u00e7\u00e3o tamb\u00e9m iniciou nesta segunda-feira as visitas nas institui\u00e7\u00f5es para acompanhar o andamento pedag\u00f3gico dos alunos.<\/span><\/p>\n","protected":false},"excerpt":{"rendered":"<p>O secret&aacute;rio de Educa&ccedil;&atilde;o de S&atilde;o Jos&eacute; do Egito, Henrique Marinho, acompanhou de perto, a volta das aulas presenciais nas escolas da rede municipal de ensino, nesta segunda-feira (21).&nbsp; A diretora-geral de ensino do munic&iacute;pio, a professora Selma Leite, acompanhou o secret&aacute;rio nas visitas. As aulas presenciais retornaram em S&atilde;o Jos&eacute; do Egito nesta segunda, seguindo todos os protocolos para controle da pandemia da covid-19. A equipe t&eacute;cnica da Secretaria de Educa&ccedil;&atilde;o tamb&eacute;m iniciou nesta segunda-feira as visitas nas institui&ccedil;&otilde;es para acompanhar o andamento pedag&oacute;gico dos alunos.<\/p>\n","protected":false},"author":2,"featured_media":0,"comment_status":"open","ping_status":"open","sticky":false,"template":"","format":"standard","meta":{"footnotes":""},"categories":[1],"tags":[],"class_list":["post-13390","post","type-post","status-publish","format-standard","hentry","category-sem-categoria"],"_links":{"self":[{"href":"https:\/\/blogdojuniorcavalcanti.com.br\/index.php\/wp-json\/wp\/v2\/posts\/13390","targetHints":{"allow":["GET"]}}],"collection":[{"href":"https:\/\/blogdojuniorcavalcanti.com.br\/index.php\/wp-json\/wp\/v2\/posts"}],"about":[{"href":"https:\/\/blogdojuniorcavalcanti.com.br\/index.php\/wp-json\/wp\/v2\/types\/post"}],"author":[{"embeddable":true,"href":"https:\/\/blogdojuniorcavalcanti.com.br\/index.php\/wp-json\/wp\/v2\/users\/2"}],"replies":[{"embeddable":true,"href":"https:\/\/blogdojuniorcavalcanti.com.br\/index.php\/wp-json\/wp\/v2\/comments?post=13390"}],"version-history":[{"count":1,"href":"https:\/\/blogdojuniorcavalcanti.com.br\/index.php\/wp-json\/wp\/v2\/posts\/13390\/revisions"}],"predecessor-version":[{"id":13391,"href":"https:\/\/blogdojuniorcavalcanti.com.br\/index.php\/wp-json\/wp\/v2\/posts\/13390\/revisions\/13391"}],"wp:attachment":[{"href":"https:\/\/blogdojuniorcavalcanti.com.br\/index.php\/wp-json\/wp\/v2\/media?parent=13390"}],"wp:term":[{"taxonomy":"category","embeddable":true,"href":"https:\/\/blogdojuniorcavalcanti.com.br\/index.php\/wp-json\/wp\/v2\/categories?post=13390"},{"taxonomy":"post_tag","embeddable":true,"href":"https:\/\/blogdojuniorcavalcanti.com.br\/index.php\/wp-json\/wp\/v2\/tags?post=13390"}],"curies":[{"name":"wp","href":"https:\/\/api.w.org\/{rel}","templated":true}]}}