{"id":13538,"date":"2022-02-24T11:50:54","date_gmt":"2022-02-24T14:50:54","guid":{"rendered":"https:\/\/blogdojuniorcavalcanti.com.br\/?p=13538"},"modified":"2022-02-24T11:50:54","modified_gmt":"2022-02-24T14:50:54","slug":"pt-de-pernambuco-fechado-com-carlos-veras-para-o-senado","status":"publish","type":"post","link":"https:\/\/blogdojuniorcavalcanti.com.br\/index.php\/2022\/02\/24\/pt-de-pernambuco-fechado-com-carlos-veras-para-o-senado\/","title":{"rendered":"PT de Pernambuco fechado com Carlos Veras para o Senado"},"content":{"rendered":"<p style=\"text-align: justify;\"><span style=\"font-size: 14pt;\"><img fetchpriority=\"high\" decoding=\"async\" class=\"alignleft wp-image-225186 jetpack-lazy-image jetpack-lazy-image--handled\" src=\"https:\/\/nilljunior.com.br\/wp-content\/uploads\/2022\/02\/1000x_0.295902001645698977.jpeg\" sizes=\"(max-width: 400px) 100vw, 400px\" srcset=\"https:\/\/nilljunior.com.br\/wp-content\/uploads\/2022\/02\/1000x_0.295902001645698977.jpeg 978w, https:\/\/nilljunior.com.br\/wp-content\/uploads\/2022\/02\/1000x_0.295902001645698977-300x250.jpeg 300w, https:\/\/nilljunior.com.br\/wp-content\/uploads\/2022\/02\/1000x_0.295902001645698977-768x642.jpeg 768w, https:\/\/nilljunior.com.br\/wp-content\/uploads\/2022\/02\/1000x_0.295902001645698977-478x400.jpeg 478w\" alt=\"\" width=\"400\" height=\"335\" data-attachment-id=\"225186\" data-permalink=\"https:\/\/nilljunior.com.br\/pt-de-pernambuco-fechado-com-carlos-veras-para-o-senado\/1000x_0-295902001645698977\/\" data-orig-file=\"https:\/\/nilljunior.com.br\/wp-content\/uploads\/2022\/02\/1000x_0.295902001645698977.jpeg\" data-orig-size=\"978,818\" data-comments-opened=\"1\" data-image-meta=\"{&quot;aperture&quot;:&quot;0&quot;,&quot;credit&quot;:&quot;&quot;,&quot;camera&quot;:&quot;&quot;,&quot;caption&quot;:&quot;&quot;,&quot;created_timestamp&quot;:&quot;0&quot;,&quot;copyright&quot;:&quot;&quot;,&quot;focal_length&quot;:&quot;0&quot;,&quot;iso&quot;:&quot;0&quot;,&quot;shutter_speed&quot;:&quot;0&quot;,&quot;title&quot;:&quot;&quot;,&quot;orientation&quot;:&quot;1&quot;}\" data-image-title=\"1000x_0.295902001645698977\" data-image-description=\"\" data-medium-file=\"https:\/\/nilljunior.com.br\/wp-content\/uploads\/2022\/02\/1000x_0.295902001645698977-300x250.jpeg\" data-large-file=\"https:\/\/nilljunior.com.br\/wp-content\/uploads\/2022\/02\/1000x_0.295902001645698977-478x400.jpeg\" data-lazy-loaded=\"1\" \/><span style=\"font-family: arial, helvetica, sans-serif;\">Do Blog de Alberes Xavier<\/span><\/span><\/p>\n<p style=\"text-align: justify;\"><span style=\"font-size: 14pt; font-family: arial, helvetica, sans-serif;\">Ap\u00f3s reuni\u00f5es e pesquisas em busca do nome ideal, o Partido dos Trabalhadores (PT), j\u00e1 decidiu quem ser\u00e1 o escolhido para representar a legenda e ser o candidato ao Senado Federal pela Frente Popular de Pernambuco. Trata-se do deputado federal de 1\u00ba mandato, Carlos Veras. Defensor do homem do campo, Carlos pode quebrar mais um paradigma, se eleito, ser\u00e1 o primeiro senador por Pernambuco sindicalista e oriundo da agricultura.<\/span><\/p>\n<p style=\"text-align: justify;\"><span style=\"font-size: 14pt; font-family: arial, helvetica, sans-serif;\">Natural de Tabira, Sert\u00e3o do Paje\u00fa, Carlos Veras come\u00e7ou sua trajet\u00f3ria pol\u00edtica aos 18 anos como presidente da Associa\u00e7\u00e3o Rural de Po\u00e7o de Dantas. Depois assumiu outros postos de comando no movimento sindical e de agricultores. Foi coordenador do Complexo das Cooperativas do Sert\u00e3o; secret\u00e1rio-geral da Cooperativa de Cr\u00e9dito Ecosol-Paje\u00fa; tesoureiro da Ag\u00eancia de Desenvolvimento Solid\u00e1rio da CUT (ADS-CUT); vice-presidente da Central na gest\u00e3o 2009-2012 e presidente de 2012 at\u00e9 2019.<\/span><\/p>\n<p style=\"text-align: justify;\"><span style=\"font-size: 14pt; font-family: arial, helvetica, sans-serif;\">Carlos Veras n\u00e3o brinca em servi\u00e7o, sabe bem qual caminho a seguir para conquistar seus objetivos e obter sucesso, por isso \u00e9 da tropa de choque do Senador Humberto Costa, nome forte do PT de Pernambuco. Veras tamb\u00e9m possui uma grande simpatia de Doriel Barros, deputado estadual e atual presidente estadual do (PT), tamb\u00e9m militante e protetor do trabalhador rural. Al\u00e9m disso, Carlos \u00e9 um ex\u00edmio defensor da volta Luiz In\u00e1cio Lula da Silva, \u00e0 Presid\u00eancia da Rep\u00fablica do Brasil.<\/span><\/p>\n<p style=\"text-align: justify;\"><span style=\"font-size: 14pt; font-family: arial, helvetica, sans-serif;\">O sindicalista Carlos Veras \u00e9 assistente social e ex-presidente da Central \u00danica dos Trabalhadores CUT-PE. Em 2018, Carlos candidatou-se pelo PT para a C\u00e2mara Federal, obteve 72.005 votos, sendo o primeiro agricultor familiar eleito deputado federal da hist\u00f3ria de Pernambuco. No Congresso Nacional atual como presidente da Comiss\u00e3o de Direitos Humanos da C\u00e2mara. Antes, em 2008, Carlos foi candidato a prefeito de sua cidade natal Tabira, por\u00e9m n\u00e3o obteve \u00eaxito.<\/span><\/p>\n","protected":false},"excerpt":{"rendered":"<p>Do Blog de Alberes Xavier Ap&oacute;s reuni&otilde;es e pesquisas em busca do nome ideal, o Partido dos Trabalhadores (PT), j&aacute; decidiu quem ser&aacute; o escolhido para representar a legenda e ser o candidato ao Senado Federal pela Frente Popular de Pernambuco. Trata-se do deputado federal de 1&ordm; mandato, Carlos Veras. Defensor do homem do campo, Carlos pode quebrar mais um paradigma, se eleito, ser&aacute; o primeiro senador por Pernambuco sindicalista e oriundo da agricultura. Natural de Tabira, Sert&atilde;o do Paje&uacute;, Carlos Veras come&ccedil;ou sua trajet&oacute;ria pol&iacute;tica aos 18 anos como presidente da Associa&ccedil;&atilde;o Rural de Po&ccedil;o de Dantas. Depois assumiu &#8230; <\/p>\n<p class=\"read-more-container\"><a title=\"PT de Pernambuco fechado com Carlos Veras para o Senado\" class=\"read-more button\" href=\"https:\/\/blogdojuniorcavalcanti.com.br\/index.php\/2022\/02\/24\/pt-de-pernambuco-fechado-com-carlos-veras-para-o-senado\/#more-13538\" aria-label=\"More on PT de Pernambuco fechado com Carlos Veras para o Senado\">Leia mais<\/a><\/p>\n","protected":false},"author":2,"featured_media":0,"comment_status":"open","ping_status":"open","sticky":false,"template":"","format":"standard","meta":{"footnotes":""},"categories":[1],"tags":[],"class_list":["post-13538","post","type-post","status-publish","format-standard","hentry","category-sem-categoria"],"_links":{"self":[{"href":"https:\/\/blogdojuniorcavalcanti.com.br\/index.php\/wp-json\/wp\/v2\/posts\/13538","targetHints":{"allow":["GET"]}}],"collection":[{"href":"https:\/\/blogdojuniorcavalcanti.com.br\/index.php\/wp-json\/wp\/v2\/posts"}],"about":[{"href":"https:\/\/blogdojuniorcavalcanti.com.br\/index.php\/wp-json\/wp\/v2\/types\/post"}],"author":[{"embeddable":true,"href":"https:\/\/blogdojuniorcavalcanti.com.br\/index.php\/wp-json\/wp\/v2\/users\/2"}],"replies":[{"embeddable":true,"href":"https:\/\/blogdojuniorcavalcanti.com.br\/index.php\/wp-json\/wp\/v2\/comments?post=13538"}],"version-history":[{"count":1,"href":"https:\/\/blogdojuniorcavalcanti.com.br\/index.php\/wp-json\/wp\/v2\/posts\/13538\/revisions"}],"predecessor-version":[{"id":13539,"href":"https:\/\/blogdojuniorcavalcanti.com.br\/index.php\/wp-json\/wp\/v2\/posts\/13538\/revisions\/13539"}],"wp:attachment":[{"href":"https:\/\/blogdojuniorcavalcanti.com.br\/index.php\/wp-json\/wp\/v2\/media?parent=13538"}],"wp:term":[{"taxonomy":"category","embeddable":true,"href":"https:\/\/blogdojuniorcavalcanti.com.br\/index.php\/wp-json\/wp\/v2\/categories?post=13538"},{"taxonomy":"post_tag","embeddable":true,"href":"https:\/\/blogdojuniorcavalcanti.com.br\/index.php\/wp-json\/wp\/v2\/tags?post=13538"}],"curies":[{"name":"wp","href":"https:\/\/api.w.org\/{rel}","templated":true}]}}