{"id":13596,"date":"2022-02-25T15:21:07","date_gmt":"2022-02-25T18:21:07","guid":{"rendered":"https:\/\/blogdojuniorcavalcanti.com.br\/?p=13596"},"modified":"2022-02-25T15:21:07","modified_gmt":"2022-02-25T18:21:07","slug":"zirleide-cobra-auxilio-para-blocos-e-carnavalescos-de-arcoverde","status":"publish","type":"post","link":"https:\/\/blogdojuniorcavalcanti.com.br\/index.php\/2022\/02\/25\/zirleide-cobra-auxilio-para-blocos-e-carnavalescos-de-arcoverde\/","title":{"rendered":"Zirleide cobra aux\u00edlio para blocos e carnavalescos de Arcoverde"},"content":{"rendered":"<p style=\"text-align: justify;\"><span style=\"font-size: 14pt;\"><a href=\"https:\/\/nilljunior.com.br\/wp-content\/uploads\/2020\/04\/zirleide.jpeg\"><img fetchpriority=\"high\" decoding=\"async\" class=\"alignleft wp-image-173975 jetpack-lazy-image jetpack-lazy-image--handled\" src=\"https:\/\/nilljunior.com.br\/wp-content\/uploads\/2020\/04\/zirleide.jpeg\" sizes=\"(max-width: 400px) 100vw, 400px\" srcset=\"https:\/\/nilljunior.com.br\/wp-content\/uploads\/2020\/04\/zirleide.jpeg 1280w, https:\/\/nilljunior.com.br\/wp-content\/uploads\/2020\/04\/zirleide-300x169.jpeg 300w, https:\/\/nilljunior.com.br\/wp-content\/uploads\/2020\/04\/zirleide-768x432.jpeg 768w, https:\/\/nilljunior.com.br\/wp-content\/uploads\/2020\/04\/zirleide-600x338.jpeg 600w\" alt=\"\" width=\"400\" height=\"225\" data-attachment-id=\"173975\" data-permalink=\"https:\/\/nilljunior.com.br\/arcoverde-vereadora-cobra-transparencia-nos-gastos-contra-a-pandemia\/zirleide-3\/\" data-orig-file=\"https:\/\/nilljunior.com.br\/wp-content\/uploads\/2020\/04\/zirleide.jpeg\" data-orig-size=\"1280,720\" data-comments-opened=\"1\" data-image-meta=\"{&quot;aperture&quot;:&quot;0&quot;,&quot;credit&quot;:&quot;&quot;,&quot;camera&quot;:&quot;&quot;,&quot;caption&quot;:&quot;&quot;,&quot;created_timestamp&quot;:&quot;0&quot;,&quot;copyright&quot;:&quot;&quot;,&quot;focal_length&quot;:&quot;0&quot;,&quot;iso&quot;:&quot;0&quot;,&quot;shutter_speed&quot;:&quot;0&quot;,&quot;title&quot;:&quot;&quot;,&quot;orientation&quot;:&quot;0&quot;}\" data-image-title=\"zirleide\" data-image-description=\"\" data-medium-file=\"https:\/\/nilljunior.com.br\/wp-content\/uploads\/2020\/04\/zirleide-300x169.jpeg\" data-large-file=\"https:\/\/nilljunior.com.br\/wp-content\/uploads\/2020\/04\/zirleide-600x338.jpeg\" data-lazy-loaded=\"1\" \/><\/a><span style=\"font-family: arial, helvetica, sans-serif;\">Os blocos, bois e tro\u00e7as carnavalescas de Arcoverde mais uma vez v\u00e3o ficar sem poderem se apresentar devido a suspens\u00e3o da folia de momo diante do quadro de mais casos da Covid-19.\u00a0<\/span><\/span><\/p>\n<p style=\"text-align: justify;\"><span style=\"font-size: 14pt; font-family: arial, helvetica, sans-serif;\">Para atender a esse p\u00fablico, a vereadora Zirleide Monteiro (PTB) cobrou do prefeito do munic\u00edpio, Wellington Maciel (MDB), a cria\u00e7\u00e3o de um aux\u00edlio cultural para atender esses fazedores de cultura. Em 2021 os carnavalescos foram contemplados com o aux\u00edlio.<\/span><\/p>\n<p style=\"text-align: justify;\"><span style=\"font-size: 14pt; font-family: arial, helvetica, sans-serif;\">\u201cMais uma vez, diante da piora no cen\u00e1rio epidemiol\u00f3gico da Covid-19 no Estado, em nosso munic\u00edpio, causada pela variante \u00f4micron, o governo anunciou a proibi\u00e7\u00e3o de todas as festas no per\u00edodo que coincide com a festa carnavalesca como \u00e9 sabido de todos. Dessa forma, por mais um ano os blocos, bois e tro\u00e7as carnavalescas de nossa cidade ficar\u00e3o sem poderem se apresentar e receber as suas subven\u00e7\u00f5es. Quero aqui, pedir ao governo municipal, que envie a esta casa um projeto de lei garantindo o pagamento de um aux\u00edlio financeiro a esses grupos carnavalescos que n\u00e3o poder\u00e3o mais se apresentar no per\u00edodo carnavalesco de 2022\u201d, pediu a vereadora.<\/span><\/p>\n<p style=\"text-align: justify;\"><span style=\"font-size: 14pt; font-family: arial, helvetica, sans-serif;\">Segundo ela, s\u00e3o dezenas, centenas de pessoas envolvidas neste evento, \u201cque valoriza a nossa cultura e transformou Arcoverde na Terra da Folia dos Bois, que v\u00e3o ficar seus os recursos que ajudam esses promotores de nossa arte e nossa cultura. A aprova\u00e7\u00e3o desse aux\u00edlio prestaria socorro ao segmento afetado, pelo segundo ano consecutivo\u201d.\u00a0<\/span><\/p>\n<p style=\"text-align: justify;\"><span style=\"font-size: 14pt; font-family: arial, helvetica, sans-serif;\">Zirleide lembrou que o governo do estado aprovou um aux\u00edlio que corresponde a 80% do \u00faltimo cach\u00ea pago pelo Estado ao profissional ou \u00e0 agremia\u00e7\u00e3o, quitados em parcela \u00fanica e que tal medida poderia ser implantada em Arcoverde.\u00a0<\/span><\/p>\n<p style=\"text-align: justify;\"><span style=\"font-size: 14pt; font-family: arial, helvetica, sans-serif;\">Ela ainda destacou que em 2021, quando o vereador Wevertton Siqueira \u2013 Siqueirinha (PSB) estava como prefeito interino, foi aprovado projeto neste sentido beneficiando todos esses fazedores de cultura ligados as festividades carnavalescas.\u00a0<\/span><\/p>\n<p style=\"text-align: justify;\"><span style=\"font-size: 14pt; font-family: arial, helvetica, sans-serif;\">\u201cPor tanto, pedimos ao senhor prefeito, a secret\u00e1ria de Cultura, que coloque isso na pauta dessa semana e aprovem essa ajuda, aux\u00edlio ou outro nome que queiram dar, at\u00e9 sexta-feira, j\u00e1 que s\u00e1bado, dia 26 de fevereiro, j\u00e1 ter\u00edamos o tradicional S\u00e1bado de Z\u00e9 Pereira que pelo segundo ano consecutivo n\u00e3o acontecer\u00e1, descendo do S\u00e3o Geraldo centenas de foli\u00f5es, bois, tro\u00e7as e do povo que vai estar em casa devido as restri\u00e7\u00f5es impostas pela pandemia. Fa\u00e7a esse grande gesto prefeito\u201d, concluiu.<\/span><\/p>\n","protected":false},"excerpt":{"rendered":"<p>Os blocos, bois e tro&ccedil;as carnavalescas de Arcoverde mais uma vez v&atilde;o ficar sem poderem se apresentar devido a suspens&atilde;o da folia de momo diante do quadro de mais casos da Covid-19.&nbsp; Para atender a esse p&uacute;blico, a vereadora Zirleide Monteiro (PTB) cobrou do prefeito do munic&iacute;pio, Wellington Maciel (MDB), a cria&ccedil;&atilde;o de um aux&iacute;lio cultural para atender esses fazedores de cultura. Em 2021 os carnavalescos foram contemplados com o aux&iacute;lio. &ldquo;Mais uma vez, diante da piora no cen&aacute;rio epidemiol&oacute;gico da Covid-19 no Estado, em nosso munic&iacute;pio, causada pela variante &ocirc;micron, o governo anunciou a proibi&ccedil;&atilde;o de todas as festas &#8230; <\/p>\n<p class=\"read-more-container\"><a title=\"Zirleide cobra aux\u00edlio para blocos e carnavalescos de Arcoverde\" class=\"read-more button\" href=\"https:\/\/blogdojuniorcavalcanti.com.br\/index.php\/2022\/02\/25\/zirleide-cobra-auxilio-para-blocos-e-carnavalescos-de-arcoverde\/#more-13596\" aria-label=\"More on Zirleide cobra aux\u00edlio para blocos e carnavalescos de Arcoverde\">Leia mais<\/a><\/p>\n","protected":false},"author":2,"featured_media":0,"comment_status":"open","ping_status":"open","sticky":false,"template":"","format":"standard","meta":{"footnotes":""},"categories":[1],"tags":[],"class_list":["post-13596","post","type-post","status-publish","format-standard","hentry","category-sem-categoria"],"_links":{"self":[{"href":"https:\/\/blogdojuniorcavalcanti.com.br\/index.php\/wp-json\/wp\/v2\/posts\/13596","targetHints":{"allow":["GET"]}}],"collection":[{"href":"https:\/\/blogdojuniorcavalcanti.com.br\/index.php\/wp-json\/wp\/v2\/posts"}],"about":[{"href":"https:\/\/blogdojuniorcavalcanti.com.br\/index.php\/wp-json\/wp\/v2\/types\/post"}],"author":[{"embeddable":true,"href":"https:\/\/blogdojuniorcavalcanti.com.br\/index.php\/wp-json\/wp\/v2\/users\/2"}],"replies":[{"embeddable":true,"href":"https:\/\/blogdojuniorcavalcanti.com.br\/index.php\/wp-json\/wp\/v2\/comments?post=13596"}],"version-history":[{"count":1,"href":"https:\/\/blogdojuniorcavalcanti.com.br\/index.php\/wp-json\/wp\/v2\/posts\/13596\/revisions"}],"predecessor-version":[{"id":13597,"href":"https:\/\/blogdojuniorcavalcanti.com.br\/index.php\/wp-json\/wp\/v2\/posts\/13596\/revisions\/13597"}],"wp:attachment":[{"href":"https:\/\/blogdojuniorcavalcanti.com.br\/index.php\/wp-json\/wp\/v2\/media?parent=13596"}],"wp:term":[{"taxonomy":"category","embeddable":true,"href":"https:\/\/blogdojuniorcavalcanti.com.br\/index.php\/wp-json\/wp\/v2\/categories?post=13596"},{"taxonomy":"post_tag","embeddable":true,"href":"https:\/\/blogdojuniorcavalcanti.com.br\/index.php\/wp-json\/wp\/v2\/tags?post=13596"}],"curies":[{"name":"wp","href":"https:\/\/api.w.org\/{rel}","templated":true}]}}