{"id":13632,"date":"2022-02-27T09:18:47","date_gmt":"2022-02-27T12:18:47","guid":{"rendered":"https:\/\/blogdojuniorcavalcanti.com.br\/?p=13632"},"modified":"2022-02-27T09:18:47","modified_gmt":"2022-02-27T12:18:47","slug":"anchieta-santos-recebe-nova-homenagem","status":"publish","type":"post","link":"https:\/\/blogdojuniorcavalcanti.com.br\/index.php\/2022\/02\/27\/anchieta-santos-recebe-nova-homenagem\/","title":{"rendered":"Anchieta Santos recebe nova homenagem"},"content":{"rendered":"<p style=\"text-align: justify;\"><span style=\"font-size: 14pt;\"><img fetchpriority=\"high\" decoding=\"async\" class=\"alignleft wp-image-225336 jetpack-lazy-image jetpack-lazy-image--handled\" src=\"https:\/\/nilljunior.com.br\/wp-content\/uploads\/2022\/02\/c3b45eec-a128-4f04-b55a-ea5a95b69587.jpg\" sizes=\"(max-width: 400px) 100vw, 400px\" srcset=\"https:\/\/nilljunior.com.br\/wp-content\/uploads\/2022\/02\/c3b45eec-a128-4f04-b55a-ea5a95b69587.jpg 716w, https:\/\/nilljunior.com.br\/wp-content\/uploads\/2022\/02\/c3b45eec-a128-4f04-b55a-ea5a95b69587-280x250.jpg 280w, https:\/\/nilljunior.com.br\/wp-content\/uploads\/2022\/02\/c3b45eec-a128-4f04-b55a-ea5a95b69587-448x400.jpg 448w\" alt=\"\" width=\"400\" height=\"358\" data-attachment-id=\"225336\" data-permalink=\"https:\/\/nilljunior.com.br\/anchieta-santos-recebe-nova-homenagem\/c3b45eec-a128-4f04-b55a-ea5a95b69587\/\" data-orig-file=\"https:\/\/nilljunior.com.br\/wp-content\/uploads\/2022\/02\/c3b45eec-a128-4f04-b55a-ea5a95b69587.jpg\" data-orig-size=\"716,640\" data-comments-opened=\"1\" data-image-meta=\"{&quot;aperture&quot;:&quot;0&quot;,&quot;credit&quot;:&quot;&quot;,&quot;camera&quot;:&quot;&quot;,&quot;caption&quot;:&quot;&quot;,&quot;created_timestamp&quot;:&quot;0&quot;,&quot;copyright&quot;:&quot;&quot;,&quot;focal_length&quot;:&quot;0&quot;,&quot;iso&quot;:&quot;0&quot;,&quot;shutter_speed&quot;:&quot;0&quot;,&quot;title&quot;:&quot;&quot;,&quot;orientation&quot;:&quot;0&quot;}\" data-image-title=\"c3b45eec-a128-4f04-b55a-ea5a95b69587\" data-image-description=\"\" data-medium-file=\"https:\/\/nilljunior.com.br\/wp-content\/uploads\/2022\/02\/c3b45eec-a128-4f04-b55a-ea5a95b69587-280x250.jpg\" data-large-file=\"https:\/\/nilljunior.com.br\/wp-content\/uploads\/2022\/02\/c3b45eec-a128-4f04-b55a-ea5a95b69587-448x400.jpg\" data-lazy-loaded=\"1\" \/><span style=\"font-family: arial, helvetica, sans-serif;\">A torcida Afogados Chopp\u00a0faz uma homenagem ao companheiro Anchieta Santos, que nos deixou em setembro do ano passado.\u00a0A bela homenagem ter\u00e1 sua estreia no jogo contra o N\u00e1utico\u00a0domingo, sete da noite.<\/span><\/span><\/p>\n<p style=\"text-align: justify;\"><span style=\"font-size: 14pt; font-family: arial, helvetica, sans-serif;\">A arte com a imagem do comunicador da maioria ficar\u00e1 em meio \u00e0s faixas da torcida. A arte e trabalho de pintura couberam ao talentoso artista pl\u00e1stico Edgley Brito. Anchieta ainda d\u00e1 nome \u00e0 cabine da R\u00e1dio Paje\u00fa\u00a0no est\u00e1dio Valdemar Viana de Ara\u00fajo, o Vian\u00e3o.<\/span><\/p>\n<p style=\"text-align: justify;\"><span style=\"font-size: 14pt; font-family: arial, helvetica, sans-serif;\">Na mesma noite, a Secretaria de Cultura ir\u00e1 descerrar uma placa em sua homenagem na cabine, como havia programado em janeiro.<\/span><\/p>\n<p style=\"text-align: justify;\"><span style=\"font-size: 14pt; font-family: arial, helvetica, sans-serif;\">O radialista tamb\u00e9m foi homenageado pelo Afogados Futebol Clube\u00a0com seu nome na manga das camisas.<\/span><\/p>\n<p style=\"text-align: justify;\"><span style=\"font-size: 14pt; font-family: arial, helvetica, sans-serif;\">Anchieta Santos foi fundador da equipe esportiva Sele\u00e7\u00e3o do Povo, que revelou v\u00e1rios nomes do r\u00e1dio interiorano. Atuou at\u00e9 ano passado como comentarista da equipe e era grande incentivador do projeto da Coruja Sertaneja.<\/span><\/p>\n","protected":false},"excerpt":{"rendered":"<p>A torcida Afogados Chopp&nbsp;faz uma homenagem ao companheiro Anchieta Santos, que nos deixou em setembro do ano passado.&nbsp;A bela homenagem ter&aacute; sua estreia no jogo contra o N&aacute;utico&nbsp;domingo, sete da noite. A arte com a imagem do comunicador da maioria ficar&aacute; em meio &agrave;s faixas da torcida. A arte e trabalho de pintura couberam ao talentoso artista pl&aacute;stico Edgley Brito. Anchieta ainda d&aacute; nome &agrave; cabine da R&aacute;dio Paje&uacute;&nbsp;no est&aacute;dio Valdemar Viana de Ara&uacute;jo, o Vian&atilde;o. Na mesma noite, a Secretaria de Cultura ir&aacute; descerrar uma placa em sua homenagem na cabine, como havia programado em janeiro. O radialista tamb&eacute;m &#8230; <\/p>\n<p class=\"read-more-container\"><a title=\"Anchieta Santos recebe nova homenagem\" class=\"read-more button\" href=\"https:\/\/blogdojuniorcavalcanti.com.br\/index.php\/2022\/02\/27\/anchieta-santos-recebe-nova-homenagem\/#more-13632\" aria-label=\"More on Anchieta Santos recebe nova homenagem\">Leia mais<\/a><\/p>\n","protected":false},"author":2,"featured_media":0,"comment_status":"open","ping_status":"open","sticky":false,"template":"","format":"standard","meta":{"footnotes":""},"categories":[1],"tags":[],"class_list":["post-13632","post","type-post","status-publish","format-standard","hentry","category-sem-categoria"],"_links":{"self":[{"href":"https:\/\/blogdojuniorcavalcanti.com.br\/index.php\/wp-json\/wp\/v2\/posts\/13632","targetHints":{"allow":["GET"]}}],"collection":[{"href":"https:\/\/blogdojuniorcavalcanti.com.br\/index.php\/wp-json\/wp\/v2\/posts"}],"about":[{"href":"https:\/\/blogdojuniorcavalcanti.com.br\/index.php\/wp-json\/wp\/v2\/types\/post"}],"author":[{"embeddable":true,"href":"https:\/\/blogdojuniorcavalcanti.com.br\/index.php\/wp-json\/wp\/v2\/users\/2"}],"replies":[{"embeddable":true,"href":"https:\/\/blogdojuniorcavalcanti.com.br\/index.php\/wp-json\/wp\/v2\/comments?post=13632"}],"version-history":[{"count":1,"href":"https:\/\/blogdojuniorcavalcanti.com.br\/index.php\/wp-json\/wp\/v2\/posts\/13632\/revisions"}],"predecessor-version":[{"id":13633,"href":"https:\/\/blogdojuniorcavalcanti.com.br\/index.php\/wp-json\/wp\/v2\/posts\/13632\/revisions\/13633"}],"wp:attachment":[{"href":"https:\/\/blogdojuniorcavalcanti.com.br\/index.php\/wp-json\/wp\/v2\/media?parent=13632"}],"wp:term":[{"taxonomy":"category","embeddable":true,"href":"https:\/\/blogdojuniorcavalcanti.com.br\/index.php\/wp-json\/wp\/v2\/categories?post=13632"},{"taxonomy":"post_tag","embeddable":true,"href":"https:\/\/blogdojuniorcavalcanti.com.br\/index.php\/wp-json\/wp\/v2\/tags?post=13632"}],"curies":[{"name":"wp","href":"https:\/\/api.w.org\/{rel}","templated":true}]}}