{"id":13717,"date":"2022-03-01T11:30:40","date_gmt":"2022-03-01T14:30:40","guid":{"rendered":"https:\/\/blogdojuniorcavalcanti.com.br\/?p=13717"},"modified":"2022-03-01T11:30:40","modified_gmt":"2022-03-01T14:30:40","slug":"beneficio-saiba-quem-tem-direito-ao-auxilio-permanente-de-r-1-20000-e-como-se-cadastrar-para-receber-beneficio","status":"publish","type":"post","link":"https:\/\/blogdojuniorcavalcanti.com.br\/index.php\/2022\/03\/01\/beneficio-saiba-quem-tem-direito-ao-auxilio-permanente-de-r-1-20000-e-como-se-cadastrar-para-receber-beneficio\/","title":{"rendered":"Benef\u00edcio  Saiba quem tem direito ao aux\u00edlio permanente de R$ 1.200,00 e como se cadastrar para receber benef\u00edcio"},"content":{"rendered":"<p style=\"text-align: justify;\"><span style=\"font-size: 14pt; font-family: arial, helvetica, sans-serif;\"><img fetchpriority=\"high\" decoding=\"async\" class=\"alignleft\" src=\"https:\/\/portaldeprefeitura.com.br\/wp-content\/uploads\/2020\/02\/real_moeda_020120a84t47475213hghghg-e1601661534532.jpg\" alt=\"Saiba quem tem direito ao aux\u00edlio permanente de R$ 1.200,00 e como se cadastrar para receber benef\u00edcio\" width=\"323\" height=\"193\" \/>Tramita na C\u00e2mara dos Deputados, o Projeto de Lei 2099\/20, que institui aux\u00edlio permanente de R$ 1.200 mensais. O projeto \u00e9 do ex-deputado Assis Carvalho (PI) e foi relatado pela deputada Erika Kokay (PT-DF), que deu parecer favor\u00e1vel.<\/span><\/p>\n<p style=\"text-align: justify;\"><span style=\"font-size: 14pt; font-family: arial, helvetica, sans-serif;\">Ela acrescentou uma emenda para prever o reajuste anual do benef\u00edcio pelo INPC (o mesmo do sal\u00e1rio m\u00ednimo).<\/span><\/p>\n<p style=\"text-align: justify;\"><span style=\"font-size: 14pt; font-family: arial, helvetica, sans-serif;\">Quem teria direito ao benef\u00edcio s\u00e3o as mulheres provedoras de fam\u00edlias monoparentais \u2013 ou seja, o grupo familiar chefiado por mulher sem c\u00f4njuge ou companheiro, com pelo menos uma pessoa menor de 18 anos.<\/span><\/p>\n<p style=\"text-align: justify;\"><span style=\"font-size: 14pt; font-family: arial, helvetica, sans-serif;\">Kokay disse que a situa\u00e7\u00e3o econ\u00f4mica do Pa\u00eds, com queda da renda das fam\u00edlias, demonstra a necessidade de uma pol\u00edtica permanente de amparo \u00e0s mulheres e dependentes.<\/span><\/p>\n<p style=\"text-align: justify;\"><span style=\"font-size: 14pt; font-family: arial, helvetica, sans-serif;\"><em>\u201cPara as mulheres provedoras de fam\u00edlias monoparentais, a situa\u00e7\u00e3o \u00e9 ainda mais dram\u00e1tica, pois, em muitos casos, n\u00e3o contam com o apoio por parte dos pais de seus filhos e ainda assim devem sozinhas sustentar seus lares\u201d, disse a deputada.<\/em><\/span><\/p>\n<p style=\"text-align: justify;\"><span style=\"font-size: 14pt; font-family: arial, helvetica, sans-serif;\">Pelo texto, que j\u00e1 foi aprovado pela Comiss\u00e3o dos Direitos da Mulher, para receber o benef\u00edcio, a mulher deve cumprir uma s\u00e9rie de requisitos, como ter mais de 18 anos, n\u00e3o ter emprego formal ativo, n\u00e3o ser titular de benef\u00edcio previdenci\u00e1rio ou assistencial.<\/span><\/p>\n<p style=\"text-align: justify;\"><span style=\"font-size: 14pt; font-family: arial, helvetica, sans-serif;\">Deve ter ainda renda familiar mensal per capita de at\u00e9 1\/2 sal\u00e1rio-m\u00ednimo ou renda familiar mensal total de at\u00e9 3 sal\u00e1rios m\u00ednimos.<\/span><\/p>\n<h4 style=\"text-align: justify;\"><span style=\"font-size: 14pt; font-family: arial, helvetica, sans-serif;\">Operacionaliza\u00e7\u00e3o<\/span><\/h4>\n<p style=\"text-align: justify;\"><span style=\"font-size: 14pt; font-family: arial, helvetica, sans-serif;\">Conforme o projeto, o aux\u00edlio ser\u00e1 operacionalizado e pago por bancos p\u00fablicos federais. As institui\u00e7\u00f5es ficar\u00e3o autorizadas a realizar o pagamento por meio de conta do tipo poupan\u00e7a social digital, de abertura autom\u00e1tica em nome dos benefici\u00e1rios, sem cobran\u00e7a de tarifas para a manuten\u00e7\u00e3o e uma transfer\u00eancia eletr\u00f4nica de valores ao m\u00eas, sem custos, para conta banc\u00e1ria mantida em outros bancos.<\/span><\/p>\n<p style=\"text-align: justify;\"><span style=\"font-size: 14pt; font-family: arial, helvetica, sans-serif;\">O texto prev\u00ea regulamenta\u00e7\u00e3o da lei pelo Poder Executivo em at\u00e9 tr\u00eas meses da publica\u00e7\u00e3o da norma, caso aprovada.<\/span><\/p>\n<h4 style=\"text-align: justify;\"><span style=\"font-size: 14pt; font-family: arial, helvetica, sans-serif;\">Tramita\u00e7\u00e3o<\/span><\/h4>\n<p style=\"text-align: justify;\"><span style=\"font-size: 14pt; font-family: arial, helvetica, sans-serif;\">O projeto tramita em\u00a0<\/span><span id=\"4322\" title=\"\" contenteditable=\"false\" data-toggle=\"tooltip\" data-placement=\"top\" data-original-title=\"Rito de tramita\u00e7\u00e3o pelo qual o projeto \u00e9 votado apenas pelas comiss\u00f5es designadas para analis\u00e1-lo, dispensada a delibera\u00e7\u00e3o do Plen\u00e1rio. O projeto perde o car\u00e1ter conclusivo se houver decis\u00e3o divergente entre as comiss\u00f5es ou se, independentemente de ser aprovado ou rejeitado, houver recurso assinado por 52 deputados para a aprecia\u00e7\u00e3o da mat\u00e9ria no Plen\u00e1rio.\"><span class=\"termoglossario\">car\u00e1ter conclusivo<\/span><\/span><span style=\"font-size: 14pt; font-family: arial, helvetica, sans-serif;\">\u00a0e ainda ser\u00e1 analisado pelas comiss\u00f5es Seguridade Social e Fam\u00edlia; Finan\u00e7as e Tributa\u00e7\u00e3o; e Constitui\u00e7\u00e3o e Justi\u00e7a e de Cidadania.<\/span><\/p>\n<p style=\"text-align: justify;\"><span style=\"font-size: 14pt; font-family: arial, helvetica, sans-serif;\"><a href=\"https:\/\/www.camara.leg.br\/noticias\/823082-comissao-aprova-criacao-de-auxilio-permanente-de-r-1-200-para-maes-chefes-de-familia\/\"><em>Ag\u00eancia C\u00e2mara de Not\u00edcias<\/em><\/a><\/span><\/p>\n","protected":false},"excerpt":{"rendered":"<p>Tramita na C&acirc;mara dos Deputados, o Projeto de Lei 2099\/20, que institui aux&iacute;lio permanente de R$ 1.200 mensais. O projeto &eacute; do ex-deputado Assis Carvalho (PI) e foi relatado pela deputada Erika Kokay (PT-DF), que deu parecer favor&aacute;vel. Ela acrescentou uma emenda para prever o reajuste anual do benef&iacute;cio pelo INPC (o mesmo do sal&aacute;rio m&iacute;nimo). Quem teria direito ao benef&iacute;cio s&atilde;o as mulheres provedoras de fam&iacute;lias monoparentais &ndash; ou seja, o grupo familiar chefiado por mulher sem c&ocirc;njuge ou companheiro, com pelo menos uma pessoa menor de 18 anos. Kokay disse que a situa&ccedil;&atilde;o econ&ocirc;mica do Pa&iacute;s, com queda &#8230; <\/p>\n<p class=\"read-more-container\"><a title=\"Benef\u00edcio  Saiba quem tem direito ao aux\u00edlio permanente de R$ 1.200,00 e como se cadastrar para receber benef\u00edcio\" class=\"read-more button\" href=\"https:\/\/blogdojuniorcavalcanti.com.br\/index.php\/2022\/03\/01\/beneficio-saiba-quem-tem-direito-ao-auxilio-permanente-de-r-1-20000-e-como-se-cadastrar-para-receber-beneficio\/#more-13717\" aria-label=\"More on Benef\u00edcio  Saiba quem tem direito ao aux\u00edlio permanente de R$ 1.200,00 e como se cadastrar para receber benef\u00edcio\">Leia mais<\/a><\/p>\n","protected":false},"author":2,"featured_media":0,"comment_status":"open","ping_status":"open","sticky":false,"template":"","format":"standard","meta":{"footnotes":""},"categories":[1],"tags":[],"class_list":["post-13717","post","type-post","status-publish","format-standard","hentry","category-sem-categoria"],"_links":{"self":[{"href":"https:\/\/blogdojuniorcavalcanti.com.br\/index.php\/wp-json\/wp\/v2\/posts\/13717","targetHints":{"allow":["GET"]}}],"collection":[{"href":"https:\/\/blogdojuniorcavalcanti.com.br\/index.php\/wp-json\/wp\/v2\/posts"}],"about":[{"href":"https:\/\/blogdojuniorcavalcanti.com.br\/index.php\/wp-json\/wp\/v2\/types\/post"}],"author":[{"embeddable":true,"href":"https:\/\/blogdojuniorcavalcanti.com.br\/index.php\/wp-json\/wp\/v2\/users\/2"}],"replies":[{"embeddable":true,"href":"https:\/\/blogdojuniorcavalcanti.com.br\/index.php\/wp-json\/wp\/v2\/comments?post=13717"}],"version-history":[{"count":1,"href":"https:\/\/blogdojuniorcavalcanti.com.br\/index.php\/wp-json\/wp\/v2\/posts\/13717\/revisions"}],"predecessor-version":[{"id":13718,"href":"https:\/\/blogdojuniorcavalcanti.com.br\/index.php\/wp-json\/wp\/v2\/posts\/13717\/revisions\/13718"}],"wp:attachment":[{"href":"https:\/\/blogdojuniorcavalcanti.com.br\/index.php\/wp-json\/wp\/v2\/media?parent=13717"}],"wp:term":[{"taxonomy":"category","embeddable":true,"href":"https:\/\/blogdojuniorcavalcanti.com.br\/index.php\/wp-json\/wp\/v2\/categories?post=13717"},{"taxonomy":"post_tag","embeddable":true,"href":"https:\/\/blogdojuniorcavalcanti.com.br\/index.php\/wp-json\/wp\/v2\/tags?post=13717"}],"curies":[{"name":"wp","href":"https:\/\/api.w.org\/{rel}","templated":true}]}}