{"id":14035,"date":"2022-03-04T15:09:44","date_gmt":"2022-03-04T18:09:44","guid":{"rendered":"https:\/\/blogdojuniorcavalcanti.com.br\/?p=14035"},"modified":"2022-03-04T15:09:44","modified_gmt":"2022-03-04T18:09:44","slug":"itapetim-anuncia-data-de-lancamento-de-edital-do-concurso-publico","status":"publish","type":"post","link":"https:\/\/blogdojuniorcavalcanti.com.br\/index.php\/2022\/03\/04\/itapetim-anuncia-data-de-lancamento-de-edital-do-concurso-publico\/","title":{"rendered":"Itapetim anuncia data de lan\u00e7amento de edital do concurso p\u00fablico"},"content":{"rendered":"<p class=\"x_MsoNormal\" style=\"text-align: justify;\"><span style=\"font-size: 14pt;\"><a href=\"https:\/\/nilljunior.com.br\/wp-content\/uploads\/2022\/03\/itapetim-adelmo-concurso.jpg\"><img fetchpriority=\"high\" decoding=\"async\" class=\"alignleft wp-image-225702 jetpack-lazy-image jetpack-lazy-image--handled\" src=\"https:\/\/nilljunior.com.br\/wp-content\/uploads\/2022\/03\/itapetim-adelmo-concurso.jpg\" sizes=\"(max-width: 400px) 100vw, 400px\" srcset=\"https:\/\/nilljunior.com.br\/wp-content\/uploads\/2022\/03\/itapetim-adelmo-concurso.jpg 1280w, https:\/\/nilljunior.com.br\/wp-content\/uploads\/2022\/03\/itapetim-adelmo-concurso-300x168.jpg 300w, https:\/\/nilljunior.com.br\/wp-content\/uploads\/2022\/03\/itapetim-adelmo-concurso-768x431.jpg 768w, https:\/\/nilljunior.com.br\/wp-content\/uploads\/2022\/03\/itapetim-adelmo-concurso-600x337.jpg 600w\" alt=\"\" width=\"400\" height=\"224\" data-attachment-id=\"225702\" data-permalink=\"https:\/\/nilljunior.com.br\/itapetim-anuncia-data-de-lancamento-de-edital-do-concurso-publico\/itapetim-adelmo-concurso\/\" data-orig-file=\"https:\/\/nilljunior.com.br\/wp-content\/uploads\/2022\/03\/itapetim-adelmo-concurso.jpg\" data-orig-size=\"1280,718\" data-comments-opened=\"1\" data-image-meta=\"{&quot;aperture&quot;:&quot;0&quot;,&quot;credit&quot;:&quot;&quot;,&quot;camera&quot;:&quot;&quot;,&quot;caption&quot;:&quot;&quot;,&quot;created_timestamp&quot;:&quot;0&quot;,&quot;copyright&quot;:&quot;&quot;,&quot;focal_length&quot;:&quot;0&quot;,&quot;iso&quot;:&quot;0&quot;,&quot;shutter_speed&quot;:&quot;0&quot;,&quot;title&quot;:&quot;&quot;,&quot;orientation&quot;:&quot;0&quot;}\" data-image-title=\"itapetim-adelmo-concurso\" data-image-description=\"\" data-medium-file=\"https:\/\/nilljunior.com.br\/wp-content\/uploads\/2022\/03\/itapetim-adelmo-concurso-300x168.jpg\" data-large-file=\"https:\/\/nilljunior.com.br\/wp-content\/uploads\/2022\/03\/itapetim-adelmo-concurso-600x337.jpg\" data-lazy-loaded=\"1\" \/><\/a><span style=\"font-family: arial, helvetica, sans-serif;\"><em><strong>Certame oferece cento e onze vagas<\/strong><\/em><\/span><\/span><\/p>\n<p class=\"x_MsoNormal\" style=\"text-align: justify;\"><span style=\"font-size: 14pt; font-family: arial, helvetica, sans-serif;\">O Governo Municipal de Itapetim anunciou para o dia 9 de mar\u00e7o o lan\u00e7amento do edital do concurso p\u00fablico com 111 vagas, que ficar\u00e1 dispon\u00edvel no\u00a0<a href=\"http:\/\/itapetim.pe.gov.br\/\" target=\"_blank\" rel=\"noopener\">site oficial da Prefeitura<\/a>, e no\u00a0<a href=\"https:\/\/www.diariomunicipal.com.br\/amupe\/pesquisar\" target=\"_blank\" rel=\"noopener\">Di\u00e1rio Oficial dos Munic\u00edpios de Pernambuco<\/a>.<\/span><\/p>\n<p class=\"x_MsoNormal\" style=\"text-align: justify;\"><span style=\"font-size: 14pt; font-family: arial, helvetica, sans-serif;\">Das 111 vagas oferecidas no certame, 69 s\u00e3o destinadas \u00e0 educa\u00e7\u00e3o e 42 na \u00e1rea de sa\u00fade, para os cargos de professor, assistente social, enfermeiro, m\u00e9dico anestesiologista, m\u00e9dico-cirurgi\u00e3o geral e fonoaudi\u00f3logo.<\/span><\/p>\n<p class=\"x_MsoNormal\" style=\"text-align: justify;\"><span style=\"font-size: 14pt; font-family: arial, helvetica, sans-serif;\">A empresa respons\u00e1vel pela realiza\u00e7\u00e3o do certame \u00e9 a Funda\u00e7\u00e3o Universidade Empresa de Tecnologia e Ci\u00eancias (FUNDATEC). A comiss\u00e3o organizadora \u00e9 composta por Glauce Lenilda (presidente), Washington Jord\u00e3o e Wesla Larissa.<\/span><\/p>\n","protected":false},"excerpt":{"rendered":"<p>Certame oferece cento e onze vagas O Governo Municipal de Itapetim anunciou para o dia 9 de mar&ccedil;o o lan&ccedil;amento do edital do concurso p&uacute;blico com 111 vagas, que ficar&aacute; dispon&iacute;vel no&nbsp;site oficial da Prefeitura, e no&nbsp;Di&aacute;rio Oficial dos Munic&iacute;pios de Pernambuco. Das 111 vagas oferecidas no certame, 69 s&atilde;o destinadas &agrave; educa&ccedil;&atilde;o e 42 na &aacute;rea de sa&uacute;de, para os cargos de professor, assistente social, enfermeiro, m&eacute;dico anestesiologista, m&eacute;dico-cirurgi&atilde;o geral e fonoaudi&oacute;logo. A empresa respons&aacute;vel pela realiza&ccedil;&atilde;o do certame &eacute; a Funda&ccedil;&atilde;o Universidade Empresa de Tecnologia e Ci&ecirc;ncias (FUNDATEC). A comiss&atilde;o organizadora &eacute; composta por Glauce Lenilda (presidente), Washington &#8230; <\/p>\n<p class=\"read-more-container\"><a title=\"Itapetim anuncia data de lan\u00e7amento de edital do concurso p\u00fablico\" class=\"read-more button\" href=\"https:\/\/blogdojuniorcavalcanti.com.br\/index.php\/2022\/03\/04\/itapetim-anuncia-data-de-lancamento-de-edital-do-concurso-publico\/#more-14035\" aria-label=\"More on Itapetim anuncia data de lan\u00e7amento de edital do concurso p\u00fablico\">Leia mais<\/a><\/p>\n","protected":false},"author":2,"featured_media":0,"comment_status":"open","ping_status":"open","sticky":false,"template":"","format":"standard","meta":{"footnotes":""},"categories":[30],"tags":[],"class_list":["post-14035","post","type-post","status-publish","format-standard","hentry","category-regional"],"_links":{"self":[{"href":"https:\/\/blogdojuniorcavalcanti.com.br\/index.php\/wp-json\/wp\/v2\/posts\/14035","targetHints":{"allow":["GET"]}}],"collection":[{"href":"https:\/\/blogdojuniorcavalcanti.com.br\/index.php\/wp-json\/wp\/v2\/posts"}],"about":[{"href":"https:\/\/blogdojuniorcavalcanti.com.br\/index.php\/wp-json\/wp\/v2\/types\/post"}],"author":[{"embeddable":true,"href":"https:\/\/blogdojuniorcavalcanti.com.br\/index.php\/wp-json\/wp\/v2\/users\/2"}],"replies":[{"embeddable":true,"href":"https:\/\/blogdojuniorcavalcanti.com.br\/index.php\/wp-json\/wp\/v2\/comments?post=14035"}],"version-history":[{"count":1,"href":"https:\/\/blogdojuniorcavalcanti.com.br\/index.php\/wp-json\/wp\/v2\/posts\/14035\/revisions"}],"predecessor-version":[{"id":14036,"href":"https:\/\/blogdojuniorcavalcanti.com.br\/index.php\/wp-json\/wp\/v2\/posts\/14035\/revisions\/14036"}],"wp:attachment":[{"href":"https:\/\/blogdojuniorcavalcanti.com.br\/index.php\/wp-json\/wp\/v2\/media?parent=14035"}],"wp:term":[{"taxonomy":"category","embeddable":true,"href":"https:\/\/blogdojuniorcavalcanti.com.br\/index.php\/wp-json\/wp\/v2\/categories?post=14035"},{"taxonomy":"post_tag","embeddable":true,"href":"https:\/\/blogdojuniorcavalcanti.com.br\/index.php\/wp-json\/wp\/v2\/tags?post=14035"}],"curies":[{"name":"wp","href":"https:\/\/api.w.org\/{rel}","templated":true}]}}