{"id":14096,"date":"2022-03-06T18:33:53","date_gmt":"2022-03-06T21:33:53","guid":{"rendered":"https:\/\/blogdojuniorcavalcanti.com.br\/?p=14096"},"modified":"2022-03-06T18:33:53","modified_gmt":"2022-03-06T21:33:53","slug":"novo-rg-digital-sera-obrigatorio-em-todo-brasil","status":"publish","type":"post","link":"https:\/\/blogdojuniorcavalcanti.com.br\/index.php\/2022\/03\/06\/novo-rg-digital-sera-obrigatorio-em-todo-brasil\/","title":{"rendered":"Novo RG digital ser\u00e1 obrigat\u00f3rio em todo Brasil"},"content":{"rendered":"<p style=\"text-align: justify;\"><span style=\"font-size: 14pt; font-family: arial, helvetica, sans-serif;\"><img fetchpriority=\"high\" decoding=\"async\" class=\"wp-image-225851 jetpack-lazy-image jetpack-lazy-image--handled alignleft\" src=\"https:\/\/nilljunior.com.br\/wp-content\/uploads\/2022\/03\/i520528-600x400.jpeg\" sizes=\"(max-width: 401px) 100vw, 401px\" srcset=\"https:\/\/nilljunior.com.br\/wp-content\/uploads\/2022\/03\/i520528-600x400.jpeg 600w, https:\/\/nilljunior.com.br\/wp-content\/uploads\/2022\/03\/i520528-150x100.jpeg 150w, https:\/\/nilljunior.com.br\/wp-content\/uploads\/2022\/03\/i520528-300x200.jpeg 300w, https:\/\/nilljunior.com.br\/wp-content\/uploads\/2022\/03\/i520528-768x512.jpeg 768w, https:\/\/nilljunior.com.br\/wp-content\/uploads\/2022\/03\/i520528.jpeg 1024w\" alt=\"\" width=\"303\" height=\"202\" data-attachment-id=\"225851\" data-permalink=\"https:\/\/nilljunior.com.br\/novo-rg-digital-sera-obrigatorio-em-todo-brasil\/i520528\/\" data-orig-file=\"https:\/\/nilljunior.com.br\/wp-content\/uploads\/2022\/03\/i520528.jpeg\" data-orig-size=\"1024,682\" data-comments-opened=\"1\" data-image-meta=\"{&quot;aperture&quot;:&quot;0&quot;,&quot;credit&quot;:&quot;&quot;,&quot;camera&quot;:&quot;&quot;,&quot;caption&quot;:&quot;&quot;,&quot;created_timestamp&quot;:&quot;0&quot;,&quot;copyright&quot;:&quot;&quot;,&quot;focal_length&quot;:&quot;0&quot;,&quot;iso&quot;:&quot;0&quot;,&quot;shutter_speed&quot;:&quot;0&quot;,&quot;title&quot;:&quot;&quot;,&quot;orientation&quot;:&quot;0&quot;}\" data-image-title=\"i520528\" data-image-description=\"\" data-medium-file=\"https:\/\/nilljunior.com.br\/wp-content\/uploads\/2022\/03\/i520528-300x200.jpeg\" data-large-file=\"https:\/\/nilljunior.com.br\/wp-content\/uploads\/2022\/03\/i520528-600x400.jpeg\" data-lazy-loaded=\"1\" \/><\/span><\/p>\n<p style=\"text-align: justify;\"><span style=\"font-size: 14pt; font-family: arial, helvetica, sans-serif;\">O governo federal anunciou a cria\u00e7\u00e3o da carteira nacional de identidade unificada em todo o pa\u00eds. A medida consta de\u00a0<a href=\"https:\/\/www.in.gov.br\/en\/web\/dou\/-\/decreto-n-10.977-de-23-de-fevereiro-de-2022-382332304\">decreto\u00a0<\/a>assinado em fevereiro pelo presidente Jair Bolsonaro, durante cerim\u00f4nia no Pal\u00e1cio do Planalto.<\/span><\/p>\n<p style=\"text-align: justify;\"><span style=\"font-size: 14pt; font-family: arial, helvetica, sans-serif;\">O novo RG usar\u00e1 o n\u00famero do Cadastro Nacional de Pessoa F\u00edsica (CPF) como identifica\u00e7\u00e3o \u00fanica dos cidad\u00e3os.\u00a0A emiss\u00e3o da carteira ser\u00e1 gratuita, e os institutos de identifica\u00e7\u00e3o ter\u00e3o prazo at\u00e9 6 de mar\u00e7o de 2023 para se adequar \u00e0 mudan\u00e7a. O decreto entrar\u00e1 em vigor no dia 1\u00ba de mar\u00e7o.<\/span><\/p>\n<p style=\"text-align: justify;\"><span style=\"font-size: 14pt; font-family: arial, helvetica, sans-serif;\">Segundo o governo, os documentos continuar\u00e3o sendo emitidos pelos \u00f3rg\u00e3os estaduais, como secretarias de Seguran\u00e7a P\u00fablica, mas ter\u00e3o o mesmo formato e padr\u00e3o de emiss\u00e3o. Ao receber o pedido do cidad\u00e3o, os \u00f3rg\u00e3os estaduais de registro civil validar\u00e3o a identifica\u00e7\u00e3o pela plataforma do governo federal, o Gov.br. Al\u00e9m do documento f\u00edsico emitido em papel, os cidad\u00e3os poder\u00e3o acessar a nova identidade no formato digital.<\/span><\/p>\n<p style=\"text-align: justify;\"><span style=\"font-size: 14pt; font-family: arial, helvetica, sans-serif;\">O novo RG digital poder\u00e1 ser obtido pelos cidad\u00e3os que fizeram o cadastramento biom\u00e9trico na Justi\u00e7a Eleitoral, ou ainda em institutos de identifica\u00e7\u00e3o parceiros. Isso porque para emitir o novo RG digital ser\u00e1 preciso que o governo tenha colhido as impress\u00f5es digitais dos brasileiros inseridas na Base de Dados de Identifica\u00e7\u00e3o Civil Nacional (BDICN).<\/span><\/p>\n<p style=\"text-align: justify;\"><span style=\"font-size: 14pt; font-family: arial, helvetica, sans-serif;\">Logo, os cidad\u00e3os que j\u00e1 tiverem o cadastramento biom\u00e9trico na Justi\u00e7a Eleitoral poder\u00e3o baixar um aplicativo chamado DNI (Documento Nacional de Identidade, onde ser\u00e1 necess\u00e1rio realizar um pr\u00e9-cadastro e finalizar a solicita\u00e7\u00e3o.<\/span><\/p>\n<p style=\"text-align: justify;\"><span style=\"font-size: 14pt; font-family: arial, helvetica, sans-serif;\">Ap\u00f3s o preenchimento dos dados no DNI o cidad\u00e3o dever\u00e1 finalizar a opera\u00e7\u00e3o em um ponto de atendimento f\u00edsico, ou virtual das Secretarias de Seguran\u00e7a P\u00fablica dos estados e do DF, que tamb\u00e9m ser\u00e3o respons\u00e1veis pela distribui\u00e7\u00e3o do novo RG. Uma das funcionalidades do DNI \u00e9 a confer\u00eancia por meio da leitura digital do QR Code, o que dificulta que uma pessoa possa se passar por outra. Essa leitura poder\u00e1 ser feita com o pr\u00f3prio aplicativo do novo RG.<\/span><\/p>\n<p style=\"text-align: justify;\"><span style=\"font-size: 14pt; font-family: arial, helvetica, sans-serif;\">Quando o novo RG digital estiver dispon\u00edvel sua validade ser\u00e1 de 10 anos. Al\u00e9m disso, os atuais documentos dos cidad\u00e3os com at\u00e9 60 anos de idade v\u00e3o ser aceitos por um prazo de dez anos. J\u00e1 os cidad\u00e3os com mais de 60 anos continuaram com o antigo RG v\u00e1lido por tempo indeterminado.<\/span><\/p>\n<p style=\"text-align: justify;\"><span style=\"font-size: 14pt; font-family: arial, helvetica, sans-serif;\">A emiss\u00e3o do novo RG digital n\u00e3o ser\u00e1 disponibilizada de uma vez para todos os Estados do pa\u00eds, primeiro haver\u00e1 um processo de Estado por Estado para a emiss\u00e3o do novo documento. O prazo para que os institutos de identifica\u00e7\u00e3o possam se adequar \u00e0 nova norma vai at\u00e9 3 de mar\u00e7o de 2023, essa \u00e9 a data m\u00e1xima que os \u00f3rg\u00e3os t\u00eam para estabelecerem um esquema de fornecimento do documento, que dever\u00e1 ter a emiss\u00e3o 100% gratuita.<\/span><\/p>\n","protected":false},"excerpt":{"rendered":"<p>O governo federal anunciou a cria&ccedil;&atilde;o da carteira nacional de identidade unificada em todo o pa&iacute;s. A medida consta de&nbsp;decreto&nbsp;assinado em fevereiro pelo presidente Jair Bolsonaro, durante cerim&ocirc;nia no Pal&aacute;cio do Planalto. O novo RG usar&aacute; o n&uacute;mero do Cadastro Nacional de Pessoa F&iacute;sica (CPF) como identifica&ccedil;&atilde;o &uacute;nica dos cidad&atilde;os.&nbsp;A emiss&atilde;o da carteira ser&aacute; gratuita, e os institutos de identifica&ccedil;&atilde;o ter&atilde;o prazo at&eacute; 6 de mar&ccedil;o de 2023 para se adequar &agrave; mudan&ccedil;a. O decreto entrar&aacute; em vigor no dia 1&ordm; de mar&ccedil;o. Segundo o governo, os documentos continuar&atilde;o sendo emitidos pelos &oacute;rg&atilde;os estaduais, como secretarias de Seguran&ccedil;a P&uacute;blica, mas &#8230; <\/p>\n<p class=\"read-more-container\"><a title=\"Novo RG digital ser\u00e1 obrigat\u00f3rio em todo Brasil\" class=\"read-more button\" href=\"https:\/\/blogdojuniorcavalcanti.com.br\/index.php\/2022\/03\/06\/novo-rg-digital-sera-obrigatorio-em-todo-brasil\/#more-14096\" aria-label=\"More on Novo RG digital ser\u00e1 obrigat\u00f3rio em todo Brasil\">Leia mais<\/a><\/p>\n","protected":false},"author":2,"featured_media":0,"comment_status":"open","ping_status":"open","sticky":false,"template":"","format":"standard","meta":{"footnotes":""},"categories":[33],"tags":[],"class_list":["post-14096","post","type-post","status-publish","format-standard","hentry","category-brasil"],"_links":{"self":[{"href":"https:\/\/blogdojuniorcavalcanti.com.br\/index.php\/wp-json\/wp\/v2\/posts\/14096","targetHints":{"allow":["GET"]}}],"collection":[{"href":"https:\/\/blogdojuniorcavalcanti.com.br\/index.php\/wp-json\/wp\/v2\/posts"}],"about":[{"href":"https:\/\/blogdojuniorcavalcanti.com.br\/index.php\/wp-json\/wp\/v2\/types\/post"}],"author":[{"embeddable":true,"href":"https:\/\/blogdojuniorcavalcanti.com.br\/index.php\/wp-json\/wp\/v2\/users\/2"}],"replies":[{"embeddable":true,"href":"https:\/\/blogdojuniorcavalcanti.com.br\/index.php\/wp-json\/wp\/v2\/comments?post=14096"}],"version-history":[{"count":1,"href":"https:\/\/blogdojuniorcavalcanti.com.br\/index.php\/wp-json\/wp\/v2\/posts\/14096\/revisions"}],"predecessor-version":[{"id":14097,"href":"https:\/\/blogdojuniorcavalcanti.com.br\/index.php\/wp-json\/wp\/v2\/posts\/14096\/revisions\/14097"}],"wp:attachment":[{"href":"https:\/\/blogdojuniorcavalcanti.com.br\/index.php\/wp-json\/wp\/v2\/media?parent=14096"}],"wp:term":[{"taxonomy":"category","embeddable":true,"href":"https:\/\/blogdojuniorcavalcanti.com.br\/index.php\/wp-json\/wp\/v2\/categories?post=14096"},{"taxonomy":"post_tag","embeddable":true,"href":"https:\/\/blogdojuniorcavalcanti.com.br\/index.php\/wp-json\/wp\/v2\/tags?post=14096"}],"curies":[{"name":"wp","href":"https:\/\/api.w.org\/{rel}","templated":true}]}}