{"id":14222,"date":"2022-03-08T16:27:25","date_gmt":"2022-03-08T19:27:25","guid":{"rendered":"https:\/\/blogdojuniorcavalcanti.com.br\/?p=14222"},"modified":"2022-03-08T16:27:25","modified_gmt":"2022-03-08T19:27:25","slug":"dia-internacional-da-mulher-e-marcado-por-protesto-em-afogados-da-ingazeira","status":"publish","type":"post","link":"https:\/\/blogdojuniorcavalcanti.com.br\/index.php\/2022\/03\/08\/dia-internacional-da-mulher-e-marcado-por-protesto-em-afogados-da-ingazeira\/","title":{"rendered":"Dia Internacional da Mulher \u00e9 marcado por protesto em Afogados da Ingazeira"},"content":{"rendered":"<p style=\"text-align: justify;\"><span style=\"font-size: 14pt;\"><b><i><a href=\"https:\/\/nilljunior.com.br\/wp-content\/uploads\/2022\/03\/protesto-forum-de-mulheres-08-03-22.jpeg\"><img fetchpriority=\"high\" decoding=\"async\" class=\"alignleft wp-image-225969 jetpack-lazy-image jetpack-lazy-image--handled\" src=\"https:\/\/nilljunior.com.br\/wp-content\/uploads\/2022\/03\/protesto-forum-de-mulheres-08-03-22.jpeg\" sizes=\"(max-width: 400px) 100vw, 400px\" srcset=\"https:\/\/nilljunior.com.br\/wp-content\/uploads\/2022\/03\/protesto-forum-de-mulheres-08-03-22.jpeg 1600w, https:\/\/nilljunior.com.br\/wp-content\/uploads\/2022\/03\/protesto-forum-de-mulheres-08-03-22-300x225.jpeg 300w, https:\/\/nilljunior.com.br\/wp-content\/uploads\/2022\/03\/protesto-forum-de-mulheres-08-03-22-768x576.jpeg 768w, https:\/\/nilljunior.com.br\/wp-content\/uploads\/2022\/03\/protesto-forum-de-mulheres-08-03-22-533x400.jpeg 533w\" alt=\"\" width=\"400\" height=\"300\" data-attachment-id=\"225969\" data-permalink=\"https:\/\/nilljunior.com.br\/dia-internacional-da-mulher-e-marcado-por-protesto-em-afogados-da-ingazeira\/protesto-forum-de-mulheres-08-03-22\/\" data-orig-file=\"https:\/\/nilljunior.com.br\/wp-content\/uploads\/2022\/03\/protesto-forum-de-mulheres-08-03-22.jpeg\" data-orig-size=\"1600,1200\" data-comments-opened=\"1\" data-image-meta=\"{&quot;aperture&quot;:&quot;0&quot;,&quot;credit&quot;:&quot;&quot;,&quot;camera&quot;:&quot;&quot;,&quot;caption&quot;:&quot;&quot;,&quot;created_timestamp&quot;:&quot;0&quot;,&quot;copyright&quot;:&quot;&quot;,&quot;focal_length&quot;:&quot;0&quot;,&quot;iso&quot;:&quot;0&quot;,&quot;shutter_speed&quot;:&quot;0&quot;,&quot;title&quot;:&quot;&quot;,&quot;orientation&quot;:&quot;0&quot;}\" data-image-title=\"protesto-forum-de-mulheres-08-03-22\" data-image-description=\"\" data-medium-file=\"https:\/\/nilljunior.com.br\/wp-content\/uploads\/2022\/03\/protesto-forum-de-mulheres-08-03-22-300x225.jpeg\" data-large-file=\"https:\/\/nilljunior.com.br\/wp-content\/uploads\/2022\/03\/protesto-forum-de-mulheres-08-03-22-533x400.jpeg\" data-lazy-loaded=\"1\" \/><\/a><span style=\"font-family: arial, helvetica, sans-serif;\">\u201cParem de nos matar! N\u00f3s somos seres vivos, precisamos ser respeitadas!\u201d, alerta F\u00e1tima Silva<\/span><\/i><\/b><\/span><\/p>\n<p style=\"text-align: justify;\"><span style=\"font-size: 14pt; font-family: arial, helvetica, sans-serif;\"><b>Por Andr\u00e9 Luis<\/b><\/span><\/p>\n<p style=\"text-align: justify;\"><span style=\"font-size: 14pt; font-family: arial, helvetica, sans-serif;\">No Dia Internacional da Mulher, comemorado nesta ter\u00e7a-feira (8), Afogados da Ingazeira vivenciou, por mais um ano, um ato de protesto promovido pelo F\u00f3rum das Mulheres do Paje\u00fa.<\/span><\/p>\n<p style=\"text-align: justify;\"><span style=\"font-size: 14pt; font-family: arial, helvetica, sans-serif;\">O rep\u00f3rter da\u00a0<b>R\u00e1dio Paje\u00fa,\u00a0<\/b>Marcony Pereira acompanhou a movimenta\u00e7\u00e3o que foi realizada na Pra\u00e7a Monsenhor Alfredo de Arruda C\u00e2mara\u00a0 e conversou com F\u00e1tima Silva \u2013 uma das coordenadoras do evento.<\/span><\/p>\n<p style=\"text-align: justify;\"><span style=\"font-size: 14pt; font-family: arial, helvetica, sans-serif;\">Ela explicou que uma das bandeiras principais levantadas no protesto \u00e9 falar e trazer as quest\u00f5es voltadas para as mulheres.\u00a0<\/span><\/p>\n<p style=\"text-align: justify;\"><span style=\"font-size: 14pt; font-family: arial, helvetica, sans-serif;\">\u201cPrincipalmente a viol\u00eancia contra as mulheres. Ent\u00e3o, num dia como hoje que se celebra o Dia Internacional da Mulher a gente n\u00e3o poderia deixar de fazer alguma a\u00e7\u00e3o. Todo ano a gente vem, faz algum evento e esse ano vamos estar aqui na pra\u00e7a num ato simb\u00f3lico onde estaremos tocando nossas m\u00fasicas\u00a0 e falando nossas palavras de ordem\u201d, explicou.<\/span><\/p>\n<p style=\"text-align: justify;\"><span style=\"font-size: 14pt; font-family: arial, helvetica, sans-serif;\">Segundo F\u00e1tima, o momento tamb\u00e9m \u00e9 importante para levantar o debate com rela\u00e7\u00e3o aos casos de feminic\u00eddio que acontecem no Estado e no Brasil. \u201cE a\u00ed entendemos que todo dia \u00e9 dia das mulheres. Mas a gente precisa ter um dia pra reivindicar e dizer: parem de nos matar! N\u00f3s somos seres vivos, precisamos ser respeitadas, precisamos estar unidas. N\u00e3o queremos ser mais que ningu\u00e9m, queremos respeito\u201d, destacou.<\/span><\/p>\n<p style=\"text-align: justify;\"><span style=\"font-size: 14pt; font-family: arial, helvetica, sans-serif;\">F\u00e1tima ainda lembrou que algumas pessoas, \u00e0s vezes, questionam o porqu\u00ea de ter um dia exclusivo para as mulheres. \u201cFoi preciso ter esse dia para as pessoas entenderem que as mulheres estavam sendo massacradas. Ent\u00e3o, a gente n\u00e3o vive feliz com a quest\u00e3o de ter uma lei que se chama Maria da Penha para defender as mulheres, a gente n\u00e3o se sente feliz em ter uma lei que \u00e9 contra o feminic\u00eddio, uma lei contra a viol\u00eancia psicol\u00f3gica que \u00e9 uma das viol\u00eancias mais agressivas para as mulheres, n\u00e3o conseguimos identificar t\u00e3o facilmente essa viol\u00eancia. Ent\u00e3o, o F\u00f3rum de mulheres do Paje\u00fa n\u00e3o poderia jamais se calar neste dia e a\u00ed estamos aqui pra dizer: parem de nos matar! Nos respeite!\u201d, exclamou F\u00e1tima.<\/span><\/p>\n<p style=\"text-align: justify;\"><span style=\"font-size: 14pt; font-family: arial, helvetica, sans-serif;\">\u201cSejam nossos parceiros e parceiras porque a gente precisa viver. Temos tantas coisas a fazer, tanta coisa a contribuir com o nosso pa\u00eds, com o nosso estado e com o nosso munic\u00edpio que precisamos estar junto e n\u00e3o \u00e9 correndo risco tendo medo de falar o que pensamos, sendo quem a gente \u00e9. Temos direitos que precisam simplesmente ser respeitados. Essa seria a principal reivindica\u00e7\u00e3o aqui hoje\u201d, destacou F\u00e1tima.<\/span><\/p>\n<p style=\"text-align: justify;\"><span style=\"font-size: 14pt; font-family: arial, helvetica, sans-serif;\">Ap\u00f3s o ato na pra\u00e7a, as mulheres se dirigiram para o Bem Vir\u00e1, que \u00e9 um espa\u00e7o que pertence \u00e0 ONG Mulher Maravilha. O espa\u00e7o oferece acolhimento, apoio e cursos profissionalizantes para as mulheres.<\/span><\/p>\n<p style=\"text-align: justify;\"><span style=\"font-size: 14pt; font-family: arial, helvetica, sans-serif;\"><b>Prefeitura \u2013<\/b>\u00a0Presente no ato, o vice-prefeito de Afogados da Ingazeira, Daniel Valadares, tamb\u00e9m falou a reportagem representando o Governo Municipal.<\/span><\/p>\n<p style=\"text-align: justify;\"><span style=\"font-size: 14pt; font-family: arial, helvetica, sans-serif;\">Ele lembrou que a Prefeitura \u00e9 parceira dos movimentos que lutam pela defesa da mulher no munic\u00edpio. \u201cPorque o lugar da mulher, \u00e9 onde ela quiser e n\u00f3s que fazemos parte do governo, estamos aqui para dar aux\u00edlio para elas chegarem onde quiserem. N\u00e3o nos mate! Essa \u00e9 a principal reivindica\u00e7\u00e3o das mulheres no dia de hoje\u201d, destacou Daniel lembrando as palavras de F\u00e1tima Silva.\u00a0<\/span><\/p>\n<p style=\"text-align: justify;\"><span style=\"font-size: 14pt; font-family: arial, helvetica, sans-serif;\">\u201cA mulher, ela \u00e9 forte, ela tem luz pr\u00f3pria, tem sua participa\u00e7\u00e3o em todos os movimentos. Ela tem participa\u00e7\u00e3o no segmento empresarial, no segmento esportivo, religioso\u2026 ent\u00e3o, assim, a mulher pode ser o que ela quiser. E os governos municipal, estadual<\/span><\/p>\n<p style=\"text-align: justify;\"><span style=\"font-size: 14pt; font-family: arial, helvetica, sans-serif;\">\u00a0e federal, tem por obriga\u00e7\u00e3o dar todo o apoio que elas precisam para alcan\u00e7arem os seus objetivos\u201d, afirmou o vice-prefeito.<\/span><\/p>\n","protected":false},"excerpt":{"rendered":"<p>&ldquo;Parem de nos matar! N&oacute;s somos seres vivos, precisamos ser respeitadas!&rdquo;, alerta F&aacute;tima Silva Por Andr&eacute; Luis No Dia Internacional da Mulher, comemorado nesta ter&ccedil;a-feira (8), Afogados da Ingazeira vivenciou, por mais um ano, um ato de protesto promovido pelo F&oacute;rum das Mulheres do Paje&uacute;. O rep&oacute;rter da&nbsp;R&aacute;dio Paje&uacute;,&nbsp;Marcony Pereira acompanhou a movimenta&ccedil;&atilde;o que foi realizada na Pra&ccedil;a Monsenhor Alfredo de Arruda C&acirc;mara&nbsp; e conversou com F&aacute;tima Silva &ndash; uma das coordenadoras do evento. Ela explicou que uma das bandeiras principais levantadas no protesto &eacute; falar e trazer as quest&otilde;es voltadas para as mulheres.&nbsp; &ldquo;Principalmente a viol&ecirc;ncia contra as mulheres. &#8230; <\/p>\n<p class=\"read-more-container\"><a title=\"Dia Internacional da Mulher \u00e9 marcado por protesto em Afogados da Ingazeira\" class=\"read-more button\" href=\"https:\/\/blogdojuniorcavalcanti.com.br\/index.php\/2022\/03\/08\/dia-internacional-da-mulher-e-marcado-por-protesto-em-afogados-da-ingazeira\/#more-14222\" aria-label=\"More on Dia Internacional da Mulher \u00e9 marcado por protesto em Afogados da Ingazeira\">Leia mais<\/a><\/p>\n","protected":false},"author":2,"featured_media":0,"comment_status":"open","ping_status":"open","sticky":false,"template":"","format":"standard","meta":{"footnotes":""},"categories":[28],"tags":[],"class_list":["post-14222","post","type-post","status-publish","format-standard","hentry","category-afogados"],"_links":{"self":[{"href":"https:\/\/blogdojuniorcavalcanti.com.br\/index.php\/wp-json\/wp\/v2\/posts\/14222","targetHints":{"allow":["GET"]}}],"collection":[{"href":"https:\/\/blogdojuniorcavalcanti.com.br\/index.php\/wp-json\/wp\/v2\/posts"}],"about":[{"href":"https:\/\/blogdojuniorcavalcanti.com.br\/index.php\/wp-json\/wp\/v2\/types\/post"}],"author":[{"embeddable":true,"href":"https:\/\/blogdojuniorcavalcanti.com.br\/index.php\/wp-json\/wp\/v2\/users\/2"}],"replies":[{"embeddable":true,"href":"https:\/\/blogdojuniorcavalcanti.com.br\/index.php\/wp-json\/wp\/v2\/comments?post=14222"}],"version-history":[{"count":1,"href":"https:\/\/blogdojuniorcavalcanti.com.br\/index.php\/wp-json\/wp\/v2\/posts\/14222\/revisions"}],"predecessor-version":[{"id":14223,"href":"https:\/\/blogdojuniorcavalcanti.com.br\/index.php\/wp-json\/wp\/v2\/posts\/14222\/revisions\/14223"}],"wp:attachment":[{"href":"https:\/\/blogdojuniorcavalcanti.com.br\/index.php\/wp-json\/wp\/v2\/media?parent=14222"}],"wp:term":[{"taxonomy":"category","embeddable":true,"href":"https:\/\/blogdojuniorcavalcanti.com.br\/index.php\/wp-json\/wp\/v2\/categories?post=14222"},{"taxonomy":"post_tag","embeddable":true,"href":"https:\/\/blogdojuniorcavalcanti.com.br\/index.php\/wp-json\/wp\/v2\/tags?post=14222"}],"curies":[{"name":"wp","href":"https:\/\/api.w.org\/{rel}","templated":true}]}}