{"id":14279,"date":"2022-03-10T04:55:48","date_gmt":"2022-03-10T07:55:48","guid":{"rendered":"https:\/\/blogdojuniorcavalcanti.com.br\/?p=14279"},"modified":"2022-03-10T04:55:48","modified_gmt":"2022-03-10T07:55:48","slug":"plano-diretor-primeira-reuniao-setorial-foi-com-segmento-da-construcao-civil-de-afogados-da-ingazeira","status":"publish","type":"post","link":"https:\/\/blogdojuniorcavalcanti.com.br\/index.php\/2022\/03\/10\/plano-diretor-primeira-reuniao-setorial-foi-com-segmento-da-construcao-civil-de-afogados-da-ingazeira\/","title":{"rendered":"Plano Diretor: primeira reuni\u00e3o setorial foi com segmento da constru\u00e7\u00e3o civil de Afogados da Ingazeira"},"content":{"rendered":"<p style=\"text-align: justify;\"><span style=\"font-size: 14pt; font-family: arial, helvetica, sans-serif;\"><strong>Ascom<\/strong><\/span><\/p>\n<p style=\"text-align: justify;\"><span style=\"font-size: 14pt; font-family: arial, helvetica, sans-serif;\">A Prefeitura de Afogados da Ingazeira iniciou na noite desta quarta-feira (09), no audit\u00f3rio da C\u00e2mara de Vereadores, a s\u00e9rie de reuni\u00f5es setoriais para debater e ouvir sugest\u00f5es\/propostas da sociedade sobre o Plano Diretor.<\/span><\/p>\n<p style=\"text-align: justify;\"><span style=\"font-size: 14pt; font-family: arial, helvetica, sans-serif;\">A reuni\u00e3o foi aberta pelo vice-prefeito Daniel Valadares, representando o prefeito Alessandro Palmeira, e conduzida pelo jornalista Fernando Moraes, coordenador do processo de revis\u00e3o do Plano Diretor, e pelo urbanista Selomar Breda, coordenador do ITCO, empresa contratada para a revis\u00e3o.<\/span><\/p>\n<p style=\"text-align: justify;\"><span style=\"font-size: 14pt; font-family: arial, helvetica, sans-serif;\">A reuni\u00e3o contou com as presen\u00e7as do ex-prefeito Totonho Valadares, do vereador C\u00e9sar Ten\u00f3rio, do assessor especial da Prefeitura, Elias Silva, da arquiteta da Secretaria de Infraestrutura, Mar\u00edlia Aciolly, do professor Adelmo Santos, dentre outros.<\/span><\/p>\n<p style=\"text-align: justify;\"><span style=\"font-size: 14pt; font-family: arial, helvetica, sans-serif;\">Ao longo de pouco mais de duas horas de reuni\u00e3o, construtores, arquitetos, engenheiros, estudantes do IFPE e representantes de imobili\u00e1rias, puderam conhecer a import\u00e2ncia do Plano Diretor para a cidade e a metodologia que vem sendo utilizada para a sua revis\u00e3o em Afogados da Ingazeira, al\u00e9m de debater temas relevantes como crit\u00e9rios de constru\u00e7\u00e3o, tamanho dos lotes nas \u00e1reas urbana e rural, tributos sobre constru\u00e7\u00e3o, pavimenta\u00e7\u00e3o, arboriza\u00e7\u00e3o e saneamento.<\/span><\/p>\n<p style=\"text-align: justify;\"><span style=\"font-size: 14pt; font-family: arial, helvetica, sans-serif;\">\u201cQueremos fazer um plano que dialogue com os anseios e os interesses coletivos da sociedade. Um plano participativo, que n\u00e3o seja apenas mais um documento importante, mas que tenha sobretudo a utilidade pr\u00e1tica de orientar e disciplinar a Afogados do futuro\u201d, avaliou o vice-prefeito Daniel Valadares.<\/span><\/p>\n<p style=\"text-align: justify;\"><span style=\"font-size: 14pt; font-family: arial, helvetica, sans-serif;\">As reuni\u00f5es setoriais continuam nesta quinta e sexta-feira, abertas a todos os interessados em participarem.<\/span><\/p>\n<p style=\"text-align: justify;\"><span style=\"font-size: 14pt; font-family: arial, helvetica, sans-serif;\"><strong>Quinta, \u00e0s 8h30<\/strong>\u00a0\u2013 Profissionais da educa\u00e7\u00e3o, rede p\u00fablica e privada.<\/span><\/p>\n<p style=\"text-align: justify;\"><span style=\"font-size: 14pt; font-family: arial, helvetica, sans-serif;\"><strong>Quinta, \u00e0s 18h30<\/strong>\u00a0\u2013 Minist\u00e9rio P\u00fablico, ONGs, associa\u00e7\u00f5es rurais, conselhos de bairros, concession\u00e1rias de servi\u00e7os p\u00fablicos, OAB, CREA, conselho de arquitetura e urbanismo e demais conselhos profissionais.<\/span><\/p>\n<p style=\"text-align: justify;\"><span style=\"font-size: 14pt; font-family: arial, helvetica, sans-serif;\"><strong>Sexta, \u00e0s 8h30<\/strong>\u00a0\u2013 Segmentos da cultura, turismo, esportes e religi\u00f5es.<\/span><\/p>\n<p style=\"text-align: justify;\"><span style=\"font-size: 14pt; font-family: arial, helvetica, sans-serif;\"><strong>Sexta, \u00e0s 18h30<\/strong>\u00a0\u2013 CDL, Sebrae, lojistas, associa\u00e7\u00f5es comerciais e de servi\u00e7os.<\/span><\/p>\n<p style=\"text-align: justify;\"><span style=\"font-size: 14pt; font-family: arial, helvetica, sans-serif;\">A pr\u00f3xima etapa do Plano Diretor, ap\u00f3s as reuni\u00f5es setoriais, ser\u00e1 a realiza\u00e7\u00e3o de 16 reuni\u00f5es comunit\u00e1rias, sendo 06 delas nos bairros e 10 na zona rural. O calend\u00e1rio dessas reuni\u00f5es comunit\u00e1rias ser\u00e1 divulgado em breve pela Prefeitura.<\/span><\/p>\n","protected":false},"excerpt":{"rendered":"<p>Ascom A Prefeitura de Afogados da Ingazeira iniciou na noite desta quarta-feira (09), no audit&oacute;rio da C&acirc;mara de Vereadores, a s&eacute;rie de reuni&otilde;es setoriais para debater e ouvir sugest&otilde;es\/propostas da sociedade sobre o Plano Diretor. A reuni&atilde;o foi aberta pelo vice-prefeito Daniel Valadares, representando o prefeito Alessandro Palmeira, e conduzida pelo jornalista Fernando Moraes, coordenador do processo de revis&atilde;o do Plano Diretor, e pelo urbanista Selomar Breda, coordenador do ITCO, empresa contratada para a revis&atilde;o. A reuni&atilde;o contou com as presen&ccedil;as do ex-prefeito Totonho Valadares, do vereador C&eacute;sar Ten&oacute;rio, do assessor especial da Prefeitura, Elias Silva, da arquiteta da Secretaria &#8230; <\/p>\n<p class=\"read-more-container\"><a title=\"Plano Diretor: primeira reuni\u00e3o setorial foi com segmento da constru\u00e7\u00e3o civil de Afogados da Ingazeira\" class=\"read-more button\" href=\"https:\/\/blogdojuniorcavalcanti.com.br\/index.php\/2022\/03\/10\/plano-diretor-primeira-reuniao-setorial-foi-com-segmento-da-construcao-civil-de-afogados-da-ingazeira\/#more-14279\" aria-label=\"More on Plano Diretor: primeira reuni\u00e3o setorial foi com segmento da constru\u00e7\u00e3o civil de Afogados da Ingazeira\">Leia mais<\/a><\/p>\n","protected":false},"author":2,"featured_media":14280,"comment_status":"open","ping_status":"open","sticky":false,"template":"","format":"standard","meta":{"footnotes":""},"categories":[25],"tags":[],"class_list":["post-14279","post","type-post","status-publish","format-standard","has-post-thumbnail","hentry","category-destaque","resize-featured-image"],"_links":{"self":[{"href":"https:\/\/blogdojuniorcavalcanti.com.br\/index.php\/wp-json\/wp\/v2\/posts\/14279","targetHints":{"allow":["GET"]}}],"collection":[{"href":"https:\/\/blogdojuniorcavalcanti.com.br\/index.php\/wp-json\/wp\/v2\/posts"}],"about":[{"href":"https:\/\/blogdojuniorcavalcanti.com.br\/index.php\/wp-json\/wp\/v2\/types\/post"}],"author":[{"embeddable":true,"href":"https:\/\/blogdojuniorcavalcanti.com.br\/index.php\/wp-json\/wp\/v2\/users\/2"}],"replies":[{"embeddable":true,"href":"https:\/\/blogdojuniorcavalcanti.com.br\/index.php\/wp-json\/wp\/v2\/comments?post=14279"}],"version-history":[{"count":1,"href":"https:\/\/blogdojuniorcavalcanti.com.br\/index.php\/wp-json\/wp\/v2\/posts\/14279\/revisions"}],"predecessor-version":[{"id":14281,"href":"https:\/\/blogdojuniorcavalcanti.com.br\/index.php\/wp-json\/wp\/v2\/posts\/14279\/revisions\/14281"}],"wp:featuredmedia":[{"embeddable":true,"href":"https:\/\/blogdojuniorcavalcanti.com.br\/index.php\/wp-json\/wp\/v2\/media\/14280"}],"wp:attachment":[{"href":"https:\/\/blogdojuniorcavalcanti.com.br\/index.php\/wp-json\/wp\/v2\/media?parent=14279"}],"wp:term":[{"taxonomy":"category","embeddable":true,"href":"https:\/\/blogdojuniorcavalcanti.com.br\/index.php\/wp-json\/wp\/v2\/categories?post=14279"},{"taxonomy":"post_tag","embeddable":true,"href":"https:\/\/blogdojuniorcavalcanti.com.br\/index.php\/wp-json\/wp\/v2\/tags?post=14279"}],"curies":[{"name":"wp","href":"https:\/\/api.w.org\/{rel}","templated":true}]}}