{"id":14466,"date":"2022-03-14T04:46:45","date_gmt":"2022-03-14T07:46:45","guid":{"rendered":"https:\/\/blogdojuniorcavalcanti.com.br\/?p=14466"},"modified":"2022-03-14T04:46:45","modified_gmt":"2022-03-14T07:46:45","slug":"professores-cobram-palavra-de-lw-sobre-piso","status":"publish","type":"post","link":"https:\/\/blogdojuniorcavalcanti.com.br\/index.php\/2022\/03\/14\/professores-cobram-palavra-de-lw-sobre-piso\/","title":{"rendered":"Professores cobram palavra de LW sobre piso"},"content":{"rendered":"<p style=\"text-align: justify;\"><span style=\"font-size: 14pt;\"><span style=\"font-family: arial, helvetica, sans-serif;\">Uma carta de professores independentes se Arcoverde repercute na cidade.<\/span><\/span><\/p>\n<p style=\"text-align: justify;\"><span style=\"font-size: 14pt; font-family: arial, helvetica, sans-serif;\">Nela, eles relataram ao\u00a0<strong>Blog do Magno<\/strong>\u00a0que o prefeito Wellington Maciel\u00a0 anunciou numa r\u00e1dio local, no dia 18 de fevereiro, depois de algumas mobiliza\u00e7\u00f5es dos professores, que no m\u00eas de mar\u00e7o cumpriria a lei do piso do magist\u00e9rio concedendo o reajuste de 33,24% \u00e0 categoria.<\/span><\/p>\n<p style=\"text-align: justify;\"><span style=\"font-size: 14pt; font-family: arial, helvetica, sans-serif;\">\u201cE ainda refor\u00e7ou o mesmo compromisso em assembleia de professores no dia 21 de fevereiro\u201d, acrescentam.<\/span><\/p>\n<p style=\"text-align: justify;\"><span style=\"font-size: 14pt; font-family: arial, helvetica, sans-serif;\">\u201cMas, ser\u00e1 que em tempos de fake news, a palavra de um gestor municipal, pode ser descredibilizada por ele mesmo? O prefeito afirmou tamb\u00e9m que o projeto de lei seria enviado \u00e0 C\u00e2mara Municipal at\u00e9 ontem, dia 10. E at\u00e9 agora, nada\u201d, criticam em carta.<\/span><\/p>\n<p style=\"text-align: justify;\"><span style=\"font-size: 14pt; font-family: arial, helvetica, sans-serif;\">Os professores dizem esperar que o projeto autorizando o reajuste do piso em 33,24% , seja enviado at\u00e9 a pr\u00f3xima segunda-feira(14), para que a lei seja cumprida e a palavra tamb\u00e9m.<\/span><\/p>\n","protected":false},"excerpt":{"rendered":"<p>Uma carta de professores independentes se Arcoverde repercute na cidade. Nela, eles relataram ao&nbsp;Blog do Magno&nbsp;que o prefeito Wellington Maciel&nbsp; anunciou numa r&aacute;dio local, no dia 18 de fevereiro, depois de algumas mobiliza&ccedil;&otilde;es dos professores, que no m&ecirc;s de mar&ccedil;o cumpriria a lei do piso do magist&eacute;rio concedendo o reajuste de 33,24% &agrave; categoria. &ldquo;E ainda refor&ccedil;ou o mesmo compromisso em assembleia de professores no dia 21 de fevereiro&rdquo;, acrescentam. &ldquo;Mas, ser&aacute; que em tempos de fake news, a palavra de um gestor municipal, pode ser descredibilizada por ele mesmo? O prefeito afirmou tamb&eacute;m que o projeto de lei seria &#8230; <\/p>\n<p class=\"read-more-container\"><a title=\"Professores cobram palavra de LW sobre piso\" class=\"read-more button\" href=\"https:\/\/blogdojuniorcavalcanti.com.br\/index.php\/2022\/03\/14\/professores-cobram-palavra-de-lw-sobre-piso\/#more-14466\" aria-label=\"More on Professores cobram palavra de LW sobre piso\">Leia mais<\/a><\/p>\n","protected":false},"author":2,"featured_media":14467,"comment_status":"open","ping_status":"open","sticky":false,"template":"","format":"standard","meta":{"footnotes":""},"categories":[25],"tags":[],"class_list":["post-14466","post","type-post","status-publish","format-standard","has-post-thumbnail","hentry","category-destaque","resize-featured-image"],"_links":{"self":[{"href":"https:\/\/blogdojuniorcavalcanti.com.br\/index.php\/wp-json\/wp\/v2\/posts\/14466","targetHints":{"allow":["GET"]}}],"collection":[{"href":"https:\/\/blogdojuniorcavalcanti.com.br\/index.php\/wp-json\/wp\/v2\/posts"}],"about":[{"href":"https:\/\/blogdojuniorcavalcanti.com.br\/index.php\/wp-json\/wp\/v2\/types\/post"}],"author":[{"embeddable":true,"href":"https:\/\/blogdojuniorcavalcanti.com.br\/index.php\/wp-json\/wp\/v2\/users\/2"}],"replies":[{"embeddable":true,"href":"https:\/\/blogdojuniorcavalcanti.com.br\/index.php\/wp-json\/wp\/v2\/comments?post=14466"}],"version-history":[{"count":1,"href":"https:\/\/blogdojuniorcavalcanti.com.br\/index.php\/wp-json\/wp\/v2\/posts\/14466\/revisions"}],"predecessor-version":[{"id":14468,"href":"https:\/\/blogdojuniorcavalcanti.com.br\/index.php\/wp-json\/wp\/v2\/posts\/14466\/revisions\/14468"}],"wp:featuredmedia":[{"embeddable":true,"href":"https:\/\/blogdojuniorcavalcanti.com.br\/index.php\/wp-json\/wp\/v2\/media\/14467"}],"wp:attachment":[{"href":"https:\/\/blogdojuniorcavalcanti.com.br\/index.php\/wp-json\/wp\/v2\/media?parent=14466"}],"wp:term":[{"taxonomy":"category","embeddable":true,"href":"https:\/\/blogdojuniorcavalcanti.com.br\/index.php\/wp-json\/wp\/v2\/categories?post=14466"},{"taxonomy":"post_tag","embeddable":true,"href":"https:\/\/blogdojuniorcavalcanti.com.br\/index.php\/wp-json\/wp\/v2\/tags?post=14466"}],"curies":[{"name":"wp","href":"https:\/\/api.w.org\/{rel}","templated":true}]}}