{"id":14547,"date":"2022-03-15T11:19:41","date_gmt":"2022-03-15T14:19:41","guid":{"rendered":"https:\/\/blogdojuniorcavalcanti.com.br\/?p=14547"},"modified":"2022-03-15T11:19:41","modified_gmt":"2022-03-15T14:19:41","slug":"policia-desencadeia-operacao-baixa-densidade-no-sertao","status":"publish","type":"post","link":"https:\/\/blogdojuniorcavalcanti.com.br\/index.php\/2022\/03\/15\/policia-desencadeia-operacao-baixa-densidade-no-sertao\/","title":{"rendered":"Pol\u00edcia desencadeia Opera\u00e7\u00e3o Baixa Densidade no Sert\u00e3o"},"content":{"rendered":"<p style=\"text-align: justify;\"><span style=\"font-size: 14pt; font-family: arial, helvetica, sans-serif;\"><img fetchpriority=\"high\" decoding=\"async\" class=\"wp-image-226444 jetpack-lazy-image jetpack-lazy-image--handled alignleft\" src=\"https:\/\/nilljunior.com.br\/wp-content\/uploads\/2022\/03\/IMG-20220315-WA0031-533x400.jpg\" sizes=\"(max-width: 400px) 100vw, 400px\" srcset=\"https:\/\/nilljunior.com.br\/wp-content\/uploads\/2022\/03\/IMG-20220315-WA0031-533x400.jpg 533w, https:\/\/nilljunior.com.br\/wp-content\/uploads\/2022\/03\/IMG-20220315-WA0031-300x225.jpg 300w, https:\/\/nilljunior.com.br\/wp-content\/uploads\/2022\/03\/IMG-20220315-WA0031-768x576.jpg 768w, https:\/\/nilljunior.com.br\/wp-content\/uploads\/2022\/03\/IMG-20220315-WA0031.jpg 1280w\" alt=\"\" width=\"400\" height=\"300\" data-attachment-id=\"226444\" data-permalink=\"https:\/\/nilljunior.com.br\/policia-desencadeia-operacao-baixa-densidade-no-sertao\/img-20220315-wa0031\/\" data-orig-file=\"https:\/\/nilljunior.com.br\/wp-content\/uploads\/2022\/03\/IMG-20220315-WA0031.jpg\" data-orig-size=\"1280,960\" data-comments-opened=\"1\" data-image-meta=\"{&quot;aperture&quot;:&quot;0&quot;,&quot;credit&quot;:&quot;&quot;,&quot;camera&quot;:&quot;&quot;,&quot;caption&quot;:&quot;&quot;,&quot;created_timestamp&quot;:&quot;0&quot;,&quot;copyright&quot;:&quot;&quot;,&quot;focal_length&quot;:&quot;0&quot;,&quot;iso&quot;:&quot;0&quot;,&quot;shutter_speed&quot;:&quot;0&quot;,&quot;title&quot;:&quot;&quot;,&quot;orientation&quot;:&quot;0&quot;}\" data-image-title=\"IMG-20220315-WA0031\" data-image-description=\"\" data-medium-file=\"https:\/\/nilljunior.com.br\/wp-content\/uploads\/2022\/03\/IMG-20220315-WA0031-300x225.jpg\" data-large-file=\"https:\/\/nilljunior.com.br\/wp-content\/uploads\/2022\/03\/IMG-20220315-WA0031-533x400.jpg\" data-lazy-loaded=\"1\" \/><\/span><\/p>\n<p style=\"text-align: justify;\"><span style=\"font-size: 14pt; font-family: arial, helvetica, sans-serif;\">A Pol\u00edcia Civil de Pernambuco desencadeou na manh\u00e3 desta ter\u00e7a-feira (15), a 7\u00aa Opera\u00e7\u00e3o de Repress\u00e3o Qualificada do ano, denominada \u201cBaixa Densidade\u201d, vinculada \u00e0 Diretoria Integrada do Interior II (DINTER II), sob a presid\u00eancia do delegado Joseilton Sampaio, titular da Delegacia de Pol\u00edcia da 213\u00aa Circunscri\u00e7\u00e3o de Petrolina, unidade integrante da 26\u00aa Delegacia seccional \u2013 26\u00aa DESEC.<\/span><\/p>\n<p style=\"text-align: justify;\"><span style=\"font-size: 14pt; font-family: arial, helvetica, sans-serif;\">A investiga\u00e7\u00e3o foi iniciada em novembro de 2021, com o objetivo de identificar e desarticular organiza\u00e7\u00e3o criminosa voltada \u00e0 pr\u00e1tica dos crimes de roubo, latroc\u00ednio e furto qualificado.<\/span><\/p>\n<p style=\"text-align: justify;\"><span style=\"font-size: 14pt; font-family: arial, helvetica, sans-serif;\">No dia de hoje, est\u00e3o sendo cumpridos 10 Mandados de Pris\u00e3o e 02 Mandados de Busca e Apreens\u00e3o Domiciliar, todos expedidos pela Segunda Vara Criminal da Comarca de Petrolina.<\/span><\/p>\n<p style=\"text-align: justify;\"><span style=\"font-size: 14pt; font-family: arial, helvetica, sans-serif;\">Na execu\u00e7\u00e3o, est\u00e3o sendo empregados 30 policiais civis, entre delegados, agentes e escriv\u00e3es.<\/span><\/p>\n<p style=\"text-align: justify;\"><span style=\"font-size: 14pt; font-family: arial, helvetica, sans-serif;\">As investiga\u00e7\u00f5es foram assessoradas pela Diretoria de Intelig\u00eancia da Pol\u00edcia Civil de<\/span><br \/>\n<span style=\"font-size: 14pt; font-family: arial, helvetica, sans-serif;\">Pernambuco \u2013 DINTEL.<\/span><\/p>\n<p style=\"text-align: justify;\"><span style=\"font-size: 14pt; font-family: arial, helvetica, sans-serif;\">Segundo a SDS, a organiza\u00e7\u00e3o criminosa \u00e9 acusada pelo latroc\u00ednio de um caminhoneiro, que teve o caminh\u00e3o e a carga roubados, sendo morto logo em seguida. O corpo da v\u00edtima foi abandonado em Lagoa Grande.<\/span><\/p>\n","protected":false},"excerpt":{"rendered":"<p>A Pol&iacute;cia Civil de Pernambuco desencadeou na manh&atilde; desta ter&ccedil;a-feira (15), a 7&ordf; Opera&ccedil;&atilde;o de Repress&atilde;o Qualificada do ano, denominada &ldquo;Baixa Densidade&rdquo;, vinculada &agrave; Diretoria Integrada do Interior II (DINTER II), sob a presid&ecirc;ncia do delegado Joseilton Sampaio, titular da Delegacia de Pol&iacute;cia da 213&ordf; Circunscri&ccedil;&atilde;o de Petrolina, unidade integrante da 26&ordf; Delegacia seccional &ndash; 26&ordf; DESEC. A investiga&ccedil;&atilde;o foi iniciada em novembro de 2021, com o objetivo de identificar e desarticular organiza&ccedil;&atilde;o criminosa voltada &agrave; pr&aacute;tica dos crimes de roubo, latroc&iacute;nio e furto qualificado. No dia de hoje, est&atilde;o sendo cumpridos 10 Mandados de Pris&atilde;o e 02 Mandados de &#8230; <\/p>\n<p class=\"read-more-container\"><a title=\"Pol\u00edcia desencadeia Opera\u00e7\u00e3o Baixa Densidade no Sert\u00e3o\" class=\"read-more button\" href=\"https:\/\/blogdojuniorcavalcanti.com.br\/index.php\/2022\/03\/15\/policia-desencadeia-operacao-baixa-densidade-no-sertao\/#more-14547\" aria-label=\"More on Pol\u00edcia desencadeia Opera\u00e7\u00e3o Baixa Densidade no Sert\u00e3o\">Leia mais<\/a><\/p>\n","protected":false},"author":2,"featured_media":0,"comment_status":"open","ping_status":"open","sticky":false,"template":"","format":"standard","meta":{"footnotes":""},"categories":[30],"tags":[],"class_list":["post-14547","post","type-post","status-publish","format-standard","hentry","category-regional"],"_links":{"self":[{"href":"https:\/\/blogdojuniorcavalcanti.com.br\/index.php\/wp-json\/wp\/v2\/posts\/14547","targetHints":{"allow":["GET"]}}],"collection":[{"href":"https:\/\/blogdojuniorcavalcanti.com.br\/index.php\/wp-json\/wp\/v2\/posts"}],"about":[{"href":"https:\/\/blogdojuniorcavalcanti.com.br\/index.php\/wp-json\/wp\/v2\/types\/post"}],"author":[{"embeddable":true,"href":"https:\/\/blogdojuniorcavalcanti.com.br\/index.php\/wp-json\/wp\/v2\/users\/2"}],"replies":[{"embeddable":true,"href":"https:\/\/blogdojuniorcavalcanti.com.br\/index.php\/wp-json\/wp\/v2\/comments?post=14547"}],"version-history":[{"count":1,"href":"https:\/\/blogdojuniorcavalcanti.com.br\/index.php\/wp-json\/wp\/v2\/posts\/14547\/revisions"}],"predecessor-version":[{"id":14548,"href":"https:\/\/blogdojuniorcavalcanti.com.br\/index.php\/wp-json\/wp\/v2\/posts\/14547\/revisions\/14548"}],"wp:attachment":[{"href":"https:\/\/blogdojuniorcavalcanti.com.br\/index.php\/wp-json\/wp\/v2\/media?parent=14547"}],"wp:term":[{"taxonomy":"category","embeddable":true,"href":"https:\/\/blogdojuniorcavalcanti.com.br\/index.php\/wp-json\/wp\/v2\/categories?post=14547"},{"taxonomy":"post_tag","embeddable":true,"href":"https:\/\/blogdojuniorcavalcanti.com.br\/index.php\/wp-json\/wp\/v2\/tags?post=14547"}],"curies":[{"name":"wp","href":"https:\/\/api.w.org\/{rel}","templated":true}]}}