{"id":14637,"date":"2022-03-16T16:03:46","date_gmt":"2022-03-16T19:03:46","guid":{"rendered":"https:\/\/blogdojuniorcavalcanti.com.br\/?p=14637"},"modified":"2022-03-16T16:03:46","modified_gmt":"2022-03-16T19:03:46","slug":"tuparetama-realizou-1o-forum-comunitario-do-selo-unicef","status":"publish","type":"post","link":"https:\/\/blogdojuniorcavalcanti.com.br\/index.php\/2022\/03\/16\/tuparetama-realizou-1o-forum-comunitario-do-selo-unicef\/","title":{"rendered":"Tuparetama realizou 1\u00ba F\u00f3rum Comunit\u00e1rio do Selo Unicef"},"content":{"rendered":"<p style=\"text-align: justify;\"><span style=\"font-size: 14pt;\"><a href=\"https:\/\/nilljunior.com.br\/wp-content\/uploads\/2022\/03\/Tuparetama-selo-unicef-2022.jpeg\"><img fetchpriority=\"high\" decoding=\"async\" class=\"alignleft wp-image-226546 jetpack-lazy-image jetpack-lazy-image--handled\" src=\"https:\/\/nilljunior.com.br\/wp-content\/uploads\/2022\/03\/Tuparetama-selo-unicef-2022.jpeg\" sizes=\"(max-width: 400px) 100vw, 400px\" srcset=\"https:\/\/nilljunior.com.br\/wp-content\/uploads\/2022\/03\/Tuparetama-selo-unicef-2022.jpeg 1600w, https:\/\/nilljunior.com.br\/wp-content\/uploads\/2022\/03\/Tuparetama-selo-unicef-2022-300x169.jpeg 300w, https:\/\/nilljunior.com.br\/wp-content\/uploads\/2022\/03\/Tuparetama-selo-unicef-2022-768x432.jpeg 768w, https:\/\/nilljunior.com.br\/wp-content\/uploads\/2022\/03\/Tuparetama-selo-unicef-2022-600x338.jpeg 600w\" alt=\"\" width=\"400\" height=\"225\" data-attachment-id=\"226546\" data-permalink=\"https:\/\/nilljunior.com.br\/tuparetama-realizou-1o-forum-comunitario-do-selo-unicef\/tuparetama-selo-unicef-2022\/\" data-orig-file=\"https:\/\/nilljunior.com.br\/wp-content\/uploads\/2022\/03\/Tuparetama-selo-unicef-2022.jpeg\" data-orig-size=\"1600,900\" data-comments-opened=\"1\" data-image-meta=\"{&quot;aperture&quot;:&quot;0&quot;,&quot;credit&quot;:&quot;&quot;,&quot;camera&quot;:&quot;&quot;,&quot;caption&quot;:&quot;&quot;,&quot;created_timestamp&quot;:&quot;0&quot;,&quot;copyright&quot;:&quot;&quot;,&quot;focal_length&quot;:&quot;0&quot;,&quot;iso&quot;:&quot;0&quot;,&quot;shutter_speed&quot;:&quot;0&quot;,&quot;title&quot;:&quot;&quot;,&quot;orientation&quot;:&quot;0&quot;}\" data-image-title=\"Tuparetama-selo-unicef-2022\" data-image-description=\"\" data-medium-file=\"https:\/\/nilljunior.com.br\/wp-content\/uploads\/2022\/03\/Tuparetama-selo-unicef-2022-300x169.jpeg\" data-large-file=\"https:\/\/nilljunior.com.br\/wp-content\/uploads\/2022\/03\/Tuparetama-selo-unicef-2022-600x338.jpeg\" data-lazy-loaded=\"1\" \/><\/a><span style=\"font-family: arial, helvetica, sans-serif;\">O Governo de Tuparetama, por meio da Secretaria de Assist\u00eancia Social, realizou na manh\u00e3 da \u00faltima ter\u00e7a-feira (15), o I F\u00f3rum Comunit\u00e1rio do Selo Unicef, com a finalidade de elaborar o plano de trabalho, que vai nortear o munic\u00edpio na implanta\u00e7\u00e3o, consolida\u00e7\u00e3o e amplia\u00e7\u00e3o de pol\u00edticas p\u00fablicas voltadas \u00e0 crian\u00e7a e ao adolescente, nos pr\u00f3ximos dois anos.<\/span><\/span><\/p>\n<p style=\"text-align: justify;\"><span style=\"font-size: 14pt; font-family: arial, helvetica, sans-serif;\">O encontro contou com a participa\u00e7\u00e3o do prefeito S\u00e1vio Torres, da secret\u00e1ria de Assist\u00eancia Social, Raquel Torres, da articuladora do Selo Unicef no munic\u00edpio, B\u00e1rbara Freitas, representantes das secretarias de Sa\u00fade, Educa\u00e7\u00e3o, Poder Legislativo, Conselho Tutelar e coordenadoras dos programas sociais.<\/span><\/p>\n<p style=\"text-align: justify;\"><span style=\"font-size: 14pt; font-family: arial, helvetica, sans-serif;\">Ap\u00f3s a apresenta\u00e7\u00e3o cultural das crian\u00e7as que integram o Servi\u00e7o de Conviv\u00eancia e Fortalecimento de V\u00ednculos (SCFV), o prefeito S\u00e1vio Torres, destacou os trabalhos do Governo Municipal voltados ao p\u00fablico infantojuvenil.\u00a0<\/span><\/p>\n<p style=\"text-align: justify;\"><span style=\"font-size: 14pt; font-family: arial, helvetica, sans-serif;\">\u201cA gest\u00e3o vem trabalhando para fortalecer os direitos das crian\u00e7as e adolescentes, seja no acolhimento \u00e0s fam\u00edlias em situa\u00e7\u00e3o de vulnerabilidade, seja no ambiente escolar promovendo um ensino de qualidade ou ainda, na sa\u00fade municipal, com os programas e projetos da Aten\u00e7\u00e3o B\u00e1sica. Vamos garantir que o plano de a\u00e7\u00f5es seja colocado em pr\u00e1tica para que em 2024, Tuparetama seja contemplada com o Selo Unicef\u201d, destacou o gestor.<\/span><\/p>\n<p style=\"text-align: justify;\"><span style=\"font-size: 14pt; font-family: arial, helvetica, sans-serif;\">O consultor em Assist\u00eancia Social, Marcelo Jorge, promoveu uma palestra sobre a import\u00e2ncia do trabalho intersetorial entre as secretarias de governo na efetiva\u00e7\u00e3o das pol\u00edticas p\u00fablicas voltadas ao p\u00fablico infantojuvenil.\u00a0<\/span><\/p>\n<p style=\"text-align: justify;\"><span style=\"font-size: 14pt; font-family: arial, helvetica, sans-serif;\">Os participantes se reuniram em grupos para tra\u00e7ar as estrat\u00e9gias de a\u00e7\u00f5es que ser\u00e3o aplicadas nos pr\u00f3ximos anos. No final, as propostas para o plano de a\u00e7\u00e3o foram apresentadas e acolhidas por unanimidade entre os presentes.<\/span><\/p>\n","protected":false},"excerpt":{"rendered":"<p>O Governo de Tuparetama, por meio da Secretaria de Assist&ecirc;ncia Social, realizou na manh&atilde; da &uacute;ltima ter&ccedil;a-feira (15), o I F&oacute;rum Comunit&aacute;rio do Selo Unicef, com a finalidade de elaborar o plano de trabalho, que vai nortear o munic&iacute;pio na implanta&ccedil;&atilde;o, consolida&ccedil;&atilde;o e amplia&ccedil;&atilde;o de pol&iacute;ticas p&uacute;blicas voltadas &agrave; crian&ccedil;a e ao adolescente, nos pr&oacute;ximos dois anos. O encontro contou com a participa&ccedil;&atilde;o do prefeito S&aacute;vio Torres, da secret&aacute;ria de Assist&ecirc;ncia Social, Raquel Torres, da articuladora do Selo Unicef no munic&iacute;pio, B&aacute;rbara Freitas, representantes das secretarias de Sa&uacute;de, Educa&ccedil;&atilde;o, Poder Legislativo, Conselho Tutelar e coordenadoras dos programas sociais. Ap&oacute;s a &#8230; <\/p>\n<p class=\"read-more-container\"><a title=\"Tuparetama realizou 1\u00ba F\u00f3rum Comunit\u00e1rio do Selo Unicef\" class=\"read-more button\" href=\"https:\/\/blogdojuniorcavalcanti.com.br\/index.php\/2022\/03\/16\/tuparetama-realizou-1o-forum-comunitario-do-selo-unicef\/#more-14637\" aria-label=\"More on Tuparetama realizou 1\u00ba F\u00f3rum Comunit\u00e1rio do Selo Unicef\">Leia mais<\/a><\/p>\n","protected":false},"author":2,"featured_media":0,"comment_status":"open","ping_status":"open","sticky":false,"template":"","format":"standard","meta":{"footnotes":""},"categories":[30],"tags":[],"class_list":["post-14637","post","type-post","status-publish","format-standard","hentry","category-regional"],"_links":{"self":[{"href":"https:\/\/blogdojuniorcavalcanti.com.br\/index.php\/wp-json\/wp\/v2\/posts\/14637","targetHints":{"allow":["GET"]}}],"collection":[{"href":"https:\/\/blogdojuniorcavalcanti.com.br\/index.php\/wp-json\/wp\/v2\/posts"}],"about":[{"href":"https:\/\/blogdojuniorcavalcanti.com.br\/index.php\/wp-json\/wp\/v2\/types\/post"}],"author":[{"embeddable":true,"href":"https:\/\/blogdojuniorcavalcanti.com.br\/index.php\/wp-json\/wp\/v2\/users\/2"}],"replies":[{"embeddable":true,"href":"https:\/\/blogdojuniorcavalcanti.com.br\/index.php\/wp-json\/wp\/v2\/comments?post=14637"}],"version-history":[{"count":1,"href":"https:\/\/blogdojuniorcavalcanti.com.br\/index.php\/wp-json\/wp\/v2\/posts\/14637\/revisions"}],"predecessor-version":[{"id":14638,"href":"https:\/\/blogdojuniorcavalcanti.com.br\/index.php\/wp-json\/wp\/v2\/posts\/14637\/revisions\/14638"}],"wp:attachment":[{"href":"https:\/\/blogdojuniorcavalcanti.com.br\/index.php\/wp-json\/wp\/v2\/media?parent=14637"}],"wp:term":[{"taxonomy":"category","embeddable":true,"href":"https:\/\/blogdojuniorcavalcanti.com.br\/index.php\/wp-json\/wp\/v2\/categories?post=14637"},{"taxonomy":"post_tag","embeddable":true,"href":"https:\/\/blogdojuniorcavalcanti.com.br\/index.php\/wp-json\/wp\/v2\/tags?post=14637"}],"curies":[{"name":"wp","href":"https:\/\/api.w.org\/{rel}","templated":true}]}}