{"id":14660,"date":"2022-03-17T18:48:56","date_gmt":"2022-03-17T21:48:56","guid":{"rendered":"https:\/\/blogdojuniorcavalcanti.com.br\/?p=14660"},"modified":"2022-04-04T10:36:57","modified_gmt":"2022-04-04T13:36:57","slug":"numeros-da-pandemia-seguem-caindo-em-pernambuco","status":"publish","type":"post","link":"https:\/\/blogdojuniorcavalcanti.com.br\/index.php\/2022\/03\/17\/numeros-da-pandemia-seguem-caindo-em-pernambuco\/","title":{"rendered":"N\u00fameros da pandemia seguem caindo em Pernambuco"},"content":{"rendered":"<p style=\"text-align: justify;\"><span style=\"font-size: 14pt;\"><span style=\"font-family: arial, helvetica, sans-serif;\">Pernambuco segue com tend\u00eancia cont\u00ednua de redu\u00e7\u00e3o nos indicadores do novo coronav\u00edrus. Na Semana Epidemiol\u00f3gica (SE) 10, que vai de 6 a 12 de mar\u00e7o, pela quinta semana seguida houve redu\u00e7\u00e3o nos casos de S\u00edndrome Respirat\u00f3ria Aguda Grave com resultado positivo para a Covid-19. Foram 55 registros, o que representa uma queda de 40% e de 58% em compara\u00e7\u00e3o \u00e0s semanas epidemiol\u00f3gicas 9 e 8, respectivamente.<\/span><\/span><\/p>\n<p style=\"text-align: justify;\"><span style=\"font-size: 14pt; font-family: arial, helvetica, sans-serif;\">A positividade para a Covid-19 entre as amostras processadas no Laborat\u00f3rio Central de Sa\u00fade P\u00fablica de Pernambuco (Lacen-PE) registrou queda de 95% no per\u00edodo de seis semanas. Na \u00faltima semana de janeiro, por exemplo, de cada 100 exames processados, 52 positivavam para a doen\u00e7a. O cen\u00e1rio mudou.<\/span><\/p>\n<p style=\"text-align: justify;\"><span style=\"font-size: 14pt; font-family: arial, helvetica, sans-serif;\">Atualmente, de cada 100 testes de RT-PCR, apenas 2,5 acabam positivando. J\u00e1 os dados da Central de Regula\u00e7\u00e3o Hospitalar apontam que a Semana 10 registrou o menor patamar de pedidos por leitos de terapia intensiva deste ano. Foram 251 solicita\u00e7\u00f5es, uma queda de 19% em uma semana e de 18% em 15 dias.<\/span><\/p>\n","protected":false},"excerpt":{"rendered":"<p>Pernambuco segue com tend&ecirc;ncia cont&iacute;nua de redu&ccedil;&atilde;o nos indicadores do novo coronav&iacute;rus. Na Semana Epidemiol&oacute;gica (SE) 10, que vai de 6 a 12 de mar&ccedil;o, pela quinta semana seguida houve redu&ccedil;&atilde;o nos casos de S&iacute;ndrome Respirat&oacute;ria Aguda Grave com resultado positivo para a Covid-19. Foram 55 registros, o que representa uma queda de 40% e de 58% em compara&ccedil;&atilde;o &agrave;s semanas epidemiol&oacute;gicas 9 e 8, respectivamente. A positividade para a Covid-19 entre as amostras processadas no Laborat&oacute;rio Central de Sa&uacute;de P&uacute;blica de Pernambuco (Lacen-PE) registrou queda de 95% no per&iacute;odo de seis semanas. Na &uacute;ltima semana de janeiro, por exemplo, &#8230; <\/p>\n<p class=\"read-more-container\"><a title=\"N\u00fameros da pandemia seguem caindo em Pernambuco\" class=\"read-more button\" href=\"https:\/\/blogdojuniorcavalcanti.com.br\/index.php\/2022\/03\/17\/numeros-da-pandemia-seguem-caindo-em-pernambuco\/#more-14660\" aria-label=\"More on N\u00fameros da pandemia seguem caindo em Pernambuco\">Leia mais<\/a><\/p>\n","protected":false},"author":2,"featured_media":14661,"comment_status":"open","ping_status":"open","sticky":false,"template":"","format":"standard","meta":{"footnotes":""},"categories":[25],"tags":[],"class_list":["post-14660","post","type-post","status-publish","format-standard","has-post-thumbnail","hentry","category-destaque","resize-featured-image"],"_links":{"self":[{"href":"https:\/\/blogdojuniorcavalcanti.com.br\/index.php\/wp-json\/wp\/v2\/posts\/14660","targetHints":{"allow":["GET"]}}],"collection":[{"href":"https:\/\/blogdojuniorcavalcanti.com.br\/index.php\/wp-json\/wp\/v2\/posts"}],"about":[{"href":"https:\/\/blogdojuniorcavalcanti.com.br\/index.php\/wp-json\/wp\/v2\/types\/post"}],"author":[{"embeddable":true,"href":"https:\/\/blogdojuniorcavalcanti.com.br\/index.php\/wp-json\/wp\/v2\/users\/2"}],"replies":[{"embeddable":true,"href":"https:\/\/blogdojuniorcavalcanti.com.br\/index.php\/wp-json\/wp\/v2\/comments?post=14660"}],"version-history":[{"count":1,"href":"https:\/\/blogdojuniorcavalcanti.com.br\/index.php\/wp-json\/wp\/v2\/posts\/14660\/revisions"}],"predecessor-version":[{"id":14662,"href":"https:\/\/blogdojuniorcavalcanti.com.br\/index.php\/wp-json\/wp\/v2\/posts\/14660\/revisions\/14662"}],"wp:featuredmedia":[{"embeddable":true,"href":"https:\/\/blogdojuniorcavalcanti.com.br\/index.php\/wp-json\/wp\/v2\/media\/14661"}],"wp:attachment":[{"href":"https:\/\/blogdojuniorcavalcanti.com.br\/index.php\/wp-json\/wp\/v2\/media?parent=14660"}],"wp:term":[{"taxonomy":"category","embeddable":true,"href":"https:\/\/blogdojuniorcavalcanti.com.br\/index.php\/wp-json\/wp\/v2\/categories?post=14660"},{"taxonomy":"post_tag","embeddable":true,"href":"https:\/\/blogdojuniorcavalcanti.com.br\/index.php\/wp-json\/wp\/v2\/tags?post=14660"}],"curies":[{"name":"wp","href":"https:\/\/api.w.org\/{rel}","templated":true}]}}