{"id":14667,"date":"2022-03-17T18:53:29","date_gmt":"2022-03-17T21:53:29","guid":{"rendered":"https:\/\/blogdojuniorcavalcanti.com.br\/?p=14667"},"modified":"2022-03-17T18:53:29","modified_gmt":"2022-03-17T21:53:29","slug":"paulo-descarta-candidatura-ao-senado","status":"publish","type":"post","link":"https:\/\/blogdojuniorcavalcanti.com.br\/index.php\/2022\/03\/17\/paulo-descarta-candidatura-ao-senado\/","title":{"rendered":"Paulo descarta candidatura ao Senado"},"content":{"rendered":"<p style=\"text-align: justify;\"><span style=\"font-size: 14pt;\"><img fetchpriority=\"high\" decoding=\"async\" class=\"alignleft wp-image-224195 jetpack-lazy-image jetpack-lazy-image--handled\" src=\"https:\/\/nilljunior.com.br\/wp-content\/uploads\/2022\/02\/paulo-camara-11-02-22.jpg\" sizes=\"(max-width: 400px) 100vw, 400px\" srcset=\"https:\/\/nilljunior.com.br\/wp-content\/uploads\/2022\/02\/paulo-camara-11-02-22.jpg 893w, https:\/\/nilljunior.com.br\/wp-content\/uploads\/2022\/02\/paulo-camara-11-02-22-300x223.jpg 300w, https:\/\/nilljunior.com.br\/wp-content\/uploads\/2022\/02\/paulo-camara-11-02-22-768x572.jpg 768w, https:\/\/nilljunior.com.br\/wp-content\/uploads\/2022\/02\/paulo-camara-11-02-22-537x400.jpg 537w\" alt=\"\" width=\"400\" height=\"298\" data-attachment-id=\"224195\" data-permalink=\"https:\/\/nilljunior.com.br\/paulo-camara-anuncia-aumento-de-35-para-professores-de-pernambuco\/paulo-camara-11-02-22\/\" data-orig-file=\"https:\/\/nilljunior.com.br\/wp-content\/uploads\/2022\/02\/paulo-camara-11-02-22.jpg\" data-orig-size=\"893,665\" data-comments-opened=\"1\" data-image-meta=\"{&quot;aperture&quot;:&quot;0&quot;,&quot;credit&quot;:&quot;&quot;,&quot;camera&quot;:&quot;&quot;,&quot;caption&quot;:&quot;&quot;,&quot;created_timestamp&quot;:&quot;0&quot;,&quot;copyright&quot;:&quot;&quot;,&quot;focal_length&quot;:&quot;0&quot;,&quot;iso&quot;:&quot;0&quot;,&quot;shutter_speed&quot;:&quot;0&quot;,&quot;title&quot;:&quot;&quot;,&quot;orientation&quot;:&quot;0&quot;}\" data-image-title=\"paulo-camara-11-02-22\" data-image-description=\"\" data-medium-file=\"https:\/\/nilljunior.com.br\/wp-content\/uploads\/2022\/02\/paulo-camara-11-02-22-300x223.jpg\" data-large-file=\"https:\/\/nilljunior.com.br\/wp-content\/uploads\/2022\/02\/paulo-camara-11-02-22-537x400.jpg\" data-lazy-loaded=\"1\" \/><span style=\"font-family: arial, helvetica, sans-serif;\">Durante coletiva em Feira Nova, o governador Paulo C\u00e2mara descartou a candidatura ao Senado e garantiu ficar at\u00e9 o fim do ano.<\/span><\/span><\/p>\n<p style=\"text-align: justify;\"><span style=\"font-size: 14pt; font-family: arial, helvetica, sans-serif;\">\u201cSigo no Governo de Pernambuco at\u00e9 31 de dezembro. A gente tem trabalhado com esse cen\u00e1rio. Evidentemente que a gente j\u00e1 tem o pr\u00e9-candidato a governador do PSB, ent\u00e3o estamos conversando com os demais partidos que formam a Frente Popular que v\u00e3o definir justamente as demais vagas relativas ao Senado e vice-governador ou vice-governadora\u201d, disse governador.<\/span><\/p>\n<p style=\"text-align: justify;\"><span style=\"font-size: 14pt; font-family: arial, helvetica, sans-serif;\">A pergunta foi feita diante das especula\u00e7\u00f5es que o nome do governador teria voltado \u00e0 corrida pela vaga de senador. As informa\u00e7\u00f5es s\u00e3o do blog do Elielson.<\/span><\/p>\n","protected":false},"excerpt":{"rendered":"<p>Durante coletiva em Feira Nova, o governador Paulo C&acirc;mara descartou a candidatura ao Senado e garantiu ficar at&eacute; o fim do ano. &ldquo;Sigo no Governo de Pernambuco at&eacute; 31 de dezembro. A gente tem trabalhado com esse cen&aacute;rio. Evidentemente que a gente j&aacute; tem o pr&eacute;-candidato a governador do PSB, ent&atilde;o estamos conversando com os demais partidos que formam a Frente Popular que v&atilde;o definir justamente as demais vagas relativas ao Senado e vice-governador ou vice-governadora&rdquo;, disse governador. A pergunta foi feita diante das especula&ccedil;&otilde;es que o nome do governador teria voltado &agrave; corrida pela vaga de senador. As informa&ccedil;&otilde;es &#8230; <\/p>\n<p class=\"read-more-container\"><a title=\"Paulo descarta candidatura ao Senado\" class=\"read-more button\" href=\"https:\/\/blogdojuniorcavalcanti.com.br\/index.php\/2022\/03\/17\/paulo-descarta-candidatura-ao-senado\/#more-14667\" aria-label=\"More on Paulo descarta candidatura ao Senado\">Leia mais<\/a><\/p>\n","protected":false},"author":2,"featured_media":0,"comment_status":"open","ping_status":"open","sticky":false,"template":"","format":"standard","meta":{"footnotes":""},"categories":[27],"tags":[],"class_list":["post-14667","post","type-post","status-publish","format-standard","hentry","category-politica"],"_links":{"self":[{"href":"https:\/\/blogdojuniorcavalcanti.com.br\/index.php\/wp-json\/wp\/v2\/posts\/14667","targetHints":{"allow":["GET"]}}],"collection":[{"href":"https:\/\/blogdojuniorcavalcanti.com.br\/index.php\/wp-json\/wp\/v2\/posts"}],"about":[{"href":"https:\/\/blogdojuniorcavalcanti.com.br\/index.php\/wp-json\/wp\/v2\/types\/post"}],"author":[{"embeddable":true,"href":"https:\/\/blogdojuniorcavalcanti.com.br\/index.php\/wp-json\/wp\/v2\/users\/2"}],"replies":[{"embeddable":true,"href":"https:\/\/blogdojuniorcavalcanti.com.br\/index.php\/wp-json\/wp\/v2\/comments?post=14667"}],"version-history":[{"count":1,"href":"https:\/\/blogdojuniorcavalcanti.com.br\/index.php\/wp-json\/wp\/v2\/posts\/14667\/revisions"}],"predecessor-version":[{"id":14668,"href":"https:\/\/blogdojuniorcavalcanti.com.br\/index.php\/wp-json\/wp\/v2\/posts\/14667\/revisions\/14668"}],"wp:attachment":[{"href":"https:\/\/blogdojuniorcavalcanti.com.br\/index.php\/wp-json\/wp\/v2\/media?parent=14667"}],"wp:term":[{"taxonomy":"category","embeddable":true,"href":"https:\/\/blogdojuniorcavalcanti.com.br\/index.php\/wp-json\/wp\/v2\/categories?post=14667"},{"taxonomy":"post_tag","embeddable":true,"href":"https:\/\/blogdojuniorcavalcanti.com.br\/index.php\/wp-json\/wp\/v2\/tags?post=14667"}],"curies":[{"name":"wp","href":"https:\/\/api.w.org\/{rel}","templated":true}]}}