{"id":14678,"date":"2022-03-17T18:58:18","date_gmt":"2022-03-17T21:58:18","guid":{"rendered":"https:\/\/blogdojuniorcavalcanti.com.br\/?p=14678"},"modified":"2022-03-17T18:58:18","modified_gmt":"2022-03-17T21:58:18","slug":"sesc-oficializa-entrega-de-tres-equipamentos-em-triunfo","status":"publish","type":"post","link":"https:\/\/blogdojuniorcavalcanti.com.br\/index.php\/2022\/03\/17\/sesc-oficializa-entrega-de-tres-equipamentos-em-triunfo\/","title":{"rendered":"Sesc oficializa entrega de tr\u00eas equipamentos em Triunfo"},"content":{"rendered":"<p style=\"text-align: justify;\"><span style=\"font-size: 14pt; font-family: arial, helvetica, sans-serif;\"><img fetchpriority=\"high\" decoding=\"async\" class=\"wp-image-102253 aligncenter\" src=\"http:\/\/penoticias.com.br\/blog\/wp-content\/uploads\/2022\/03\/aa.-69.jpg\" sizes=\"(max-width: 672px) 100vw, 672px\" srcset=\"https:\/\/penoticias.com.br\/blog\/wp-content\/uploads\/2022\/03\/aa.-69.jpg 1280w, https:\/\/penoticias.com.br\/blog\/wp-content\/uploads\/2022\/03\/aa.-69-300x225.jpg 300w, https:\/\/penoticias.com.br\/blog\/wp-content\/uploads\/2022\/03\/aa.-69-1024x766.jpg 1024w, https:\/\/penoticias.com.br\/blog\/wp-content\/uploads\/2022\/03\/aa.-69-768x575.jpg 768w\" alt=\"\" width=\"488\" height=\"365\" \/><\/span><\/p>\n<p style=\"text-align: justify;\"><span style=\"font-size: 14pt; font-family: arial, helvetica, sans-serif;\"><strong>Ascom\/Sesc<\/strong><\/span><\/p>\n<p style=\"text-align: justify;\"><span style=\"font-size: 14pt; font-family: arial, helvetica, sans-serif;\">Com investimento de R$ 3,2 milh\u00f5es, o Sistema Fecom\u00e9rcio\/Sesc\/Senac Pernambuco oficializa, em Triunfo, a entrega da Pra\u00e7a Josias Albuquerque e das reformas do Espa\u00e7o Cultural F\u00e1brica de Cria\u00e7\u00e3o Popular Jos\u00e9 Manoel Sobrinho e do Centro de Conven\u00e7\u00f5es do Hotel do Sesc ao munic\u00edpio. As solenidades acontecer\u00e3o nesta sexta-feira (18) e refor\u00e7am a programa\u00e7\u00e3o de comemora\u00e7\u00f5es em torno dos 75 anos do Sesc em Pernambuco, completados em mar\u00e7o deste ano.<\/span><\/p>\n<p style=\"text-align: justify;\"><span style=\"font-size: 14pt; font-family: arial, helvetica, sans-serif;\">\u201cAcreditamos que, com os novos espa\u00e7os, ligados diretamente ao Sesc, conseguiremos fortalecer o munic\u00edpio na capta\u00e7\u00e3o de mais eventos culturais e corporativos, al\u00e9m de trazer uma op\u00e7\u00e3o de lazer, encontro e divers\u00e3o ao ar livre, com a entrega a pra\u00e7a\u201d, afirma o presidente do Sistema, Bernardo Peixoto. Os equipamentos j\u00e1 estavam prontos para serem inaugurados, mas, em fun\u00e7\u00e3o da pandemia, a abertura oficial precisou ser adiada.<\/span><\/p>\n<p style=\"text-align: justify;\"><span style=\"font-size: 14pt; font-family: arial, helvetica, sans-serif;\">A programa\u00e7\u00e3o do dia ter\u00e1 in\u00edcio \u00e0s 16h, no Espa\u00e7o F\u00e1brica de Cria\u00e7\u00e3o Popular, que receber\u00e1 o nome de Jos\u00e9 Manoel Sobrinho. O ator, diretor teatral e produtor cultural trabalhou por mais de 40 anos no Sesc Pernambuco e vai receber pessoalmente essa homenagem da entidade. \u201cEle foi fundamental na transforma\u00e7\u00e3o de toda a cadeia cultural de Pernambuco, com muita sensibilidade para fomentar munic\u00edpios do interior e dar voz \u00e0s manifesta\u00e7\u00f5es de cada regi\u00e3o do estado\u201d, afirma o gerente de Cultura do Sesc Pernambuco, Rudimar Const\u00e2ncio.<\/span><\/p>\n<p style=\"text-align: justify;\"><span style=\"font-size: 14pt; font-family: arial, helvetica, sans-serif;\">O local, onde funcionava a antiga cadeia p\u00fablica do munic\u00edpio, virou Espa\u00e7o Cultural. Com a revitaliza\u00e7\u00e3o, no valor aproximado de R$ 376 mil, a estrutura foi renovada, mas preservando sua arquitetura. A obra considerou a substitui\u00e7\u00e3o de piso, manuten\u00e7\u00e3o de cobertura e revis\u00e3o das instala\u00e7\u00f5es el\u00e9tricas\u00a0\u00a0 e pintura. Atualmente, a F\u00e1brica de Cria\u00e7\u00e3o Popular Jos\u00e9 Manoel Sobrinho possui aproximadamente 525 m\u00b3, tr\u00eas salas de aula, sendo uma voltada para teatro e outra para m\u00fasica, uma galeria de artes visuais, p\u00e1tio para realiza\u00e7\u00e3o de eventos e um caf\u00e9.<\/span><\/p>\n<p style=\"text-align: justify;\"><span style=\"font-size: 14pt; font-family: arial, helvetica, sans-serif;\">Em seguida, a comitiva, que contar\u00e1 com participa\u00e7\u00e3o das autoridades de Triunfo e de outros munic\u00edpios do Sert\u00e3o do Paje\u00fa, seguir\u00e1 para a Pra\u00e7a Josias Albuquerque, localizada em frente ao Hotel Sesc. Trata-se de uma homenagem ao ex-presidente da entidade, Josias Albuquerque, falecido em 2019. No local, foi erguido um busto para eternizar sua mem\u00f3ria.<\/span><\/p>\n","protected":false},"excerpt":{"rendered":"<p>Ascom\/Sesc Com investimento de R$ 3,2 milh&otilde;es, o Sistema Fecom&eacute;rcio\/Sesc\/Senac Pernambuco oficializa, em Triunfo, a entrega da Pra&ccedil;a Josias Albuquerque e das reformas do Espa&ccedil;o Cultural F&aacute;brica de Cria&ccedil;&atilde;o Popular Jos&eacute; Manoel Sobrinho e do Centro de Conven&ccedil;&otilde;es do Hotel do Sesc ao munic&iacute;pio. As solenidades acontecer&atilde;o nesta sexta-feira (18) e refor&ccedil;am a programa&ccedil;&atilde;o de comemora&ccedil;&otilde;es em torno dos 75 anos do Sesc em Pernambuco, completados em mar&ccedil;o deste ano. &ldquo;Acreditamos que, com os novos espa&ccedil;os, ligados diretamente ao Sesc, conseguiremos fortalecer o munic&iacute;pio na capta&ccedil;&atilde;o de mais eventos culturais e corporativos, al&eacute;m de trazer uma op&ccedil;&atilde;o de lazer, encontro &#8230; <\/p>\n<p class=\"read-more-container\"><a title=\"Sesc oficializa entrega de tr\u00eas equipamentos em Triunfo\" class=\"read-more button\" href=\"https:\/\/blogdojuniorcavalcanti.com.br\/index.php\/2022\/03\/17\/sesc-oficializa-entrega-de-tres-equipamentos-em-triunfo\/#more-14678\" aria-label=\"More on Sesc oficializa entrega de tr\u00eas equipamentos em Triunfo\">Leia mais<\/a><\/p>\n","protected":false},"author":2,"featured_media":0,"comment_status":"open","ping_status":"open","sticky":false,"template":"","format":"standard","meta":{"footnotes":""},"categories":[30],"tags":[],"class_list":["post-14678","post","type-post","status-publish","format-standard","hentry","category-regional"],"_links":{"self":[{"href":"https:\/\/blogdojuniorcavalcanti.com.br\/index.php\/wp-json\/wp\/v2\/posts\/14678","targetHints":{"allow":["GET"]}}],"collection":[{"href":"https:\/\/blogdojuniorcavalcanti.com.br\/index.php\/wp-json\/wp\/v2\/posts"}],"about":[{"href":"https:\/\/blogdojuniorcavalcanti.com.br\/index.php\/wp-json\/wp\/v2\/types\/post"}],"author":[{"embeddable":true,"href":"https:\/\/blogdojuniorcavalcanti.com.br\/index.php\/wp-json\/wp\/v2\/users\/2"}],"replies":[{"embeddable":true,"href":"https:\/\/blogdojuniorcavalcanti.com.br\/index.php\/wp-json\/wp\/v2\/comments?post=14678"}],"version-history":[{"count":2,"href":"https:\/\/blogdojuniorcavalcanti.com.br\/index.php\/wp-json\/wp\/v2\/posts\/14678\/revisions"}],"predecessor-version":[{"id":14680,"href":"https:\/\/blogdojuniorcavalcanti.com.br\/index.php\/wp-json\/wp\/v2\/posts\/14678\/revisions\/14680"}],"wp:attachment":[{"href":"https:\/\/blogdojuniorcavalcanti.com.br\/index.php\/wp-json\/wp\/v2\/media?parent=14678"}],"wp:term":[{"taxonomy":"category","embeddable":true,"href":"https:\/\/blogdojuniorcavalcanti.com.br\/index.php\/wp-json\/wp\/v2\/categories?post=14678"},{"taxonomy":"post_tag","embeddable":true,"href":"https:\/\/blogdojuniorcavalcanti.com.br\/index.php\/wp-json\/wp\/v2\/tags?post=14678"}],"curies":[{"name":"wp","href":"https:\/\/api.w.org\/{rel}","templated":true}]}}