{"id":14771,"date":"2022-03-20T14:49:36","date_gmt":"2022-03-20T17:49:36","guid":{"rendered":"https:\/\/blogdojuniorcavalcanti.com.br\/?p=14771"},"modified":"2022-03-20T14:49:36","modified_gmt":"2022-03-20T17:49:36","slug":"marilia-arraes-tera-encontro-com-lula-em-sao-paulo-diz-blog","status":"publish","type":"post","link":"https:\/\/blogdojuniorcavalcanti.com.br\/index.php\/2022\/03\/20\/marilia-arraes-tera-encontro-com-lula-em-sao-paulo-diz-blog\/","title":{"rendered":"Mar\u00edlia Arraes ter\u00e1 encontro com Lula, em S\u00e3o Paulo, diz blog"},"content":{"rendered":"<p style=\"text-align: justify;\"><span style=\"font-size: 14pt;\"><b><i><a href=\"https:\/\/nilljunior.com.br\/wp-content\/uploads\/2022\/03\/marilia-arraes-lula.jpg\"><img fetchpriority=\"high\" decoding=\"async\" class=\"alignleft wp-image-226841 jetpack-lazy-image jetpack-lazy-image--handled\" src=\"https:\/\/nilljunior.com.br\/wp-content\/uploads\/2022\/03\/marilia-arraes-lula.jpg\" sizes=\"(max-width: 400px) 100vw, 400px\" srcset=\"https:\/\/nilljunior.com.br\/wp-content\/uploads\/2022\/03\/marilia-arraes-lula.jpg 750w, https:\/\/nilljunior.com.br\/wp-content\/uploads\/2022\/03\/marilia-arraes-lula-300x164.jpg 300w, https:\/\/nilljunior.com.br\/wp-content\/uploads\/2022\/03\/marilia-arraes-lula-600x328.jpg 600w\" alt=\"\" width=\"400\" height=\"219\" data-attachment-id=\"226841\" data-permalink=\"https:\/\/nilljunior.com.br\/marilia-arraes-tera-encontro-com-lula-em-sao-paulo-diz-blog\/marilia-arraes-lula\/\" data-orig-file=\"https:\/\/nilljunior.com.br\/wp-content\/uploads\/2022\/03\/marilia-arraes-lula.jpg\" data-orig-size=\"750,410\" data-comments-opened=\"1\" data-image-meta=\"{&quot;aperture&quot;:&quot;0&quot;,&quot;credit&quot;:&quot;&quot;,&quot;camera&quot;:&quot;&quot;,&quot;caption&quot;:&quot;&quot;,&quot;created_timestamp&quot;:&quot;0&quot;,&quot;copyright&quot;:&quot;&quot;,&quot;focal_length&quot;:&quot;0&quot;,&quot;iso&quot;:&quot;0&quot;,&quot;shutter_speed&quot;:&quot;0&quot;,&quot;title&quot;:&quot;&quot;,&quot;orientation&quot;:&quot;0&quot;}\" data-image-title=\"marilia-arraes-lula\" data-image-description=\"\" data-medium-file=\"https:\/\/nilljunior.com.br\/wp-content\/uploads\/2022\/03\/marilia-arraes-lula-300x164.jpg\" data-large-file=\"https:\/\/nilljunior.com.br\/wp-content\/uploads\/2022\/03\/marilia-arraes-lula-600x328.jpg\" data-lazy-loaded=\"1\" \/><\/a><span style=\"font-family: arial, helvetica, sans-serif;\">Parlamentar vinha tentando encontro com presidente Lula, sem sucesso<\/span><\/i><\/b><\/span><\/p>\n<p style=\"text-align: justify;\"><span style=\"font-size: 14pt; font-family: arial, helvetica, sans-serif;\">O\u00a0<b>blog de Jamildo<\/b>\u00a0apurou que, depois de uma semana de muita pol\u00eamica em torno da amea\u00e7a de sair do PT, indo para o Solidariedade, mas mantendo o voto em Lula, a deputada federal Mar\u00edlia Arraes foi convidada para uma conversa pessoal com o ex-presidente, na pr\u00f3xima segunda-feira (21), em S\u00e3o Paulo.<\/span><\/p>\n<p style=\"text-align: justify;\"><span style=\"font-size: 14pt; font-family: arial, helvetica, sans-serif;\">At\u00e9 a semana que passou, a petista, que se v\u00ea prejudicada nas articula\u00e7\u00f5es para a indica\u00e7\u00e3o do nome ao Senado na Frente Popular, n\u00e3o conseguia agendar um encontro com o ex-presidente. Ela chegou a enviar uma carta pessoal a Lula, mas n\u00e3o se conhece o teor.<\/span><\/p>\n<p style=\"text-align: justify;\"><span style=\"font-size: 14pt; font-family: arial, helvetica, sans-serif;\">A d\u00favida que remanesce, neste momento, \u00e9 se a deputada federal vai comunicar a decis\u00e3o de deixar o PT, algo que era dado como irrevers\u00edvel na quinta-feira (17), ou ouvir dele o que pensa das articula\u00e7\u00f5es no Estado, de olho nas elei\u00e7\u00f5es de outubro.<\/span><\/p>\n<p style=\"text-align: justify;\"><span style=\"font-size: 14pt; font-family: arial, helvetica, sans-serif;\">No plano local, neste domingo haver\u00e1 uma reuni\u00e3o com a presidente do partido para tentar uma pacifica\u00e7\u00e3o. Mar\u00edlia j\u00e1 avisou que n\u00e3o participa, conforme informou mais cedo o blog de Jamildo.<\/span><\/p>\n<p style=\"text-align: justify;\"><span style=\"font-size: 14pt; font-family: arial, helvetica, sans-serif;\">A presidente nacional do partido, Gleisi Hoffmann, procurou a correligion\u00e1ria na quinta-feira para tentar demov\u00ea-la da ideia de sair do partido, mas n\u00e3o teve sucesso. Gleisi pediu a Mar\u00edlia que lhe desse um tempo para resolver a quest\u00e3o eleitoral no Estado. No entanto, Mar\u00edlia deixou claro que estava irredut\u00edvel.<\/span><\/p>\n<p style=\"text-align: justify;\"><span style=\"font-size: 14pt; font-family: arial, helvetica, sans-serif;\">Ela reclamava da resist\u00eancia do senador Humberto Costa, que defende o nome do deputado Carlos Veras. A atua\u00e7\u00e3o de Humberto Costa \u00e9 apontada como a principal raz\u00e3o para a desfilia\u00e7\u00e3o do PT.<\/span><\/p>\n<p style=\"text-align: justify;\"><span style=\"font-size: 14pt; font-family: arial, helvetica, sans-serif;\">Em 2018, Mar\u00edlia foi a segunda mais votada para a C\u00e2mara dos Deputados em Pernambuco, com quase 200 mil votos, atr\u00e1s apenas de Jo\u00e3o Campos (PSB), seu primo. Os dois disputaram a Prefeitura do Recife em 2020 no segundo turno, e ele venceu a elei\u00e7\u00e3o.<\/span><\/p>\n","protected":false},"excerpt":{"rendered":"<p>Parlamentar vinha tentando encontro com presidente Lula, sem sucesso O&nbsp;blog de Jamildo&nbsp;apurou que, depois de uma semana de muita pol&ecirc;mica em torno da amea&ccedil;a de sair do PT, indo para o Solidariedade, mas mantendo o voto em Lula, a deputada federal Mar&iacute;lia Arraes foi convidada para uma conversa pessoal com o ex-presidente, na pr&oacute;xima segunda-feira (21), em S&atilde;o Paulo. At&eacute; a semana que passou, a petista, que se v&ecirc; prejudicada nas articula&ccedil;&otilde;es para a indica&ccedil;&atilde;o do nome ao Senado na Frente Popular, n&atilde;o conseguia agendar um encontro com o ex-presidente. Ela chegou a enviar uma carta pessoal a Lula, mas &#8230; <\/p>\n<p class=\"read-more-container\"><a title=\"Mar\u00edlia Arraes ter\u00e1 encontro com Lula, em S\u00e3o Paulo, diz blog\" class=\"read-more button\" href=\"https:\/\/blogdojuniorcavalcanti.com.br\/index.php\/2022\/03\/20\/marilia-arraes-tera-encontro-com-lula-em-sao-paulo-diz-blog\/#more-14771\" aria-label=\"More on Mar\u00edlia Arraes ter\u00e1 encontro com Lula, em S\u00e3o Paulo, diz blog\">Leia mais<\/a><\/p>\n","protected":false},"author":2,"featured_media":0,"comment_status":"open","ping_status":"open","sticky":false,"template":"","format":"standard","meta":{"footnotes":""},"categories":[27],"tags":[],"class_list":["post-14771","post","type-post","status-publish","format-standard","hentry","category-politica"],"_links":{"self":[{"href":"https:\/\/blogdojuniorcavalcanti.com.br\/index.php\/wp-json\/wp\/v2\/posts\/14771","targetHints":{"allow":["GET"]}}],"collection":[{"href":"https:\/\/blogdojuniorcavalcanti.com.br\/index.php\/wp-json\/wp\/v2\/posts"}],"about":[{"href":"https:\/\/blogdojuniorcavalcanti.com.br\/index.php\/wp-json\/wp\/v2\/types\/post"}],"author":[{"embeddable":true,"href":"https:\/\/blogdojuniorcavalcanti.com.br\/index.php\/wp-json\/wp\/v2\/users\/2"}],"replies":[{"embeddable":true,"href":"https:\/\/blogdojuniorcavalcanti.com.br\/index.php\/wp-json\/wp\/v2\/comments?post=14771"}],"version-history":[{"count":1,"href":"https:\/\/blogdojuniorcavalcanti.com.br\/index.php\/wp-json\/wp\/v2\/posts\/14771\/revisions"}],"predecessor-version":[{"id":14772,"href":"https:\/\/blogdojuniorcavalcanti.com.br\/index.php\/wp-json\/wp\/v2\/posts\/14771\/revisions\/14772"}],"wp:attachment":[{"href":"https:\/\/blogdojuniorcavalcanti.com.br\/index.php\/wp-json\/wp\/v2\/media?parent=14771"}],"wp:term":[{"taxonomy":"category","embeddable":true,"href":"https:\/\/blogdojuniorcavalcanti.com.br\/index.php\/wp-json\/wp\/v2\/categories?post=14771"},{"taxonomy":"post_tag","embeddable":true,"href":"https:\/\/blogdojuniorcavalcanti.com.br\/index.php\/wp-json\/wp\/v2\/tags?post=14771"}],"curies":[{"name":"wp","href":"https:\/\/api.w.org\/{rel}","templated":true}]}}