{"id":14816,"date":"2022-03-21T15:26:03","date_gmt":"2022-03-21T18:26:03","guid":{"rendered":"https:\/\/blogdojuniorcavalcanti.com.br\/?p=14816"},"modified":"2022-03-21T15:27:01","modified_gmt":"2022-03-21T18:27:01","slug":"carnaiba-prefeitura-parabeniza-poetas-e-poetizas-do-sertao-do-pajeu","status":"publish","type":"post","link":"https:\/\/blogdojuniorcavalcanti.com.br\/index.php\/2022\/03\/21\/carnaiba-prefeitura-parabeniza-poetas-e-poetizas-do-sertao-do-pajeu\/","title":{"rendered":"Carna\u00edba: Prefeitura parabeniza poetas e poetisas do sert\u00e3o do Paje\u00fa"},"content":{"rendered":"<p style=\"text-align: justify;\"><span style=\"font-size: 14pt; font-family: arial, helvetica, sans-serif;\"><img fetchpriority=\"high\" decoding=\"async\" class=\"size-medium wp-image-14817 alignleft\" src=\"https:\/\/blogdojuniorcavalcanti.com.br\/wp-content\/uploads\/2022\/03\/poesia-300x293.png\" alt=\"\" width=\"300\" height=\"293\" srcset=\"https:\/\/blogdojuniorcavalcanti.com.br\/wp-content\/uploads\/2022\/03\/poesia-300x293.png 300w, https:\/\/blogdojuniorcavalcanti.com.br\/wp-content\/uploads\/2022\/03\/poesia.png 597w\" sizes=\"(max-width: 300px) 100vw, 300px\" \/>Saudamos todos os nossos poetas e poetisas do Sert\u00e3o do Paje\u00fa, que traduzem em letras e versos n\u00e3o somente a beleza do sertanejo, mas a sua garra, coragem e \u00e9 tamb\u00e9m instrumento de den\u00fancia social. Em Carna\u00edba lembramos desde os versos do compositor Z\u00e9 Dantas \u00e0s diversas formas de poesia regional e tantos nomes de refer\u00eancia do Sert\u00e3o do Paje\u00fa.<\/span><\/p>\n<p style=\"text-align: justify;\"><span style=\"font-size: 14pt; font-family: arial, helvetica, sans-serif;\">O Dia Mundial da Poesia surgiu na XXX Confer\u00eancia Geral da Unesco, no ano de 1999, quando foi escolhido o dia 21 de Mar\u00e7o para a comemora\u00e7\u00e3o anual dessa arte que atravessa os s\u00e9culos. Tal iniciativa teve o intuito de dar um \u201creconhecimento e impulso novos aos movimentos po\u00e9ticos nacionais, regionais e internacionais\u201d, segundo informa a ata |1| da confer\u00eancia.<\/span><\/p>\n<p style=\"text-align: justify;\"><span style=\"font-size: 14pt; font-family: arial, helvetica, sans-serif;\">A cria\u00e7\u00e3o dessa data tem o objetivo de promover a diversidade das l\u00ednguas, \u201cj\u00e1 que, por meio da poesia, os idiomas amea\u00e7ados ter\u00e3o maiores possibilidades de se expressar dentro de suas comunidades respectivas\u201d. Al\u00e9m disso, significa a \u201caceita\u00e7\u00e3o da palavra como elemento que socializa e estrutura a pessoa\u201d e \u201cpode ajudar os jovens a redescobrir valores essenciais\u201d, al\u00e9m de que \u201clhes permite refletir sobre si mesmos\u201d.<\/span><\/p>\n<p style=\"text-align: justify;\"><span style=\"font-size: 14pt; font-family: arial, helvetica, sans-serif;\">Viva a poesia mundial! Viva a poesia regional!<\/span><\/p>\n","protected":false},"excerpt":{"rendered":"<p>Saudamos todos os nossos poetas e poetisas do Sert&atilde;o do Paje&uacute;, que traduzem em letras e versos n&atilde;o somente a beleza do sertanejo, mas a sua garra, coragem e &eacute; tamb&eacute;m instrumento de den&uacute;ncia social. Em Carna&iacute;ba lembramos desde os versos do compositor Z&eacute; Dantas &agrave;s diversas formas de poesia regional e tantos nomes de refer&ecirc;ncia do Sert&atilde;o do Paje&uacute;. O Dia Mundial da Poesia surgiu na XXX Confer&ecirc;ncia Geral da Unesco, no ano de 1999, quando foi escolhido o dia 21 de Mar&ccedil;o para a comemora&ccedil;&atilde;o anual dessa arte que atravessa os s&eacute;culos. Tal iniciativa teve o intuito de &#8230; <\/p>\n<p class=\"read-more-container\"><a title=\"Carna\u00edba: Prefeitura parabeniza poetas e poetisas do sert\u00e3o do Paje\u00fa\" class=\"read-more button\" href=\"https:\/\/blogdojuniorcavalcanti.com.br\/index.php\/2022\/03\/21\/carnaiba-prefeitura-parabeniza-poetas-e-poetizas-do-sertao-do-pajeu\/#more-14816\" aria-label=\"More on Carna\u00edba: Prefeitura parabeniza poetas e poetisas do sert\u00e3o do Paje\u00fa\">Leia mais<\/a><\/p>\n","protected":false},"author":2,"featured_media":0,"comment_status":"open","ping_status":"open","sticky":false,"template":"","format":"standard","meta":{"footnotes":""},"categories":[30],"tags":[],"class_list":["post-14816","post","type-post","status-publish","format-standard","hentry","category-regional"],"_links":{"self":[{"href":"https:\/\/blogdojuniorcavalcanti.com.br\/index.php\/wp-json\/wp\/v2\/posts\/14816","targetHints":{"allow":["GET"]}}],"collection":[{"href":"https:\/\/blogdojuniorcavalcanti.com.br\/index.php\/wp-json\/wp\/v2\/posts"}],"about":[{"href":"https:\/\/blogdojuniorcavalcanti.com.br\/index.php\/wp-json\/wp\/v2\/types\/post"}],"author":[{"embeddable":true,"href":"https:\/\/blogdojuniorcavalcanti.com.br\/index.php\/wp-json\/wp\/v2\/users\/2"}],"replies":[{"embeddable":true,"href":"https:\/\/blogdojuniorcavalcanti.com.br\/index.php\/wp-json\/wp\/v2\/comments?post=14816"}],"version-history":[{"count":3,"href":"https:\/\/blogdojuniorcavalcanti.com.br\/index.php\/wp-json\/wp\/v2\/posts\/14816\/revisions"}],"predecessor-version":[{"id":14820,"href":"https:\/\/blogdojuniorcavalcanti.com.br\/index.php\/wp-json\/wp\/v2\/posts\/14816\/revisions\/14820"}],"wp:attachment":[{"href":"https:\/\/blogdojuniorcavalcanti.com.br\/index.php\/wp-json\/wp\/v2\/media?parent=14816"}],"wp:term":[{"taxonomy":"category","embeddable":true,"href":"https:\/\/blogdojuniorcavalcanti.com.br\/index.php\/wp-json\/wp\/v2\/categories?post=14816"},{"taxonomy":"post_tag","embeddable":true,"href":"https:\/\/blogdojuniorcavalcanti.com.br\/index.php\/wp-json\/wp\/v2\/tags?post=14816"}],"curies":[{"name":"wp","href":"https:\/\/api.w.org\/{rel}","templated":true}]}}