{"id":14928,"date":"2022-03-23T18:34:54","date_gmt":"2022-03-23T21:34:54","guid":{"rendered":"https:\/\/blogdojuniorcavalcanti.com.br\/?p=14928"},"modified":"2022-03-23T18:34:54","modified_gmt":"2022-03-23T21:34:54","slug":"morador-de-rua-e-morto-a-pedradas-em-sao-jose-do-egito-nesta-quarta-feira","status":"publish","type":"post","link":"https:\/\/blogdojuniorcavalcanti.com.br\/index.php\/2022\/03\/23\/morador-de-rua-e-morto-a-pedradas-em-sao-jose-do-egito-nesta-quarta-feira\/","title":{"rendered":"Morador de rua \u00e9 morto a pedradas em S\u00e3o Jos\u00e9 do Egito nesta quarta-feira"},"content":{"rendered":"<p style=\"text-align: justify;\"><span style=\"font-size: 14pt;\"><b><i><a href=\"https:\/\/nilljunior.com.br\/wp-content\/uploads\/2022\/03\/bombeiros-socorro.jpg\"><img fetchpriority=\"high\" decoding=\"async\" class=\"alignleft wp-image-227070 jetpack-lazy-image jetpack-lazy-image--handled\" src=\"https:\/\/nilljunior.com.br\/wp-content\/uploads\/2022\/03\/bombeiros-socorro.jpg\" sizes=\"(max-width: 400px) 100vw, 400px\" srcset=\"https:\/\/nilljunior.com.br\/wp-content\/uploads\/2022\/03\/bombeiros-socorro.jpg 600w, https:\/\/nilljunior.com.br\/wp-content\/uploads\/2022\/03\/bombeiros-socorro-150x100.jpg 150w, https:\/\/nilljunior.com.br\/wp-content\/uploads\/2022\/03\/bombeiros-socorro-300x201.jpg 300w, https:\/\/nilljunior.com.br\/wp-content\/uploads\/2022\/03\/bombeiros-socorro-597x400.jpg 597w\" alt=\"\" width=\"400\" height=\"268\" data-attachment-id=\"227070\" data-permalink=\"https:\/\/nilljunior.com.br\/morador-de-rua-e-morto-a-pedradas-em-sao-jose-do-egito-nesta-quarta-feira\/bombeiros-socorro\/\" data-orig-file=\"https:\/\/nilljunior.com.br\/wp-content\/uploads\/2022\/03\/bombeiros-socorro.jpg\" data-orig-size=\"600,402\" data-comments-opened=\"1\" data-image-meta=\"{&quot;aperture&quot;:&quot;0&quot;,&quot;credit&quot;:&quot;&quot;,&quot;camera&quot;:&quot;&quot;,&quot;caption&quot;:&quot;&quot;,&quot;created_timestamp&quot;:&quot;0&quot;,&quot;copyright&quot;:&quot;&quot;,&quot;focal_length&quot;:&quot;0&quot;,&quot;iso&quot;:&quot;0&quot;,&quot;shutter_speed&quot;:&quot;0&quot;,&quot;title&quot;:&quot;&quot;,&quot;orientation&quot;:&quot;0&quot;}\" data-image-title=\"bombeiros-socorro\" data-image-description=\"\" data-medium-file=\"https:\/\/nilljunior.com.br\/wp-content\/uploads\/2022\/03\/bombeiros-socorro-300x201.jpg\" data-large-file=\"https:\/\/nilljunior.com.br\/wp-content\/uploads\/2022\/03\/bombeiros-socorro-597x400.jpg\" data-lazy-loaded=\"1\" \/><\/a><\/i><\/b><span style=\"font-family: arial, helvetica, sans-serif;\"><i>Foto: imagem ilustrativa<\/i><\/span><\/span><\/p>\n<p style=\"text-align: justify;\"><span style=\"font-size: 14pt; font-family: arial, helvetica, sans-serif;\"><b><i>Crime ocorreu perto do P\u00e1tio da Feira Livre<\/i><\/b><\/span><\/p>\n<p style=\"text-align: justify;\"><span style=\"font-size: 14pt; font-family: arial, helvetica, sans-serif;\">Um morador de rua de 51 anos, Jos\u00e9 Wagner de Lima N\u00f3br\u00e9ga, conhecido por \u201cJoinha\u201d, foi morto a pedradas na madrugada desta quarta-feira (23) no munic\u00edpio de S\u00e3o Jos\u00e9 do Egito, Sert\u00e3o do Paje\u00fa. As informa\u00e7\u00f5es s\u00e3o do\u00a0<b>Farol de Not\u00edcias<\/b>.<\/span><\/p>\n<p style=\"text-align: justify;\"><span style=\"font-size: 14pt; font-family: arial, helvetica, sans-serif;\">O crime ocorreu por volta das 02h39 na Rua Professor Sebasti\u00e3o Rabelo, no Centro, defronte ao Mercado P\u00fablico Municipal.\u00a0<\/span><\/p>\n<p style=\"text-align: justify;\"><span style=\"font-size: 14pt; font-family: arial, helvetica, sans-serif;\">As primeiras informa\u00e7\u00f5es d\u00e3o conta de que ele foi atacado e morto ap\u00f3s uma discuss\u00e3o nas proximidades de um bar.<\/span><\/p>\n<p style=\"text-align: justify;\"><span style=\"font-size: 14pt; font-family: arial, helvetica, sans-serif;\">Segundo o Corpo de Bombeiros, quando a equipe chegou ao local, encontrou a v\u00edtima ca\u00edda de bru\u00e7os, com ferimentos na face e fratura exposta no cr\u00e2nio, com perda de massa encef\u00e1lica.\u00a0\u00a0<\/span><\/p>\n<p style=\"text-align: justify;\"><span style=\"font-size: 14pt; font-family: arial, helvetica, sans-serif;\">A equipe ainda encontrou o homem com vida, mas com uma perda de sangue muito grande e o pulso fraco.\u00a0<\/span><\/p>\n<p style=\"text-align: justify;\"><span style=\"font-size: 14pt; font-family: arial, helvetica, sans-serif;\">O morador de rua foi conduzido ao hospital local, mas sofreu uma parada cardio-respirat\u00f3ria e acabou evoluindo a \u00f3bito. A Pol\u00edcia Civil investiga o caso. O suspeito do crime foi preso instantes depois pela Pol\u00edcia Militar. Os dois eram colegas.<\/span><\/p>\n","protected":false},"excerpt":{"rendered":"<p>Foto: imagem ilustrativa Crime ocorreu perto do P&aacute;tio da Feira Livre Um morador de rua de 51 anos, Jos&eacute; Wagner de Lima N&oacute;br&eacute;ga, conhecido por &ldquo;Joinha&rdquo;, foi morto a pedradas na madrugada desta quarta-feira (23) no munic&iacute;pio de S&atilde;o Jos&eacute; do Egito, Sert&atilde;o do Paje&uacute;. As informa&ccedil;&otilde;es s&atilde;o do&nbsp;Farol de Not&iacute;cias. O crime ocorreu por volta das 02h39 na Rua Professor Sebasti&atilde;o Rabelo, no Centro, defronte ao Mercado P&uacute;blico Municipal.&nbsp; As primeiras informa&ccedil;&otilde;es d&atilde;o conta de que ele foi atacado e morto ap&oacute;s uma discuss&atilde;o nas proximidades de um bar. Segundo o Corpo de Bombeiros, quando a equipe chegou ao &#8230; <\/p>\n<p class=\"read-more-container\"><a title=\"Morador de rua \u00e9 morto a pedradas em S\u00e3o Jos\u00e9 do Egito nesta quarta-feira\" class=\"read-more button\" href=\"https:\/\/blogdojuniorcavalcanti.com.br\/index.php\/2022\/03\/23\/morador-de-rua-e-morto-a-pedradas-em-sao-jose-do-egito-nesta-quarta-feira\/#more-14928\" aria-label=\"More on Morador de rua \u00e9 morto a pedradas em S\u00e3o Jos\u00e9 do Egito nesta quarta-feira\">Leia mais<\/a><\/p>\n","protected":false},"author":2,"featured_media":0,"comment_status":"open","ping_status":"open","sticky":false,"template":"","format":"standard","meta":{"footnotes":""},"categories":[29],"tags":[],"class_list":["post-14928","post","type-post","status-publish","format-standard","hentry","category-policial"],"_links":{"self":[{"href":"https:\/\/blogdojuniorcavalcanti.com.br\/index.php\/wp-json\/wp\/v2\/posts\/14928","targetHints":{"allow":["GET"]}}],"collection":[{"href":"https:\/\/blogdojuniorcavalcanti.com.br\/index.php\/wp-json\/wp\/v2\/posts"}],"about":[{"href":"https:\/\/blogdojuniorcavalcanti.com.br\/index.php\/wp-json\/wp\/v2\/types\/post"}],"author":[{"embeddable":true,"href":"https:\/\/blogdojuniorcavalcanti.com.br\/index.php\/wp-json\/wp\/v2\/users\/2"}],"replies":[{"embeddable":true,"href":"https:\/\/blogdojuniorcavalcanti.com.br\/index.php\/wp-json\/wp\/v2\/comments?post=14928"}],"version-history":[{"count":1,"href":"https:\/\/blogdojuniorcavalcanti.com.br\/index.php\/wp-json\/wp\/v2\/posts\/14928\/revisions"}],"predecessor-version":[{"id":14929,"href":"https:\/\/blogdojuniorcavalcanti.com.br\/index.php\/wp-json\/wp\/v2\/posts\/14928\/revisions\/14929"}],"wp:attachment":[{"href":"https:\/\/blogdojuniorcavalcanti.com.br\/index.php\/wp-json\/wp\/v2\/media?parent=14928"}],"wp:term":[{"taxonomy":"category","embeddable":true,"href":"https:\/\/blogdojuniorcavalcanti.com.br\/index.php\/wp-json\/wp\/v2\/categories?post=14928"},{"taxonomy":"post_tag","embeddable":true,"href":"https:\/\/blogdojuniorcavalcanti.com.br\/index.php\/wp-json\/wp\/v2\/tags?post=14928"}],"curies":[{"name":"wp","href":"https:\/\/api.w.org\/{rel}","templated":true}]}}