{"id":15002,"date":"2022-03-25T04:51:37","date_gmt":"2022-03-25T07:51:37","guid":{"rendered":"https:\/\/blogdojuniorcavalcanti.com.br\/?p=15002"},"modified":"2022-03-25T04:51:37","modified_gmt":"2022-03-25T07:51:37","slug":"mais-um-dia-sem-casos-de-covid-em-afogados-da-ingazeira","status":"publish","type":"post","link":"https:\/\/blogdojuniorcavalcanti.com.br\/index.php\/2022\/03\/25\/mais-um-dia-sem-casos-de-covid-em-afogados-da-ingazeira\/","title":{"rendered":"Mais um dia sem casos de COVID em Afogados da Ingazeira"},"content":{"rendered":"<p style=\"text-align: justify;\"><span style=\"font-size: 14pt; font-family: arial, helvetica, sans-serif;\">A Prefeitura de Afogados da Ingazeira informa que nesta quinta (24) n\u00e3o foram notificados casos novos para a COVID-19 em nosso munic\u00edpio.<\/span><\/p>\n<p style=\"text-align: justify;\"><span style=\"font-size: 14pt; font-family: arial, helvetica, sans-serif;\">Hoje temos 01 novo caso em investiga\u00e7\u00e3o. Trata-se de 01 paciente do sexo masculino, de 52 anos, e 13 pacientes apresentaram resultados negativos para a COVID-19.<\/span><\/p>\n<p style=\"text-align: justify;\"><span style=\"font-size: 14pt; font-family: arial, helvetica, sans-serif;\">Nesta quinta, 01 paciente apresentou alta ap\u00f3s avalia\u00e7\u00e3o cl\u00ednica e\/ou epidemiol\u00f3gica. O munic\u00edpio atingiu a marca de 7.897 (98,93%) recuperadas para a covid-19. Atualmente, o munic\u00edpio tem 07 casos ativos para a COVID \u2013 19.<\/span><\/p>\n<p style=\"text-align: justify;\"><span style=\"font-size: 14pt; font-family: arial, helvetica, sans-serif;\">Afogados atingiu a marca de 36.223 pessoas testadas para a covid-19, o que representa 97,21 % da nossa popula\u00e7\u00e3o.<\/span><\/p>\n<p style=\"text-align: justify;\"><span style=\"font-size: 14pt; font-family: arial, helvetica, sans-serif;\">Casos leves x SRAG\/COVID \u2013 19:<\/span><br \/>\n<span style=\"font-size: 14pt; font-family: arial, helvetica, sans-serif;\">Leves: (7.803 casos), 97,75 %;<\/span><br \/>\n<span style=\"font-size: 14pt; font-family: arial, helvetica, sans-serif;\">Graves: (179 casos), 2,25 %.<\/span><\/p>\n<p style=\"text-align: justify;\"><span style=\"font-size: 14pt; font-family: arial, helvetica, sans-serif;\">AVISO IMPORTANTE: O ciclo vacinal na popula\u00e7\u00e3o acima de 18 anos s\u00f3 ser\u00e1 considerado completo com a administra\u00e7\u00e3o da dose de refor\u00e7o, caso j\u00e1 esteja h\u00e1 4 meses de aplica\u00e7\u00e3o da segunda dose.<\/span><\/p>\n","protected":false},"excerpt":{"rendered":"<p>A Prefeitura de Afogados da Ingazeira informa que nesta quinta (24) n&atilde;o foram notificados casos novos para a COVID-19 em nosso munic&iacute;pio. Hoje temos 01 novo caso em investiga&ccedil;&atilde;o. Trata-se de 01 paciente do sexo masculino, de 52 anos, e 13 pacientes apresentaram resultados negativos para a COVID-19. Nesta quinta, 01 paciente apresentou alta ap&oacute;s avalia&ccedil;&atilde;o cl&iacute;nica e\/ou epidemiol&oacute;gica. O munic&iacute;pio atingiu a marca de 7.897 (98,93%) recuperadas para a covid-19. Atualmente, o munic&iacute;pio tem 07 casos ativos para a COVID &ndash; 19. Afogados atingiu a marca de 36.223 pessoas testadas para a covid-19, o que representa 97,21 % da &#8230; <\/p>\n<p class=\"read-more-container\"><a title=\"Mais um dia sem casos de COVID em Afogados da Ingazeira\" class=\"read-more button\" href=\"https:\/\/blogdojuniorcavalcanti.com.br\/index.php\/2022\/03\/25\/mais-um-dia-sem-casos-de-covid-em-afogados-da-ingazeira\/#more-15002\" aria-label=\"More on Mais um dia sem casos de COVID em Afogados da Ingazeira\">Leia mais<\/a><\/p>\n","protected":false},"author":2,"featured_media":15003,"comment_status":"open","ping_status":"open","sticky":false,"template":"","format":"standard","meta":{"footnotes":""},"categories":[25],"tags":[],"class_list":["post-15002","post","type-post","status-publish","format-standard","has-post-thumbnail","hentry","category-destaque","resize-featured-image"],"_links":{"self":[{"href":"https:\/\/blogdojuniorcavalcanti.com.br\/index.php\/wp-json\/wp\/v2\/posts\/15002","targetHints":{"allow":["GET"]}}],"collection":[{"href":"https:\/\/blogdojuniorcavalcanti.com.br\/index.php\/wp-json\/wp\/v2\/posts"}],"about":[{"href":"https:\/\/blogdojuniorcavalcanti.com.br\/index.php\/wp-json\/wp\/v2\/types\/post"}],"author":[{"embeddable":true,"href":"https:\/\/blogdojuniorcavalcanti.com.br\/index.php\/wp-json\/wp\/v2\/users\/2"}],"replies":[{"embeddable":true,"href":"https:\/\/blogdojuniorcavalcanti.com.br\/index.php\/wp-json\/wp\/v2\/comments?post=15002"}],"version-history":[{"count":1,"href":"https:\/\/blogdojuniorcavalcanti.com.br\/index.php\/wp-json\/wp\/v2\/posts\/15002\/revisions"}],"predecessor-version":[{"id":15004,"href":"https:\/\/blogdojuniorcavalcanti.com.br\/index.php\/wp-json\/wp\/v2\/posts\/15002\/revisions\/15004"}],"wp:featuredmedia":[{"embeddable":true,"href":"https:\/\/blogdojuniorcavalcanti.com.br\/index.php\/wp-json\/wp\/v2\/media\/15003"}],"wp:attachment":[{"href":"https:\/\/blogdojuniorcavalcanti.com.br\/index.php\/wp-json\/wp\/v2\/media?parent=15002"}],"wp:term":[{"taxonomy":"category","embeddable":true,"href":"https:\/\/blogdojuniorcavalcanti.com.br\/index.php\/wp-json\/wp\/v2\/categories?post=15002"},{"taxonomy":"post_tag","embeddable":true,"href":"https:\/\/blogdojuniorcavalcanti.com.br\/index.php\/wp-json\/wp\/v2\/tags?post=15002"}],"curies":[{"name":"wp","href":"https:\/\/api.w.org\/{rel}","templated":true}]}}