{"id":15812,"date":"2022-04-18T04:59:59","date_gmt":"2022-04-18T07:59:59","guid":{"rendered":"https:\/\/blogdojuniorcavalcanti.com.br\/?p=15812"},"modified":"2022-04-18T04:59:59","modified_gmt":"2022-04-18T07:59:59","slug":"criancas-que-tomaram-dose-errada-da-vacina-contra-covid-19-estao-bem-e-seguem-sendo-monitoradas-em-afogados-da-ingazeira","status":"publish","type":"post","link":"https:\/\/blogdojuniorcavalcanti.com.br\/index.php\/2022\/04\/18\/criancas-que-tomaram-dose-errada-da-vacina-contra-covid-19-estao-bem-e-seguem-sendo-monitoradas-em-afogados-da-ingazeira\/","title":{"rendered":"Crian\u00e7as que tomaram dose errada da vacina contra Covid-19 est\u00e3o bem e seguem sendo monitoradas em Afogados da Ingazeira"},"content":{"rendered":"<div class=\"jeg_featured featured_image\">\n<div class=\"thumbnail-container animate-lazy\" style=\"text-align: justify;\"><span style=\"font-size: 14pt; font-family: arial, helvetica, sans-serif;\"><img fetchpriority=\"high\" decoding=\"async\" class=\"attachment-jnews-featured-750 size-jnews-featured-750 wp-post-image lazyautosizes lazyloaded aligncenter\" src=\"https:\/\/maispajeu.com.br\/wp-content\/uploads\/2020\/01\/afogados-da-ingazeira.jpg\" sizes=\"750px\" alt=\"Ajudante de pedreiro e professora se envolvem em acidente no Centro de Afogados\" width=\"640\" height=\"480\" data-src=\"https:\/\/maispajeu.com.br\/wp-content\/uploads\/2020\/01\/afogados-da-ingazeira.jpg\" data-srcset=\"\" data-sizes=\"auto\" data-expand=\"700\" \/><\/span><\/div>\n<\/div>\n<div class=\"jeg_share_top_container\" style=\"text-align: justify;\"><\/div>\n<div class=\"jeg_ad jeg_article jnews_content_top_ads \" style=\"text-align: justify;\">\n<div class=\"ads-wrapper  \"><span style=\"font-family: arial, helvetica, sans-serif; font-size: 14pt;\">As crian\u00e7as que tomaram a dose errada da vacina contra a Covid-19, em Afogados da Ingazeira, no Sert\u00e3o de Pernambuco, seguem sendo monitoradas pela Secretaria de Sa\u00fade. Seis crian\u00e7as apresentaram rea\u00e7\u00f5es mais fortes como n\u00e1usea, v\u00f4mitos e febre, uma delas chegou a ficar internada com febre alta, mas recebeu alta ap\u00f3s ser medicada. Atualmente, todas est\u00e3o bem.<\/span><\/div>\n<\/div>\n<div class=\"entry-content no-share\">\n<div class=\"content-inner \">\n<p style=\"text-align: justify;\"><span style=\"font-size: 14pt; font-family: arial, helvetica, sans-serif;\">Cerca de 41 crian\u00e7as, entre 6 a 11 anos, receberam a dose da Janssen ao inv\u00e9s da dose da Pfizer pedi\u00e1trica. Este caso come\u00e7ou a ser investigado ap\u00f3s alguns pais de alunos procurarem unidades de sa\u00fade com os filhos passando mal.<\/span><\/p>\n<p style=\"text-align: justify;\"><span style=\"font-size: 14pt; font-family: arial, helvetica, sans-serif;\">Por meio de nota, a Secretaria Municipal de Sa\u00fade informou que as crian\u00e7as que receberam a 2\u00aa dose de Janssen consideram-se com o esquema completo de vacina\u00e7\u00e3o. J\u00e1 as crian\u00e7as que receberam a 1\u00aa dose de Janssen, estas dever\u00e3o completar o esquema ap\u00f3s 60 dias, com a vacina da Pfizer pedi\u00e1trica.<\/span><\/p>\n<p style=\"text-align: justify;\"><span style=\"font-size: 14pt; font-family: arial, helvetica, sans-serif;\">A orienta\u00e7\u00e3o recebida pelo Minist\u00e9rio da Sa\u00fade, al\u00e9m de organizar o esquema vacinal como explicado acima, \u00e9 de acompanhar as crian\u00e7as e tranquilizar os familiares. (G1)<\/span><\/p>\n<\/div>\n<\/div>\n","protected":false},"excerpt":{"rendered":"<p>As crian&ccedil;as que tomaram a dose errada da vacina contra a Covid-19, em Afogados da Ingazeira, no Sert&atilde;o de Pernambuco, seguem sendo monitoradas pela Secretaria de Sa&uacute;de. Seis crian&ccedil;as apresentaram rea&ccedil;&otilde;es mais fortes como n&aacute;usea, v&ocirc;mitos e febre, uma delas chegou a ficar internada com febre alta, mas recebeu alta ap&oacute;s ser medicada. Atualmente, todas est&atilde;o bem. Cerca de 41 crian&ccedil;as, entre 6 a 11 anos, receberam a dose da Janssen ao inv&eacute;s da dose da Pfizer pedi&aacute;trica. Este caso come&ccedil;ou a ser investigado ap&oacute;s alguns pais de alunos procurarem unidades de sa&uacute;de com os filhos passando mal. Por meio &#8230; <\/p>\n<p class=\"read-more-container\"><a title=\"Crian\u00e7as que tomaram dose errada da vacina contra Covid-19 est\u00e3o bem e seguem sendo monitoradas em Afogados da Ingazeira\" class=\"read-more button\" href=\"https:\/\/blogdojuniorcavalcanti.com.br\/index.php\/2022\/04\/18\/criancas-que-tomaram-dose-errada-da-vacina-contra-covid-19-estao-bem-e-seguem-sendo-monitoradas-em-afogados-da-ingazeira\/#more-15812\" aria-label=\"More on Crian\u00e7as que tomaram dose errada da vacina contra Covid-19 est\u00e3o bem e seguem sendo monitoradas em Afogados da Ingazeira\">Leia mais<\/a><\/p>\n","protected":false},"author":2,"featured_media":0,"comment_status":"open","ping_status":"open","sticky":false,"template":"","format":"standard","meta":{"footnotes":""},"categories":[28],"tags":[],"class_list":["post-15812","post","type-post","status-publish","format-standard","hentry","category-afogados"],"_links":{"self":[{"href":"https:\/\/blogdojuniorcavalcanti.com.br\/index.php\/wp-json\/wp\/v2\/posts\/15812","targetHints":{"allow":["GET"]}}],"collection":[{"href":"https:\/\/blogdojuniorcavalcanti.com.br\/index.php\/wp-json\/wp\/v2\/posts"}],"about":[{"href":"https:\/\/blogdojuniorcavalcanti.com.br\/index.php\/wp-json\/wp\/v2\/types\/post"}],"author":[{"embeddable":true,"href":"https:\/\/blogdojuniorcavalcanti.com.br\/index.php\/wp-json\/wp\/v2\/users\/2"}],"replies":[{"embeddable":true,"href":"https:\/\/blogdojuniorcavalcanti.com.br\/index.php\/wp-json\/wp\/v2\/comments?post=15812"}],"version-history":[{"count":1,"href":"https:\/\/blogdojuniorcavalcanti.com.br\/index.php\/wp-json\/wp\/v2\/posts\/15812\/revisions"}],"predecessor-version":[{"id":15813,"href":"https:\/\/blogdojuniorcavalcanti.com.br\/index.php\/wp-json\/wp\/v2\/posts\/15812\/revisions\/15813"}],"wp:attachment":[{"href":"https:\/\/blogdojuniorcavalcanti.com.br\/index.php\/wp-json\/wp\/v2\/media?parent=15812"}],"wp:term":[{"taxonomy":"category","embeddable":true,"href":"https:\/\/blogdojuniorcavalcanti.com.br\/index.php\/wp-json\/wp\/v2\/categories?post=15812"},{"taxonomy":"post_tag","embeddable":true,"href":"https:\/\/blogdojuniorcavalcanti.com.br\/index.php\/wp-json\/wp\/v2\/tags?post=15812"}],"curies":[{"name":"wp","href":"https:\/\/api.w.org\/{rel}","templated":true}]}}