{"id":15896,"date":"2022-04-20T04:35:19","date_gmt":"2022-04-20T07:35:19","guid":{"rendered":"https:\/\/blogdojuniorcavalcanti.com.br\/?p=15896"},"modified":"2022-04-20T04:35:19","modified_gmt":"2022-04-20T07:35:19","slug":"prefeitura-de-carnaiba-realiza-2a-formacao-para-a-rede-municipal-de-ensino-na-sexta-feira-22","status":"publish","type":"post","link":"https:\/\/blogdojuniorcavalcanti.com.br\/index.php\/2022\/04\/20\/prefeitura-de-carnaiba-realiza-2a-formacao-para-a-rede-municipal-de-ensino-na-sexta-feira-22\/","title":{"rendered":"Prefeitura de Carna\u00edba realiza 2\u00aa Forma\u00e7\u00e3o para a rede municipal de ensino na sexta-feira (22)"},"content":{"rendered":"<p style=\"text-align: justify;\"><span style=\"font-size: 14pt; font-family: arial, helvetica, sans-serif;\">Na pr\u00f3xima sexta-feira (22), a Prefeitura Municipal, atrav\u00e9s da Secretaria de Educa\u00e7\u00e3o oferece a 2\u00aa Forma\u00e7\u00e3o para a rede municipal de ensino de Carna\u00edba, no Sert\u00e3o pernambucano: professores, mediadores de leitura e apoios, em diversos polos da sede ser\u00e3o inseridos na capacita\u00e7\u00e3o.<\/span><\/p>\n<p style=\"text-align: justify;\"><span style=\"font-size: 14pt; font-family: arial, helvetica, sans-serif;\">Dentro do calend\u00e1rio de capacita\u00e7\u00f5es tamb\u00e9m estar\u00e1 \u00e0 forma\u00e7\u00e3o para as merendeiras das escolas. O treinamento ser\u00e1 dado pela equipe de nutri\u00e7\u00e3o da Secretaria de Educa\u00e7\u00e3o e acontecem no mesmo hor\u00e1rio: das 7h30 \u00e0s 12h, na Escola Joana Freire.<\/span><\/p>\n<p style=\"text-align: justify;\"><span style=\"font-size: 14pt; font-family: arial, helvetica, sans-serif;\">A merenda escolar \u00e9 uma das grandes preocupa\u00e7\u00f5es da gest\u00e3o, sempre adquirindo produtos de excelente qualidade, elaborando card\u00e1pios que, al\u00e9m de nutritivos, agradam ao paladar da crian\u00e7ada, adolescentes e jovens. Para tanto, as merendeiras e equipes de cozinha passam por forma\u00e7\u00f5es ao longo do ano.<\/span><\/p>\n","protected":false},"excerpt":{"rendered":"<p>Na pr&oacute;xima sexta-feira (22), a Prefeitura Municipal, atrav&eacute;s da Secretaria de Educa&ccedil;&atilde;o oferece a 2&ordf; Forma&ccedil;&atilde;o para a rede municipal de ensino de Carna&iacute;ba, no Sert&atilde;o pernambucano: professores, mediadores de leitura e apoios, em diversos polos da sede ser&atilde;o inseridos na capacita&ccedil;&atilde;o. Dentro do calend&aacute;rio de capacita&ccedil;&otilde;es tamb&eacute;m estar&aacute; &agrave; forma&ccedil;&atilde;o para as merendeiras das escolas. O treinamento ser&aacute; dado pela equipe de nutri&ccedil;&atilde;o da Secretaria de Educa&ccedil;&atilde;o e acontecem no mesmo hor&aacute;rio: das 7h30 &agrave;s 12h, na Escola Joana Freire. A merenda escolar &eacute; uma das grandes preocupa&ccedil;&otilde;es da gest&atilde;o, sempre adquirindo produtos de excelente qualidade, elaborando card&aacute;pios que, &#8230; <\/p>\n<p class=\"read-more-container\"><a title=\"Prefeitura de Carna\u00edba realiza 2\u00aa Forma\u00e7\u00e3o para a rede municipal de ensino na sexta-feira (22)\" class=\"read-more button\" href=\"https:\/\/blogdojuniorcavalcanti.com.br\/index.php\/2022\/04\/20\/prefeitura-de-carnaiba-realiza-2a-formacao-para-a-rede-municipal-de-ensino-na-sexta-feira-22\/#more-15896\" aria-label=\"More on Prefeitura de Carna\u00edba realiza 2\u00aa Forma\u00e7\u00e3o para a rede municipal de ensino na sexta-feira (22)\">Leia mais<\/a><\/p>\n","protected":false},"author":2,"featured_media":15897,"comment_status":"open","ping_status":"open","sticky":false,"template":"","format":"standard","meta":{"footnotes":""},"categories":[25],"tags":[],"class_list":["post-15896","post","type-post","status-publish","format-standard","has-post-thumbnail","hentry","category-destaque","resize-featured-image"],"_links":{"self":[{"href":"https:\/\/blogdojuniorcavalcanti.com.br\/index.php\/wp-json\/wp\/v2\/posts\/15896","targetHints":{"allow":["GET"]}}],"collection":[{"href":"https:\/\/blogdojuniorcavalcanti.com.br\/index.php\/wp-json\/wp\/v2\/posts"}],"about":[{"href":"https:\/\/blogdojuniorcavalcanti.com.br\/index.php\/wp-json\/wp\/v2\/types\/post"}],"author":[{"embeddable":true,"href":"https:\/\/blogdojuniorcavalcanti.com.br\/index.php\/wp-json\/wp\/v2\/users\/2"}],"replies":[{"embeddable":true,"href":"https:\/\/blogdojuniorcavalcanti.com.br\/index.php\/wp-json\/wp\/v2\/comments?post=15896"}],"version-history":[{"count":1,"href":"https:\/\/blogdojuniorcavalcanti.com.br\/index.php\/wp-json\/wp\/v2\/posts\/15896\/revisions"}],"predecessor-version":[{"id":15898,"href":"https:\/\/blogdojuniorcavalcanti.com.br\/index.php\/wp-json\/wp\/v2\/posts\/15896\/revisions\/15898"}],"wp:featuredmedia":[{"embeddable":true,"href":"https:\/\/blogdojuniorcavalcanti.com.br\/index.php\/wp-json\/wp\/v2\/media\/15897"}],"wp:attachment":[{"href":"https:\/\/blogdojuniorcavalcanti.com.br\/index.php\/wp-json\/wp\/v2\/media?parent=15896"}],"wp:term":[{"taxonomy":"category","embeddable":true,"href":"https:\/\/blogdojuniorcavalcanti.com.br\/index.php\/wp-json\/wp\/v2\/categories?post=15896"},{"taxonomy":"post_tag","embeddable":true,"href":"https:\/\/blogdojuniorcavalcanti.com.br\/index.php\/wp-json\/wp\/v2\/tags?post=15896"}],"curies":[{"name":"wp","href":"https:\/\/api.w.org\/{rel}","templated":true}]}}