{"id":16029,"date":"2022-04-25T14:54:56","date_gmt":"2022-04-25T17:54:56","guid":{"rendered":"https:\/\/blogdojuniorcavalcanti.com.br\/?p=16029"},"modified":"2022-04-25T14:54:56","modified_gmt":"2022-04-25T17:54:56","slug":"carro-da-prefeitura-de-sertania-e-furtado","status":"publish","type":"post","link":"https:\/\/blogdojuniorcavalcanti.com.br\/index.php\/2022\/04\/25\/carro-da-prefeitura-de-sertania-e-furtado\/","title":{"rendered":"Carro da Prefeitura de Sert\u00e2nia \u00e9 furtado"},"content":{"rendered":"<p style=\"text-align: justify;\"><span style=\"font-size: 14pt;\"><img fetchpriority=\"high\" decoding=\"async\" class=\"alignleft wp-image-229313 jetpack-lazy-image jetpack-lazy-image--handled\" src=\"https:\/\/nilljunior.com.br\/wp-content\/uploads\/2022\/04\/e6bd8bac-c952-4be8-bd96-d8cfae45cfaa.jpg\" sizes=\"(max-width: 400px) 100vw, 400px\" srcset=\"https:\/\/nilljunior.com.br\/wp-content\/uploads\/2022\/04\/e6bd8bac-c952-4be8-bd96-d8cfae45cfaa.jpg 1536w, https:\/\/nilljunior.com.br\/wp-content\/uploads\/2022\/04\/e6bd8bac-c952-4be8-bd96-d8cfae45cfaa-300x169.jpg 300w, https:\/\/nilljunior.com.br\/wp-content\/uploads\/2022\/04\/e6bd8bac-c952-4be8-bd96-d8cfae45cfaa-768x432.jpg 768w, https:\/\/nilljunior.com.br\/wp-content\/uploads\/2022\/04\/e6bd8bac-c952-4be8-bd96-d8cfae45cfaa-600x338.jpg 600w\" alt=\"\" width=\"400\" height=\"225\" data-attachment-id=\"229313\" data-permalink=\"https:\/\/nilljunior.com.br\/carro-da-prefeitura-de-sertania-e-furtado\/e6bd8bac-c952-4be8-bd96-d8cfae45cfaa\/\" data-orig-file=\"https:\/\/nilljunior.com.br\/wp-content\/uploads\/2022\/04\/e6bd8bac-c952-4be8-bd96-d8cfae45cfaa.jpg\" data-orig-size=\"1536,864\" data-comments-opened=\"1\" data-image-meta=\"{&quot;aperture&quot;:&quot;0&quot;,&quot;credit&quot;:&quot;&quot;,&quot;camera&quot;:&quot;&quot;,&quot;caption&quot;:&quot;&quot;,&quot;created_timestamp&quot;:&quot;0&quot;,&quot;copyright&quot;:&quot;&quot;,&quot;focal_length&quot;:&quot;0&quot;,&quot;iso&quot;:&quot;0&quot;,&quot;shutter_speed&quot;:&quot;0&quot;,&quot;title&quot;:&quot;&quot;,&quot;orientation&quot;:&quot;0&quot;}\" data-image-title=\"e6bd8bac-c952-4be8-bd96-d8cfae45cfaa\" data-image-description=\"\" data-medium-file=\"https:\/\/nilljunior.com.br\/wp-content\/uploads\/2022\/04\/e6bd8bac-c952-4be8-bd96-d8cfae45cfaa-300x169.jpg\" data-large-file=\"https:\/\/nilljunior.com.br\/wp-content\/uploads\/2022\/04\/e6bd8bac-c952-4be8-bd96-d8cfae45cfaa-600x338.jpg\" data-lazy-loaded=\"1\" \/><span style=\"font-family: arial, helvetica, sans-serif;\">Um carro da Prefeitura de Sert\u00e2nia foi furtado na madrugada desta segunda-feira (25\/04). O ve\u00edculo, tipo micro-\u00f4nibus Fiat Ducato, cor prata, placa RZH5I66, estava no Parque de Exposi\u00e7\u00e3o Renato Moraes.<\/span><\/span><\/p>\n<p style=\"text-align: justify;\"><span style=\"font-size: 14pt; font-family: arial, helvetica, sans-serif;\">O local \u00e9 usado como garagem da frota municipal.<\/span><\/p>\n<p style=\"text-align: justify;\"><span style=\"font-size: 14pt; font-family: arial, helvetica, sans-serif;\">Os suspeitos, quatro indiv\u00edduos fortemente armados, renderam o vigilante, levaram o transporte e fugiram com rumo ignorado.<\/span><\/p>\n<p style=\"text-align: justify;\"><span style=\"font-size: 14pt; font-family: arial, helvetica, sans-serif;\">A Prefeitura j\u00e1 prestou queixa \u00e0 Pol\u00edcia Civil e espera recuperar o ve\u00edculo, que \u00e9 utilizado pela Secretaria de Educa\u00e7\u00e3o.<\/span><\/p>\n<p style=\"text-align: justify;\"><span style=\"font-size: 14pt; font-family: arial, helvetica, sans-serif;\">Quem tiver alguma informa\u00e7\u00e3o sobre o carro pode entrar em contato com a Guarda Civil Municipal atrav\u00e9s do telefone:\u00a0<strong>87 99178-4805.<\/strong><\/span><\/p>\n","protected":false},"excerpt":{"rendered":"<p>Um carro da Prefeitura de Sert&acirc;nia foi furtado na madrugada desta segunda-feira (25\/04). O ve&iacute;culo, tipo micro-&ocirc;nibus Fiat Ducato, cor prata, placa RZH5I66, estava no Parque de Exposi&ccedil;&atilde;o Renato Moraes. O local &eacute; usado como garagem da frota municipal. Os suspeitos, quatro indiv&iacute;duos fortemente armados, renderam o vigilante, levaram o transporte e fugiram com rumo ignorado. A Prefeitura j&aacute; prestou queixa &agrave; Pol&iacute;cia Civil e espera recuperar o ve&iacute;culo, que &eacute; utilizado pela Secretaria de Educa&ccedil;&atilde;o. Quem tiver alguma informa&ccedil;&atilde;o sobre o carro pode entrar em contato com a Guarda Civil Municipal atrav&eacute;s do telefone:&nbsp;87 99178-4805.<\/p>\n","protected":false},"author":2,"featured_media":0,"comment_status":"open","ping_status":"open","sticky":false,"template":"","format":"standard","meta":{"footnotes":""},"categories":[29],"tags":[],"class_list":["post-16029","post","type-post","status-publish","format-standard","hentry","category-policial"],"_links":{"self":[{"href":"https:\/\/blogdojuniorcavalcanti.com.br\/index.php\/wp-json\/wp\/v2\/posts\/16029","targetHints":{"allow":["GET"]}}],"collection":[{"href":"https:\/\/blogdojuniorcavalcanti.com.br\/index.php\/wp-json\/wp\/v2\/posts"}],"about":[{"href":"https:\/\/blogdojuniorcavalcanti.com.br\/index.php\/wp-json\/wp\/v2\/types\/post"}],"author":[{"embeddable":true,"href":"https:\/\/blogdojuniorcavalcanti.com.br\/index.php\/wp-json\/wp\/v2\/users\/2"}],"replies":[{"embeddable":true,"href":"https:\/\/blogdojuniorcavalcanti.com.br\/index.php\/wp-json\/wp\/v2\/comments?post=16029"}],"version-history":[{"count":1,"href":"https:\/\/blogdojuniorcavalcanti.com.br\/index.php\/wp-json\/wp\/v2\/posts\/16029\/revisions"}],"predecessor-version":[{"id":16030,"href":"https:\/\/blogdojuniorcavalcanti.com.br\/index.php\/wp-json\/wp\/v2\/posts\/16029\/revisions\/16030"}],"wp:attachment":[{"href":"https:\/\/blogdojuniorcavalcanti.com.br\/index.php\/wp-json\/wp\/v2\/media?parent=16029"}],"wp:term":[{"taxonomy":"category","embeddable":true,"href":"https:\/\/blogdojuniorcavalcanti.com.br\/index.php\/wp-json\/wp\/v2\/categories?post=16029"},{"taxonomy":"post_tag","embeddable":true,"href":"https:\/\/blogdojuniorcavalcanti.com.br\/index.php\/wp-json\/wp\/v2\/tags?post=16029"}],"curies":[{"name":"wp","href":"https:\/\/api.w.org\/{rel}","templated":true}]}}