{"id":16055,"date":"2022-04-26T04:42:32","date_gmt":"2022-04-26T07:42:32","guid":{"rendered":"https:\/\/blogdojuniorcavalcanti.com.br\/?p=16055"},"modified":"2022-04-26T04:42:32","modified_gmt":"2022-04-26T07:42:32","slug":"pernambuco-amplia-segunda-dose-de-reforco-contra-covid-19-para-idosos","status":"publish","type":"post","link":"https:\/\/blogdojuniorcavalcanti.com.br\/index.php\/2022\/04\/26\/pernambuco-amplia-segunda-dose-de-reforco-contra-covid-19-para-idosos\/","title":{"rendered":"Pernambuco amplia segunda dose de refor\u00e7o contra Covid-19 para idosos"},"content":{"rendered":"<p style=\"text-align: justify;\"><span style=\"font-size: 14pt;\"><img fetchpriority=\"high\" decoding=\"async\" class=\"alignleft wp-image-228881 jetpack-lazy-image jetpack-lazy-image--handled\" src=\"https:\/\/nilljunior.com.br\/wp-content\/uploads\/2022\/04\/paulo-camara-19-04-22.jpg\" sizes=\"(max-width: 400px) 100vw, 400px\" srcset=\"https:\/\/nilljunior.com.br\/wp-content\/uploads\/2022\/04\/paulo-camara-19-04-22.jpg 1203w, https:\/\/nilljunior.com.br\/wp-content\/uploads\/2022\/04\/paulo-camara-19-04-22-300x172.jpg 300w, https:\/\/nilljunior.com.br\/wp-content\/uploads\/2022\/04\/paulo-camara-19-04-22-768x441.jpg 768w, https:\/\/nilljunior.com.br\/wp-content\/uploads\/2022\/04\/paulo-camara-19-04-22-600x345.jpg 600w\" alt=\"\" width=\"400\" height=\"230\" data-attachment-id=\"228881\" data-permalink=\"https:\/\/nilljunior.com.br\/pernambuco-retira-obrigatoriedade-de-mascaras-em-ambientes-fechados\/paulo-camara-19-04-22\/\" data-orig-file=\"https:\/\/nilljunior.com.br\/wp-content\/uploads\/2022\/04\/paulo-camara-19-04-22.jpg\" data-orig-size=\"1203,691\" data-comments-opened=\"1\" data-image-meta=\"{&quot;aperture&quot;:&quot;0&quot;,&quot;credit&quot;:&quot;&quot;,&quot;camera&quot;:&quot;&quot;,&quot;caption&quot;:&quot;&quot;,&quot;created_timestamp&quot;:&quot;0&quot;,&quot;copyright&quot;:&quot;&quot;,&quot;focal_length&quot;:&quot;0&quot;,&quot;iso&quot;:&quot;0&quot;,&quot;shutter_speed&quot;:&quot;0&quot;,&quot;title&quot;:&quot;&quot;,&quot;orientation&quot;:&quot;0&quot;}\" data-image-title=\"paulo-camara-19-04-22\" data-image-description=\"\" data-medium-file=\"https:\/\/nilljunior.com.br\/wp-content\/uploads\/2022\/04\/paulo-camara-19-04-22-300x172.jpg\" data-large-file=\"https:\/\/nilljunior.com.br\/wp-content\/uploads\/2022\/04\/paulo-camara-19-04-22-600x345.jpg\" data-lazy-loaded=\"1\" \/><span style=\"font-family: arial, helvetica, sans-serif;\">O governador Paulo C\u00e2mara anunciou, nesta segunda-feira (25.04), a amplia\u00e7\u00e3o da vacina\u00e7\u00e3o contra a Covid-19, com a segunda dose de refor\u00e7o na popula\u00e7\u00e3o a partir de 60 anos de idade.<\/span><\/span><\/p>\n<p style=\"text-align: justify;\"><span style=\"font-size: 14pt; font-family: arial, helvetica, sans-serif;\">O p\u00fablico de idosos \u00e9 estimado em mais de 1,2 milh\u00e3o de pessoas em Pernambuco, e at\u00e9 o momento cerca de um milh\u00e3o deles j\u00e1 foram vacinados com a primeira dose de refor\u00e7o (ou terceira dose), o que equivale a 80,6% da cobertura vacinal nessa faixa et\u00e1ria. Quando se considera a popula\u00e7\u00e3o com mais de 18 anos, o percentual de cobertura se aproxima de 50%. J\u00e1 a segunda dose de refor\u00e7o est\u00e1 com cobertura de 18% do p\u00fablico eleg\u00edvel.<\/span><\/p>\n<p style=\"text-align: justify;\"><span style=\"font-size: 14pt; font-family: arial, helvetica, sans-serif;\">Al\u00e9m da imuniza\u00e7\u00e3o contra a Covid-19, o governador tamb\u00e9m anunciou para o pr\u00f3ximo s\u00e1bado, dia 30, a realiza\u00e7\u00e3o de um \u201cDia D\u201d de vacina\u00e7\u00e3o contra os v\u00edrus da influenza e do sarampo. Ele reiterou que as vacinas t\u00eam sido a principal arma na luta contra a pandemia, e ampliar a imuniza\u00e7\u00e3o contra o coronav\u00edrus e outras doen\u00e7as, sobretudo nos grupos mais vulner\u00e1veis, \u00e9 uma prioridade do Estado.<\/span><\/p>\n<p style=\"text-align: justify;\"><span style=\"font-size: 14pt; font-family: arial, helvetica, sans-serif;\">\u201c\u00c9 uma medida que vai assegurar a prote\u00e7\u00e3o para os mais velhos e garantir que os n\u00fameros da Covid continuem caindo. Aproveito ainda para convocar todos os maiores de 60 anos e os pais das crian\u00e7as de 6 meses a 4 anos de idade, para participar do nosso Dia D contra a influenza, que ser\u00e1 realizado no pr\u00f3ximo s\u00e1bado\u201d, refor\u00e7ou Paulo C\u00e2mara.<\/span><\/p>\n","protected":false},"excerpt":{"rendered":"<p>O governador Paulo C&acirc;mara anunciou, nesta segunda-feira (25.04), a amplia&ccedil;&atilde;o da vacina&ccedil;&atilde;o contra a Covid-19, com a segunda dose de refor&ccedil;o na popula&ccedil;&atilde;o a partir de 60 anos de idade. O p&uacute;blico de idosos &eacute; estimado em mais de 1,2 milh&atilde;o de pessoas em Pernambuco, e at&eacute; o momento cerca de um milh&atilde;o deles j&aacute; foram vacinados com a primeira dose de refor&ccedil;o (ou terceira dose), o que equivale a 80,6% da cobertura vacinal nessa faixa et&aacute;ria. Quando se considera a popula&ccedil;&atilde;o com mais de 18 anos, o percentual de cobertura se aproxima de 50%. J&aacute; a segunda dose de &#8230; <\/p>\n<p class=\"read-more-container\"><a title=\"Pernambuco amplia segunda dose de refor\u00e7o contra Covid-19 para idosos\" class=\"read-more button\" href=\"https:\/\/blogdojuniorcavalcanti.com.br\/index.php\/2022\/04\/26\/pernambuco-amplia-segunda-dose-de-reforco-contra-covid-19-para-idosos\/#more-16055\" aria-label=\"More on Pernambuco amplia segunda dose de refor\u00e7o contra Covid-19 para idosos\">Leia mais<\/a><\/p>\n","protected":false},"author":2,"featured_media":0,"comment_status":"open","ping_status":"open","sticky":false,"template":"","format":"standard","meta":{"footnotes":""},"categories":[30],"tags":[],"class_list":["post-16055","post","type-post","status-publish","format-standard","hentry","category-regional"],"_links":{"self":[{"href":"https:\/\/blogdojuniorcavalcanti.com.br\/index.php\/wp-json\/wp\/v2\/posts\/16055","targetHints":{"allow":["GET"]}}],"collection":[{"href":"https:\/\/blogdojuniorcavalcanti.com.br\/index.php\/wp-json\/wp\/v2\/posts"}],"about":[{"href":"https:\/\/blogdojuniorcavalcanti.com.br\/index.php\/wp-json\/wp\/v2\/types\/post"}],"author":[{"embeddable":true,"href":"https:\/\/blogdojuniorcavalcanti.com.br\/index.php\/wp-json\/wp\/v2\/users\/2"}],"replies":[{"embeddable":true,"href":"https:\/\/blogdojuniorcavalcanti.com.br\/index.php\/wp-json\/wp\/v2\/comments?post=16055"}],"version-history":[{"count":1,"href":"https:\/\/blogdojuniorcavalcanti.com.br\/index.php\/wp-json\/wp\/v2\/posts\/16055\/revisions"}],"predecessor-version":[{"id":16056,"href":"https:\/\/blogdojuniorcavalcanti.com.br\/index.php\/wp-json\/wp\/v2\/posts\/16055\/revisions\/16056"}],"wp:attachment":[{"href":"https:\/\/blogdojuniorcavalcanti.com.br\/index.php\/wp-json\/wp\/v2\/media?parent=16055"}],"wp:term":[{"taxonomy":"category","embeddable":true,"href":"https:\/\/blogdojuniorcavalcanti.com.br\/index.php\/wp-json\/wp\/v2\/categories?post=16055"},{"taxonomy":"post_tag","embeddable":true,"href":"https:\/\/blogdojuniorcavalcanti.com.br\/index.php\/wp-json\/wp\/v2\/tags?post=16055"}],"curies":[{"name":"wp","href":"https:\/\/api.w.org\/{rel}","templated":true}]}}