{"id":16120,"date":"2022-04-27T09:57:51","date_gmt":"2022-04-27T12:57:51","guid":{"rendered":"https:\/\/blogdojuniorcavalcanti.com.br\/?p=16120"},"modified":"2022-04-27T09:57:51","modified_gmt":"2022-04-27T12:57:51","slug":"dudu-da-fonte-senador-de-marilia","status":"publish","type":"post","link":"https:\/\/blogdojuniorcavalcanti.com.br\/index.php\/2022\/04\/27\/dudu-da-fonte-senador-de-marilia\/","title":{"rendered":"Dudu da Fonte senador de Mar\u00edlia?"},"content":{"rendered":"<p style=\"text-align: justify;\"><span style=\"font-size: 14pt;\"><b><a href=\"https:\/\/nilljunior.com.br\/wp-content\/uploads\/2018\/01\/Eduardo-da-Fonte.jpg\"><img fetchpriority=\"high\" decoding=\"async\" class=\"alignleft wp-image-115908 jetpack-lazy-image jetpack-lazy-image--handled\" src=\"https:\/\/nilljunior.com.br\/wp-content\/uploads\/2018\/01\/Eduardo-da-Fonte.jpg\" sizes=\"(max-width: 400px) 100vw, 400px\" srcset=\"https:\/\/nilljunior.com.br\/wp-content\/uploads\/2018\/01\/Eduardo-da-Fonte.jpg 560w, https:\/\/nilljunior.com.br\/wp-content\/uploads\/2018\/01\/Eduardo-da-Fonte-300x188.jpg 300w\" alt=\"\" width=\"400\" height=\"250\" data-attachment-id=\"115908\" data-permalink=\"https:\/\/nilljunior.com.br\/eduardo-da-fonte-desponta-como-forte-candidato-ao-senado-diz-blog\/eduardo-da-fonte\/\" data-orig-file=\"https:\/\/nilljunior.com.br\/wp-content\/uploads\/2018\/01\/Eduardo-da-Fonte.jpg\" data-orig-size=\"560,350\" data-comments-opened=\"1\" data-image-meta=\"{&quot;aperture&quot;:&quot;0&quot;,&quot;credit&quot;:&quot;&quot;,&quot;camera&quot;:&quot;&quot;,&quot;caption&quot;:&quot;&quot;,&quot;created_timestamp&quot;:&quot;0&quot;,&quot;copyright&quot;:&quot;&quot;,&quot;focal_length&quot;:&quot;0&quot;,&quot;iso&quot;:&quot;0&quot;,&quot;shutter_speed&quot;:&quot;0&quot;,&quot;title&quot;:&quot;&quot;,&quot;orientation&quot;:&quot;0&quot;}\" data-image-title=\"Eduardo-da-Fonte\" data-image-description=\"\" data-medium-file=\"https:\/\/nilljunior.com.br\/wp-content\/uploads\/2018\/01\/Eduardo-da-Fonte-300x188.jpg\" data-large-file=\"https:\/\/nilljunior.com.br\/wp-content\/uploads\/2018\/01\/Eduardo-da-Fonte.jpg\" data-lazy-loaded=\"1\" \/><\/a><span style=\"font-family: arial, helvetica, sans-serif;\">Jornal O Poder<\/span><\/b><\/span><\/p>\n<p style=\"text-align: justify;\"><span style=\"font-size: 14pt; font-family: arial, helvetica, sans-serif;\">Pode n\u00e3o passar de mera especula\u00e7\u00e3o. Mas, no meio pol\u00edtico, n\u00e3o se fala em outra coisa. O deputado federal Eduardo da Fonte (PP) est\u00e1 praticamente fechado para subir no palanque de Mar\u00edlia Arraes (SD). E n\u00e3o apenas como apoiador, como candidato ao Senado.<\/span><\/p>\n<p style=\"text-align: justify;\"><span style=\"font-size: 14pt; font-family: arial, helvetica, sans-serif;\">O PP, partido do deputado, n\u00e3o se federou com ningu\u00e9m e n\u00e3o ter\u00e1 candidato a presidente. J\u00e1 anunciou plena liberdade aos seus membros para realizarem as composi\u00e7\u00f5es locais que forem mais interessantes.\u00a0<\/span><\/p>\n<p style=\"text-align: justify;\"><span style=\"font-size: 14pt; font-family: arial, helvetica, sans-serif;\">Dudu vem olhando atravessado para Paulo C\u00e2mara, pelo menos desde que ele convenceu o presidente da Assembleia Legislativa, Eriberto Medeiros, a se mudar do PP para o PSB. De uma coisa Dudu n\u00e3o pode ser acusado, \u00e9 de n\u00e3o cumprir compromissos ou de trair seus aliados.\u00a0<\/span><\/p>\n<p style=\"text-align: justify;\"><span style=\"font-size: 14pt; font-family: arial, helvetica, sans-serif;\">Recebeu essa punhalada pelas costas e foi, praticamente, enxotado da Frente Popular. Como a fila anda, n\u00e3o ser\u00e1 surpresa o troco de Dudu.<\/span><\/p>\n<p style=\"text-align: justify;\"><span style=\"font-size: 14pt; font-family: arial, helvetica, sans-serif;\">Caso a arruma\u00e7\u00e3o d\u00ea certo, Mar\u00edlia estar\u00e1 aplicando a li\u00e7\u00e3o do seu av\u00f4, o ex-governador Miguel Arraes. Todas as vezes em que disputou o Governo, Arraes sempre teve na chapa, para o Senado, um pol\u00edtico ou empres\u00e1rio do campo conservador.<\/span><\/p>\n","protected":false},"excerpt":{"rendered":"<p>Jornal O Poder Pode n&atilde;o passar de mera especula&ccedil;&atilde;o. Mas, no meio pol&iacute;tico, n&atilde;o se fala em outra coisa. O deputado federal Eduardo da Fonte (PP) est&aacute; praticamente fechado para subir no palanque de Mar&iacute;lia Arraes (SD). E n&atilde;o apenas como apoiador, como candidato ao Senado. O PP, partido do deputado, n&atilde;o se federou com ningu&eacute;m e n&atilde;o ter&aacute; candidato a presidente. J&aacute; anunciou plena liberdade aos seus membros para realizarem as composi&ccedil;&otilde;es locais que forem mais interessantes.&nbsp; Dudu vem olhando atravessado para Paulo C&acirc;mara, pelo menos desde que ele convenceu o presidente da Assembleia Legislativa, Eriberto Medeiros, a se &#8230; <\/p>\n<p class=\"read-more-container\"><a title=\"Dudu da Fonte senador de Mar\u00edlia?\" class=\"read-more button\" href=\"https:\/\/blogdojuniorcavalcanti.com.br\/index.php\/2022\/04\/27\/dudu-da-fonte-senador-de-marilia\/#more-16120\" aria-label=\"More on Dudu da Fonte senador de Mar\u00edlia?\">Leia mais<\/a><\/p>\n","protected":false},"author":2,"featured_media":0,"comment_status":"open","ping_status":"open","sticky":false,"template":"","format":"standard","meta":{"footnotes":""},"categories":[27],"tags":[],"class_list":["post-16120","post","type-post","status-publish","format-standard","hentry","category-politica"],"_links":{"self":[{"href":"https:\/\/blogdojuniorcavalcanti.com.br\/index.php\/wp-json\/wp\/v2\/posts\/16120","targetHints":{"allow":["GET"]}}],"collection":[{"href":"https:\/\/blogdojuniorcavalcanti.com.br\/index.php\/wp-json\/wp\/v2\/posts"}],"about":[{"href":"https:\/\/blogdojuniorcavalcanti.com.br\/index.php\/wp-json\/wp\/v2\/types\/post"}],"author":[{"embeddable":true,"href":"https:\/\/blogdojuniorcavalcanti.com.br\/index.php\/wp-json\/wp\/v2\/users\/2"}],"replies":[{"embeddable":true,"href":"https:\/\/blogdojuniorcavalcanti.com.br\/index.php\/wp-json\/wp\/v2\/comments?post=16120"}],"version-history":[{"count":1,"href":"https:\/\/blogdojuniorcavalcanti.com.br\/index.php\/wp-json\/wp\/v2\/posts\/16120\/revisions"}],"predecessor-version":[{"id":16121,"href":"https:\/\/blogdojuniorcavalcanti.com.br\/index.php\/wp-json\/wp\/v2\/posts\/16120\/revisions\/16121"}],"wp:attachment":[{"href":"https:\/\/blogdojuniorcavalcanti.com.br\/index.php\/wp-json\/wp\/v2\/media?parent=16120"}],"wp:term":[{"taxonomy":"category","embeddable":true,"href":"https:\/\/blogdojuniorcavalcanti.com.br\/index.php\/wp-json\/wp\/v2\/categories?post=16120"},{"taxonomy":"post_tag","embeddable":true,"href":"https:\/\/blogdojuniorcavalcanti.com.br\/index.php\/wp-json\/wp\/v2\/tags?post=16120"}],"curies":[{"name":"wp","href":"https:\/\/api.w.org\/{rel}","templated":true}]}}