{"id":16144,"date":"2022-04-28T04:43:43","date_gmt":"2022-04-28T07:43:43","guid":{"rendered":"https:\/\/blogdojuniorcavalcanti.com.br\/?p=16144"},"modified":"2022-04-28T04:43:43","modified_gmt":"2022-04-28T07:43:43","slug":"99-dos-transportes-escolares-municipais-de-pernambuco-nao-apresentam-condicoes-minimas-de-seguranca-para-estudantes","status":"publish","type":"post","link":"https:\/\/blogdojuniorcavalcanti.com.br\/index.php\/2022\/04\/28\/99-dos-transportes-escolares-municipais-de-pernambuco-nao-apresentam-condicoes-minimas-de-seguranca-para-estudantes\/","title":{"rendered":"99% dos transportes escolares municipais de Pernambuco n\u00e3o apresentam condi\u00e7\u00f5es m\u00ednimas de seguran\u00e7a para estudantes"},"content":{"rendered":"<p style=\"text-align: justify;\"><span style=\"font-size: 14pt; font-family: arial, helvetica, sans-serif;\"><img fetchpriority=\"high\" decoding=\"async\" class=\"wp-image-105372  alignleft\" src=\"https:\/\/penoticias.com.br\/blog\/wp-content\/uploads\/2022\/04\/PE-Noticias-203.jpg\" sizes=\"(max-width: 671px) 100vw, 671px\" srcset=\"https:\/\/penoticias.com.br\/blog\/wp-content\/uploads\/2022\/04\/PE-Noticias-203.jpg 700w, https:\/\/penoticias.com.br\/blog\/wp-content\/uploads\/2022\/04\/PE-Noticias-203-300x206.jpg 300w\" alt=\"\" width=\"443\" height=\"304\" \/><\/span><\/p>\n<p style=\"text-align: justify;\"><span style=\"font-size: 14pt; font-family: arial, helvetica, sans-serif;\">O Tribunal de Contas do Estado (TCE) coletou, nesta quarta-feira (27), n\u00fameros preocupantes que demonstram a m\u00e1 qualidade do servi\u00e7o de transporte escolar municipal de Pernambuco. Em uma megaopera\u00e7\u00e3o feita em 183 munic\u00edpios, exceto Recife, que n\u00e3o disp\u00f5e do servi\u00e7o, foi descoberto que 99% dos transportes apresentam algum tipo de irregularidade, assim como 65% dos condutores.<\/span><\/p>\n<p style=\"text-align: justify;\"><span style=\"font-size: 14pt; font-family: arial, helvetica, sans-serif;\">Cerca de 250 integrantes das equipes de auditoria avaliaram as condi\u00e7\u00f5es de uma amostra de 811 ve\u00edculos dos aproximadamente 6 mil existentes no Estado. Foram checadas a documenta\u00e7\u00e3o, a idade e as condi\u00e7\u00f5es dos transportes, como far\u00f3is, lanternas, estepe, extintores de inc\u00eandio, cintos de seguran\u00e7a, entre outros. Ainda, se os condutores estavam devidamente habilitados para a fun\u00e7\u00e3o.<\/span><\/p>\n<p style=\"text-align: justify;\"><span style=\"font-size: 14pt; font-family: arial, helvetica, sans-serif;\">O painel de controle divulgado pelo TCE em tempo real apontou que 96% dos ve\u00edculos n\u00e3o t\u00eam selo de inspe\u00e7\u00e3o, 30% est\u00e3o com os pneus carecas, 67% apresentam problemas nos cintos de seguran\u00e7a e outros 78% no tac\u00f3grafo. Ainda, 62% dos motoristas n\u00e3o t\u00eam\u00a0curso para condu\u00e7\u00e3o de escolares e 22% est\u00e3o com habilita\u00e7\u00e3o irregular.<\/span><\/p>\n<p style=\"text-align: justify;\"><span style=\"font-size: 14pt; font-family: arial, helvetica, sans-serif;\">Fotos tamb\u00e9m mostraram o estado de vis\u00edvel desgaste que alguns dos ve\u00edculos se encontram. Uns \u00f4nibus est\u00e3o com bancos rasgados e espumas e ferragens \u00e0 mostra, e outros com vidros rachados. Tamb\u00e9m h\u00e1 casos de alunos sendo transportados em ca\u00e7ambas de caminhonetes.<\/span><\/p>\n","protected":false},"excerpt":{"rendered":"<p>O Tribunal de Contas do Estado (TCE) coletou, nesta quarta-feira (27), n&uacute;meros preocupantes que demonstram a m&aacute; qualidade do servi&ccedil;o de transporte escolar municipal de Pernambuco. Em uma megaopera&ccedil;&atilde;o feita em 183 munic&iacute;pios, exceto Recife, que n&atilde;o disp&otilde;e do servi&ccedil;o, foi descoberto que 99% dos transportes apresentam algum tipo de irregularidade, assim como 65% dos condutores. Cerca de 250 integrantes das equipes de auditoria avaliaram as condi&ccedil;&otilde;es de uma amostra de 811 ve&iacute;culos dos aproximadamente 6 mil existentes no Estado. Foram checadas a documenta&ccedil;&atilde;o, a idade e as condi&ccedil;&otilde;es dos transportes, como far&oacute;is, lanternas, estepe, extintores de inc&ecirc;ndio, cintos de &#8230; <\/p>\n<p class=\"read-more-container\"><a title=\"99% dos transportes escolares municipais de Pernambuco n\u00e3o apresentam condi\u00e7\u00f5es m\u00ednimas de seguran\u00e7a para estudantes\" class=\"read-more button\" href=\"https:\/\/blogdojuniorcavalcanti.com.br\/index.php\/2022\/04\/28\/99-dos-transportes-escolares-municipais-de-pernambuco-nao-apresentam-condicoes-minimas-de-seguranca-para-estudantes\/#more-16144\" aria-label=\"More on 99% dos transportes escolares municipais de Pernambuco n\u00e3o apresentam condi\u00e7\u00f5es m\u00ednimas de seguran\u00e7a para estudantes\">Leia mais<\/a><\/p>\n","protected":false},"author":2,"featured_media":0,"comment_status":"open","ping_status":"open","sticky":false,"template":"","format":"standard","meta":{"footnotes":""},"categories":[30],"tags":[],"class_list":["post-16144","post","type-post","status-publish","format-standard","hentry","category-regional"],"_links":{"self":[{"href":"https:\/\/blogdojuniorcavalcanti.com.br\/index.php\/wp-json\/wp\/v2\/posts\/16144","targetHints":{"allow":["GET"]}}],"collection":[{"href":"https:\/\/blogdojuniorcavalcanti.com.br\/index.php\/wp-json\/wp\/v2\/posts"}],"about":[{"href":"https:\/\/blogdojuniorcavalcanti.com.br\/index.php\/wp-json\/wp\/v2\/types\/post"}],"author":[{"embeddable":true,"href":"https:\/\/blogdojuniorcavalcanti.com.br\/index.php\/wp-json\/wp\/v2\/users\/2"}],"replies":[{"embeddable":true,"href":"https:\/\/blogdojuniorcavalcanti.com.br\/index.php\/wp-json\/wp\/v2\/comments?post=16144"}],"version-history":[{"count":1,"href":"https:\/\/blogdojuniorcavalcanti.com.br\/index.php\/wp-json\/wp\/v2\/posts\/16144\/revisions"}],"predecessor-version":[{"id":16145,"href":"https:\/\/blogdojuniorcavalcanti.com.br\/index.php\/wp-json\/wp\/v2\/posts\/16144\/revisions\/16145"}],"wp:attachment":[{"href":"https:\/\/blogdojuniorcavalcanti.com.br\/index.php\/wp-json\/wp\/v2\/media?parent=16144"}],"wp:term":[{"taxonomy":"category","embeddable":true,"href":"https:\/\/blogdojuniorcavalcanti.com.br\/index.php\/wp-json\/wp\/v2\/categories?post=16144"},{"taxonomy":"post_tag","embeddable":true,"href":"https:\/\/blogdojuniorcavalcanti.com.br\/index.php\/wp-json\/wp\/v2\/tags?post=16144"}],"curies":[{"name":"wp","href":"https:\/\/api.w.org\/{rel}","templated":true}]}}