{"id":16282,"date":"2022-05-03T04:45:49","date_gmt":"2022-05-03T07:45:49","guid":{"rendered":"https:\/\/blogdojuniorcavalcanti.com.br\/?p=16282"},"modified":"2022-05-03T04:45:49","modified_gmt":"2022-05-03T07:45:49","slug":"continuam-abertas-as-inscricoes-para-o-desafio-educativo-socioambiental-promovido-pela-compesa-e-secretaria-de-educacao","status":"publish","type":"post","link":"https:\/\/blogdojuniorcavalcanti.com.br\/index.php\/2022\/05\/03\/continuam-abertas-as-inscricoes-para-o-desafio-educativo-socioambiental-promovido-pela-compesa-e-secretaria-de-educacao\/","title":{"rendered":"Continuam abertas as inscri\u00e7\u00f5es para o \u201cDesafio Educativo Socioambiental\u201d promovido pela Compesa e Secretaria de Educa\u00e7\u00e3o"},"content":{"rendered":"<p style=\"text-align: justify;\"><span style=\"font-size: 14pt; font-family: arial, helvetica, sans-serif;\"><img fetchpriority=\"high\" decoding=\"async\" class=\"wp-image-105747  aligncenter\" src=\"https:\/\/penoticias.com.br\/blog\/wp-content\/uploads\/2022\/05\/PE-Noticias-4.jpg\" sizes=\"(max-width: 677px) 100vw, 677px\" srcset=\"https:\/\/penoticias.com.br\/blog\/wp-content\/uploads\/2022\/05\/PE-Noticias-4.jpg 836w, https:\/\/penoticias.com.br\/blog\/wp-content\/uploads\/2022\/05\/PE-Noticias-4-300x89.jpg 300w, https:\/\/penoticias.com.br\/blog\/wp-content\/uploads\/2022\/05\/PE-Noticias-4-768x227.jpg 768w\" alt=\"\" width=\"677\" height=\"200\" \/><\/span><\/p>\n<p style=\"text-align: justify;\"><span style=\"font-size: 14pt; font-family: arial, helvetica, sans-serif;\">Seguem abertas, at\u00e9 a sexta-feira (06), as inscri\u00e7\u00f5es para o \u201cDesafio Educativo Socioambiental\u201d, promovido pela Compesa e Secretaria de Educa\u00e7\u00e3o e Esportes do Estado onde estudantes, professores e escolas da Rede Estadual de Ensino ser\u00e3o protagonistas, inscrevendo trabalhos sobre o tema e concorrendo a diversos pr\u00eamios. O objetivo \u00e9 promover a educa\u00e7\u00e3o ambiental para a preserva\u00e7\u00e3o e uso sustent\u00e1vel e racional da \u00e1gua, por meio da produ\u00e7\u00e3o de materiais em diferentes linguagens. As inscri\u00e7\u00f5es s\u00e3o gratuitas e devem ser realizadas pelo site\u00a0<a href=\"https:\/\/servicos.compesa.com.br\/desafio-educativo-socioambiental\/\">https:\/\/servicos.compesa.com.br\/desafio-educativo-socioambiental\/<\/a>. O regulamento do desafio tamb\u00e9m est\u00e1 dispon\u00edvel no portal.<\/span><\/p>\n<p style=\"text-align: justify;\"><span style=\"font-size: 14pt; font-family: arial, helvetica, sans-serif;\">Com o tema \u201c\u00c1guas de Pernambuco\u201d, o desafio foi estruturado em quatro categorias, com foco na preserva\u00e7\u00e3o do meio ambiente e compreens\u00e3o do saneamento. As categorias s\u00e3o: postagem em rede social; postagem de v\u00eddeo em rede social (para estudantes); fotografia (exclusiva para professores) e escola mobilizadora. Al\u00e9m do tema central, os trabalhos inscritos devem seguir um dos subtemas do desafio, que s\u00e3o: consumo consciente da \u00e1gua; reflorestamento de matas ciliares; tratamento de \u00e1gua e\/ou esgoto; ciclo natural da \u00e1gua e preserva\u00e7\u00e3o da \u00e1gua.<\/span><\/p>\n<p style=\"text-align: justify;\"><span style=\"font-size: 14pt; font-family: arial, helvetica, sans-serif;\">A diretora de Desenvolvimento e Sustentabilidade da Compesa, Camilla Godoy, avalia positivamente a oportunidade de engajamento dos jovens com a tem\u00e1tica do concurso. \u201cVislumbramos uma oportunidade muito boa dos jovens entenderem mais sobre saneamento e aprofundarem seus conhecimentos sobre o tema. O desafio busca incentivar e potencializar a capacidade criativa para a produ\u00e7\u00e3o de materiais nas linguagens verbal, n\u00e3o verbal e audiovisual, e os estudantes, as escolas e os professores ter\u00e3o que usar a criatividade para elaborar materiais relacionados \u00e0 preserva\u00e7\u00e3o, o uso sustent\u00e1vel e racional da \u00e1gua. Sem d\u00favida, um aprendizado coletivo e muito ben\u00e9fico para todos\u201d, diz a diretora.<\/span><\/p>\n<p style=\"text-align: justify;\"><span style=\"font-size: 14pt; font-family: arial, helvetica, sans-serif;\">Os ganhadores do desafio ser\u00e3o anunciados entre os dias 28 a 30 de junho, por meio dos sites da Compesa e da Secretaria de Educa\u00e7\u00e3o e Esportes do Estado.<\/span><\/p>\n","protected":false},"excerpt":{"rendered":"<p>Seguem abertas, at&eacute; a sexta-feira (06), as inscri&ccedil;&otilde;es para o &ldquo;Desafio Educativo Socioambiental&rdquo;, promovido pela Compesa e Secretaria de Educa&ccedil;&atilde;o e Esportes do Estado onde estudantes, professores e escolas da Rede Estadual de Ensino ser&atilde;o protagonistas, inscrevendo trabalhos sobre o tema e concorrendo a diversos pr&ecirc;mios. O objetivo &eacute; promover a educa&ccedil;&atilde;o ambiental para a preserva&ccedil;&atilde;o e uso sustent&aacute;vel e racional da &aacute;gua, por meio da produ&ccedil;&atilde;o de materiais em diferentes linguagens. As inscri&ccedil;&otilde;es s&atilde;o gratuitas e devem ser realizadas pelo site&nbsp;https:\/\/servicos.compesa.com.br\/desafio-educativo-socioambiental\/. O regulamento do desafio tamb&eacute;m est&aacute; dispon&iacute;vel no portal. Com o tema &ldquo;&Aacute;guas de Pernambuco&rdquo;, o desafio foi &#8230; <\/p>\n<p class=\"read-more-container\"><a title=\"Continuam abertas as inscri\u00e7\u00f5es para o \u201cDesafio Educativo Socioambiental\u201d promovido pela Compesa e Secretaria de Educa\u00e7\u00e3o\" class=\"read-more button\" href=\"https:\/\/blogdojuniorcavalcanti.com.br\/index.php\/2022\/05\/03\/continuam-abertas-as-inscricoes-para-o-desafio-educativo-socioambiental-promovido-pela-compesa-e-secretaria-de-educacao\/#more-16282\" aria-label=\"More on Continuam abertas as inscri\u00e7\u00f5es para o \u201cDesafio Educativo Socioambiental\u201d promovido pela Compesa e Secretaria de Educa\u00e7\u00e3o\">Leia mais<\/a><\/p>\n","protected":false},"author":2,"featured_media":0,"comment_status":"open","ping_status":"open","sticky":false,"template":"","format":"standard","meta":{"footnotes":""},"categories":[30],"tags":[],"class_list":["post-16282","post","type-post","status-publish","format-standard","hentry","category-regional"],"_links":{"self":[{"href":"https:\/\/blogdojuniorcavalcanti.com.br\/index.php\/wp-json\/wp\/v2\/posts\/16282","targetHints":{"allow":["GET"]}}],"collection":[{"href":"https:\/\/blogdojuniorcavalcanti.com.br\/index.php\/wp-json\/wp\/v2\/posts"}],"about":[{"href":"https:\/\/blogdojuniorcavalcanti.com.br\/index.php\/wp-json\/wp\/v2\/types\/post"}],"author":[{"embeddable":true,"href":"https:\/\/blogdojuniorcavalcanti.com.br\/index.php\/wp-json\/wp\/v2\/users\/2"}],"replies":[{"embeddable":true,"href":"https:\/\/blogdojuniorcavalcanti.com.br\/index.php\/wp-json\/wp\/v2\/comments?post=16282"}],"version-history":[{"count":1,"href":"https:\/\/blogdojuniorcavalcanti.com.br\/index.php\/wp-json\/wp\/v2\/posts\/16282\/revisions"}],"predecessor-version":[{"id":16283,"href":"https:\/\/blogdojuniorcavalcanti.com.br\/index.php\/wp-json\/wp\/v2\/posts\/16282\/revisions\/16283"}],"wp:attachment":[{"href":"https:\/\/blogdojuniorcavalcanti.com.br\/index.php\/wp-json\/wp\/v2\/media?parent=16282"}],"wp:term":[{"taxonomy":"category","embeddable":true,"href":"https:\/\/blogdojuniorcavalcanti.com.br\/index.php\/wp-json\/wp\/v2\/categories?post=16282"},{"taxonomy":"post_tag","embeddable":true,"href":"https:\/\/blogdojuniorcavalcanti.com.br\/index.php\/wp-json\/wp\/v2\/tags?post=16282"}],"curies":[{"name":"wp","href":"https:\/\/api.w.org\/{rel}","templated":true}]}}