{"id":16387,"date":"2022-05-06T04:42:19","date_gmt":"2022-05-06T07:42:19","guid":{"rendered":"https:\/\/blogdojuniorcavalcanti.com.br\/?p=16387"},"modified":"2022-05-06T04:42:19","modified_gmt":"2022-05-06T07:42:19","slug":"o-calendario-esportivo-escolar-pernambucano-esta-oficialmente-aberto","status":"publish","type":"post","link":"https:\/\/blogdojuniorcavalcanti.com.br\/index.php\/2022\/05\/06\/o-calendario-esportivo-escolar-pernambucano-esta-oficialmente-aberto\/","title":{"rendered":"O calend\u00e1rio esportivo escolar pernambucano est\u00e1 oficialmente aberto"},"content":{"rendered":"<div class=\"entry-content\">\n<p style=\"text-align: justify;\"><span style=\"font-size: 14pt; font-family: arial, helvetica, sans-serif;\"><img fetchpriority=\"high\" decoding=\"async\" class=\"wp-image-106075  alignleft\" src=\"https:\/\/penoticias.com.br\/blog\/wp-content\/uploads\/2022\/05\/PE-Noticias-34-1024x683.jpg\" sizes=\"(max-width: 672px) 100vw, 672px\" srcset=\"https:\/\/penoticias.com.br\/blog\/wp-content\/uploads\/2022\/05\/PE-Noticias-34-1024x683.jpg 1024w, https:\/\/penoticias.com.br\/blog\/wp-content\/uploads\/2022\/05\/PE-Noticias-34-300x200.jpg 300w, https:\/\/penoticias.com.br\/blog\/wp-content\/uploads\/2022\/05\/PE-Noticias-34-768x512.jpg 768w, https:\/\/penoticias.com.br\/blog\/wp-content\/uploads\/2022\/05\/PE-Noticias-34-1536x1024.jpg 1536w, https:\/\/penoticias.com.br\/blog\/wp-content\/uploads\/2022\/05\/PE-Noticias-34-2048x1365.jpg 2048w\" alt=\"\" width=\"407\" height=\"271\" \/><\/span><\/p>\n<p style=\"text-align: justify;\"><span style=\"font-size: 14pt; font-family: arial, helvetica, sans-serif;\">O calend\u00e1rio do desporto escolar de 2022 j\u00e1 come\u00e7ou em Pernambuco. Os Jogos Escolares Regionais (JERs) 2022 d\u00e3o in\u00edcio \u00e0s competi\u00e7\u00f5es, individuais e coletivas, para sabermos os campe\u00f5es que v\u00e3o representar as escolas nos Jogos Escolares de Pernambuco (JEPs) deste ano. A primeira regi\u00e3o a realizar a seletiva foi a do Sert\u00e3o de Moxot\u00f3, onde a Ger\u00eancia Regional de Educa\u00e7\u00e3o (GRE) realizou a cerim\u00f4nia de abertura da seletiva na Escola de Refer\u00eancia em Ensino M\u00e9dio (EREM) Carlos Rios, situada no munic\u00edpio de Arcoverde, Sert\u00e3o do Estado, no final do m\u00eas de abril.<\/span><\/p>\n<p style=\"text-align: justify;\"><span style=\"font-size: 14pt; font-family: arial, helvetica, sans-serif;\">A competi\u00e7\u00e3o \u00e9 dividida entre as fases municipais, regionais e de grupos, que servem de seletiva para a fase estadual, que ainda n\u00e3o tem uma sede definida e deve ocorrer no segundo semestre. Anualmente a competi\u00e7\u00e3o recebe centenas de alunos\/atletas de todas as regi\u00f5es do Estado. As modalidades disputadas s\u00e3o: futsal, handebol, v\u00f4lei, basquete, atletismo, badminton, xadrez, ciclismo, jud\u00f4, luta ol\u00edmpica, v\u00f4lei de praia, t\u00eanis de mesa, nata\u00e7\u00e3o, gin\u00e1stica r\u00edtmica, gin\u00e1stica art\u00edstica, karat\u00ea e tae-kwon-do.<\/span><\/p>\n<p style=\"text-align: justify;\"><span style=\"font-size: 14pt; font-family: arial, helvetica, sans-serif;\">Os JEPs s\u00e3o a maior competi\u00e7\u00e3o estudantil do estado e voltaram a ser disputados em outubro de 2021, ap\u00f3s um ano suspensos devido \u00e0s restri\u00e7\u00f5es impostas pelo Governo de Pernambuco por conta da\u00a0 pandemia do Covid-19. No \u00faltimo ano os jogos foram realizados seguindo um rigoroso protocolo sanit\u00e1rio, no qual todos os participantes, colaboradores e volunt\u00e1rios foram testados para uma maior seguran\u00e7a. Neste ano, ser\u00e1 realizada a 62\u00aa edi\u00e7\u00e3o do JEPs.<\/span><\/p>\n<p style=\"text-align: justify;\"><span style=\"font-size: 14pt; font-family: arial, helvetica, sans-serif;\">Os vencedores da fase estadual na categoria 12 a 14 anos garantem vaga para os Jogos Escolares Brasileiros (JEBs), organizados pela Confedera\u00e7\u00e3o Brasileira de Desporto Escolar (CBDE). J\u00e1 os vencedores na categoria 15 a 17 anos participam dos Jogos da Juventude, promovidos pelo Comit\u00ea Ol\u00edmpico do Brasil (COB).<\/span><\/p>\n<\/div>\n","protected":false},"excerpt":{"rendered":"<p>O calend&aacute;rio do desporto escolar de 2022 j&aacute; come&ccedil;ou em Pernambuco. Os Jogos Escolares Regionais (JERs) 2022 d&atilde;o in&iacute;cio &agrave;s competi&ccedil;&otilde;es, individuais e coletivas, para sabermos os campe&otilde;es que v&atilde;o representar as escolas nos Jogos Escolares de Pernambuco (JEPs) deste ano. A primeira regi&atilde;o a realizar a seletiva foi a do Sert&atilde;o de Moxot&oacute;, onde a Ger&ecirc;ncia Regional de Educa&ccedil;&atilde;o (GRE) realizou a cerim&ocirc;nia de abertura da seletiva na Escola de Refer&ecirc;ncia em Ensino M&eacute;dio (EREM) Carlos Rios, situada no munic&iacute;pio de Arcoverde, Sert&atilde;o do Estado, no final do m&ecirc;s de abril. A competi&ccedil;&atilde;o &eacute; dividida entre as fases municipais, &#8230; <\/p>\n<p class=\"read-more-container\"><a title=\"O calend\u00e1rio esportivo escolar pernambucano est\u00e1 oficialmente aberto\" class=\"read-more button\" href=\"https:\/\/blogdojuniorcavalcanti.com.br\/index.php\/2022\/05\/06\/o-calendario-esportivo-escolar-pernambucano-esta-oficialmente-aberto\/#more-16387\" aria-label=\"More on O calend\u00e1rio esportivo escolar pernambucano est\u00e1 oficialmente aberto\">Leia mais<\/a><\/p>\n","protected":false},"author":2,"featured_media":0,"comment_status":"open","ping_status":"open","sticky":false,"template":"","format":"standard","meta":{"footnotes":""},"categories":[26],"tags":[],"class_list":["post-16387","post","type-post","status-publish","format-standard","hentry","category-noticias"],"_links":{"self":[{"href":"https:\/\/blogdojuniorcavalcanti.com.br\/index.php\/wp-json\/wp\/v2\/posts\/16387","targetHints":{"allow":["GET"]}}],"collection":[{"href":"https:\/\/blogdojuniorcavalcanti.com.br\/index.php\/wp-json\/wp\/v2\/posts"}],"about":[{"href":"https:\/\/blogdojuniorcavalcanti.com.br\/index.php\/wp-json\/wp\/v2\/types\/post"}],"author":[{"embeddable":true,"href":"https:\/\/blogdojuniorcavalcanti.com.br\/index.php\/wp-json\/wp\/v2\/users\/2"}],"replies":[{"embeddable":true,"href":"https:\/\/blogdojuniorcavalcanti.com.br\/index.php\/wp-json\/wp\/v2\/comments?post=16387"}],"version-history":[{"count":1,"href":"https:\/\/blogdojuniorcavalcanti.com.br\/index.php\/wp-json\/wp\/v2\/posts\/16387\/revisions"}],"predecessor-version":[{"id":16388,"href":"https:\/\/blogdojuniorcavalcanti.com.br\/index.php\/wp-json\/wp\/v2\/posts\/16387\/revisions\/16388"}],"wp:attachment":[{"href":"https:\/\/blogdojuniorcavalcanti.com.br\/index.php\/wp-json\/wp\/v2\/media?parent=16387"}],"wp:term":[{"taxonomy":"category","embeddable":true,"href":"https:\/\/blogdojuniorcavalcanti.com.br\/index.php\/wp-json\/wp\/v2\/categories?post=16387"},{"taxonomy":"post_tag","embeddable":true,"href":"https:\/\/blogdojuniorcavalcanti.com.br\/index.php\/wp-json\/wp\/v2\/tags?post=16387"}],"curies":[{"name":"wp","href":"https:\/\/api.w.org\/{rel}","templated":true}]}}