{"id":16427,"date":"2022-05-07T05:23:49","date_gmt":"2022-05-07T08:23:49","guid":{"rendered":"https:\/\/blogdojuniorcavalcanti.com.br\/?p=16427"},"modified":"2022-05-07T05:23:49","modified_gmt":"2022-05-07T08:23:49","slug":"quixaba-tiao-de-galdencio-e-multado-em-r-9-mil-pelo-tce","status":"publish","type":"post","link":"https:\/\/blogdojuniorcavalcanti.com.br\/index.php\/2022\/05\/07\/quixaba-tiao-de-galdencio-e-multado-em-r-9-mil-pelo-tce\/","title":{"rendered":"Quixaba: Ti\u00e3o de Gald\u00eancio \u00e9 multado em R$ 9 mil pelo TCE"},"content":{"rendered":"<p style=\"text-align: justify;\"><span style=\"font-size: 14pt; font-family: arial, helvetica, sans-serif;\"><img fetchpriority=\"high\" decoding=\"async\" class=\"wp-image-230246 jetpack-lazy-image jetpack-lazy-image--handled alignleft\" src=\"https:\/\/nilljunior.com.br\/wp-content\/uploads\/2022\/05\/prefeito-ti%C3%A3o-de-gaudencio-visita-obra-da-escola-verissima-darc-dos-santos-4-360x480.jpg\" sizes=\"(max-width: 400px) 100vw, 400px\" srcset=\"https:\/\/nilljunior.com.br\/wp-content\/uploads\/2022\/05\/prefeito-ti\u00e3o-de-gaudencio-visita-obra-da-escola-verissima-darc-dos-santos-4-360x480.jpg 257w, https:\/\/nilljunior.com.br\/wp-content\/uploads\/2022\/05\/prefeito-ti\u00e3o-de-gaudencio-visita-obra-da-escola-verissima-darc-dos-santos-4-360x480-225x250.jpg 225w\" alt=\"\" width=\"400\" height=\"444\" data-attachment-id=\"230246\" data-permalink=\"https:\/\/nilljunior.com.br\/quixaba-tiao-de-galdencio-e-multado-em-r9-mil-pelo-tce\/prefeito-tiao-de-gaudencio-visita-obra-da-escola-verissima-darc-dos-santos-4-360x480-2\/\" data-orig-file=\"https:\/\/nilljunior.com.br\/wp-content\/uploads\/2022\/05\/prefeito-ti\u00e3o-de-gaudencio-visita-obra-da-escola-verissima-darc-dos-santos-4-360x480.jpg\" data-orig-size=\"257,285\" data-comments-opened=\"1\" data-image-meta=\"{&quot;aperture&quot;:&quot;0&quot;,&quot;credit&quot;:&quot;&quot;,&quot;camera&quot;:&quot;&quot;,&quot;caption&quot;:&quot;&quot;,&quot;created_timestamp&quot;:&quot;0&quot;,&quot;copyright&quot;:&quot;&quot;,&quot;focal_length&quot;:&quot;0&quot;,&quot;iso&quot;:&quot;0&quot;,&quot;shutter_speed&quot;:&quot;0&quot;,&quot;title&quot;:&quot;&quot;,&quot;orientation&quot;:&quot;1&quot;}\" data-image-title=\"\" data-image-description=\"\" data-medium-file=\"https:\/\/nilljunior.com.br\/wp-content\/uploads\/2022\/05\/prefeito-ti\u00e3o-de-gaudencio-visita-obra-da-escola-verissima-darc-dos-santos-4-360x480-225x250.jpg\" data-large-file=\"https:\/\/nilljunior.com.br\/wp-content\/uploads\/2022\/05\/prefeito-ti\u00e3o-de-gaudencio-visita-obra-da-escola-verissima-darc-dos-santos-4-360x480.jpg\" data-lazy-loaded=\"1\" \/><\/span><\/p>\n<p style=\"text-align: justify;\"><span style=\"font-size: 14pt; font-family: arial, helvetica, sans-serif;\">A Primeira C\u00e2mara do Tribunal de Contas de Pernambuco reprovou a gest\u00e3o fiscal da Prefeitura de Quixaba relativa ao exerc\u00edcio de 2020.\u00a0<\/span><\/p>\n<p style=\"text-align: justify;\"><span style=\"font-size: 14pt; font-family: arial, helvetica, sans-serif;\">O tribunal considerou que houve falta de transpar\u00eancia p\u00fablica, uma vez que o munic\u00edpio n\u00e3o disponibilizou \u00e0 popula\u00e7\u00e3o o devido acesso \u00e0s informa\u00e7\u00f5es relativas \u00e0 execu\u00e7\u00e3o or\u00e7ament\u00e1ria, financeira e patrimonial da Prefeitura no per\u00edodo, e que apesar de ter sido regularmente notificado n\u00e3o apresentou defesa.\u00a0<\/span><\/p>\n<p style=\"text-align: justify;\"><span style=\"font-size: 14pt; font-family: arial, helvetica, sans-serif;\">Foi aplicada multa no valor de R$ 9.200,00 ao ex-prefeito Sebasti\u00e3o Cabral Nunes (Ti\u00e3o de Gald\u00eancio). A atual gest\u00e3o de Quixaba tem at\u00e9 30 dias para disponibilizar as informa\u00e7\u00f5es citadas no Portal da Transpar\u00eancia.<\/span><\/p>\n<p style=\"text-align: justify;\"><span style=\"font-size: 14pt; font-family: arial, helvetica, sans-serif;\">A gest\u00e3o de Ti\u00e3o j\u00e1 havia sido cobrada por falta de transpar\u00eancia nas informa\u00e7\u00f5es sobre receitas e gastos da Covid-19. Em 2020, o Minist\u00e9rio P\u00fablico recomendou que o ent\u00e3o prefeito\u00a0disponibilizasse informa\u00e7\u00f5es claras e objetivas sobre todos os dados atualizados das receitas e gastos com contrata\u00e7\u00f5es excepcionais (inclusive de pessoal), revis\u00f5es de contratos em curso, dispensas licitat\u00f3rias, aquisi\u00e7\u00f5es de insumos, dentre outros, efetivados para o enfrentamento de emerg\u00eancia em sa\u00fade p\u00fablica \u2013 COVID-19.<\/span><\/p>\n<p style=\"text-align: justify;\"><span style=\"font-size: 14pt; font-family: arial, helvetica, sans-serif;\">J\u00e1 em 2021, o TCE imputou d\u00e9bito no valor de\u00a0R$ 179.339,12 e multa no valor de\u00a0 R$ 8.803,50 ao ex gestor, que teve sua presta\u00e7\u00e3o de contas de 2017 rejeitada pelo \u00f3rg\u00e3o. Entre as irregularidades encontradas \u00e0 \u00e9poca, destaque para despesas em favor da AMUPE sem comprova\u00e7\u00e3o da contrapresta\u00e7\u00e3o de servi\u00e7os para a prefeitura.<\/span><\/p>\n<p style=\"text-align: justify;\"><span style=\"font-size: 14pt; font-family: arial, helvetica, sans-serif;\">A auditoria apontou que a Prefeitura, durante o exerc\u00edcio de 2017, realizou diversos pagamentos \u00e0 AMUPE, totalizando R$ 94.000,00, cujo objeto teria sido a coopera\u00e7\u00e3o t\u00e9cnica para a presta\u00e7\u00e3o de servi\u00e7os de assessoria jur\u00eddica especializada (doc. 49), e que foi feito um Contrato de Ades\u00e3o do munic\u00edpio ao contrato firmado entre a referida associa\u00e7\u00e3o e a M. Oliveira E Mendes Bezerra Advogados Associados.<\/span><\/p>\n","protected":false},"excerpt":{"rendered":"<p>A Primeira C&acirc;mara do Tribunal de Contas de Pernambuco reprovou a gest&atilde;o fiscal da Prefeitura de Quixaba relativa ao exerc&iacute;cio de 2020.&nbsp; O tribunal considerou que houve falta de transpar&ecirc;ncia p&uacute;blica, uma vez que o munic&iacute;pio n&atilde;o disponibilizou &agrave; popula&ccedil;&atilde;o o devido acesso &agrave;s informa&ccedil;&otilde;es relativas &agrave; execu&ccedil;&atilde;o or&ccedil;ament&aacute;ria, financeira e patrimonial da Prefeitura no per&iacute;odo, e que apesar de ter sido regularmente notificado n&atilde;o apresentou defesa.&nbsp; Foi aplicada multa no valor de R$ 9.200,00 ao ex-prefeito Sebasti&atilde;o Cabral Nunes (Ti&atilde;o de Gald&ecirc;ncio). A atual gest&atilde;o de Quixaba tem at&eacute; 30 dias para disponibilizar as informa&ccedil;&otilde;es citadas no Portal da &#8230; <\/p>\n<p class=\"read-more-container\"><a title=\"Quixaba: Ti\u00e3o de Gald\u00eancio \u00e9 multado em R$ 9 mil pelo TCE\" class=\"read-more button\" href=\"https:\/\/blogdojuniorcavalcanti.com.br\/index.php\/2022\/05\/07\/quixaba-tiao-de-galdencio-e-multado-em-r-9-mil-pelo-tce\/#more-16427\" aria-label=\"More on Quixaba: Ti\u00e3o de Gald\u00eancio \u00e9 multado em R$ 9 mil pelo TCE\">Leia mais<\/a><\/p>\n","protected":false},"author":2,"featured_media":0,"comment_status":"open","ping_status":"open","sticky":false,"template":"","format":"standard","meta":{"footnotes":""},"categories":[27],"tags":[],"class_list":["post-16427","post","type-post","status-publish","format-standard","hentry","category-politica"],"_links":{"self":[{"href":"https:\/\/blogdojuniorcavalcanti.com.br\/index.php\/wp-json\/wp\/v2\/posts\/16427","targetHints":{"allow":["GET"]}}],"collection":[{"href":"https:\/\/blogdojuniorcavalcanti.com.br\/index.php\/wp-json\/wp\/v2\/posts"}],"about":[{"href":"https:\/\/blogdojuniorcavalcanti.com.br\/index.php\/wp-json\/wp\/v2\/types\/post"}],"author":[{"embeddable":true,"href":"https:\/\/blogdojuniorcavalcanti.com.br\/index.php\/wp-json\/wp\/v2\/users\/2"}],"replies":[{"embeddable":true,"href":"https:\/\/blogdojuniorcavalcanti.com.br\/index.php\/wp-json\/wp\/v2\/comments?post=16427"}],"version-history":[{"count":1,"href":"https:\/\/blogdojuniorcavalcanti.com.br\/index.php\/wp-json\/wp\/v2\/posts\/16427\/revisions"}],"predecessor-version":[{"id":16428,"href":"https:\/\/blogdojuniorcavalcanti.com.br\/index.php\/wp-json\/wp\/v2\/posts\/16427\/revisions\/16428"}],"wp:attachment":[{"href":"https:\/\/blogdojuniorcavalcanti.com.br\/index.php\/wp-json\/wp\/v2\/media?parent=16427"}],"wp:term":[{"taxonomy":"category","embeddable":true,"href":"https:\/\/blogdojuniorcavalcanti.com.br\/index.php\/wp-json\/wp\/v2\/categories?post=16427"},{"taxonomy":"post_tag","embeddable":true,"href":"https:\/\/blogdojuniorcavalcanti.com.br\/index.php\/wp-json\/wp\/v2\/tags?post=16427"}],"curies":[{"name":"wp","href":"https:\/\/api.w.org\/{rel}","templated":true}]}}