{"id":16459,"date":"2022-05-09T04:49:59","date_gmt":"2022-05-09T07:49:59","guid":{"rendered":"https:\/\/blogdojuniorcavalcanti.com.br\/?p=16459"},"modified":"2022-05-09T04:49:59","modified_gmt":"2022-05-09T07:49:59","slug":"concursos-e-selecoes-simplificadas-em-pernambuco-oferecem-490-vagas-confira-lista","status":"publish","type":"post","link":"https:\/\/blogdojuniorcavalcanti.com.br\/index.php\/2022\/05\/09\/concursos-e-selecoes-simplificadas-em-pernambuco-oferecem-490-vagas-confira-lista\/","title":{"rendered":"Concursos e sele\u00e7\u00f5es simplificadas em Pernambuco oferecem 490 vagas; confira lista"},"content":{"rendered":"<p style=\"text-align: justify;\"><span style=\"font-size: 14pt; font-family: arial, helvetica, sans-serif;\"><img fetchpriority=\"high\" decoding=\"async\" class=\"moz-reader-block-img aligncenter\" src=\"https:\/\/s2.glbimg.com\/EqYt0d3B3Ftb8-5W85VriXLYuJk=\/0x0:1279x720\/984x0\/smart\/filters:strip_icc()\/i.s3.glbimg.com\/v1\/AUTH_59edd422c0c84a879bd37670ae4f538a\/internal_photos\/bs\/2022\/B\/n\/NkMbGSRKOJExmzxrpzWQ\/whatsapp-image-2022-04-08-at-19.34.00.jpeg\" alt=\"Concursos e sele\u00e7\u00f5es simplificadas re\u00fanem 490 vagas em Pernambuco \u2014 Foto: Reprodu\u00e7\u00e3o\" width=\"671\" height=\"378\" \/><\/span><\/p>\n<p style=\"text-align: justify;\"><span style=\"font-size: 14pt; font-family: arial, helvetica, sans-serif;\">Concursos e sele\u00e7\u00f5es simplificadas abertos pelo governo do estado e pelos munic\u00edpios oferecem, em Pernambuco, 490 vagas de emprego. H\u00e1 oportunidades para cargos de n\u00edveis fundamental, m\u00e9dio e superior.<\/span><\/p>\n<p style=\"text-align: justify;\"><span style=\"font-size: 14pt; font-family: arial, helvetica, sans-serif;\">Os sal\u00e1rios chegam a R$ 9.886,16 no certame da Universidade de Pernambuco (UPE).<\/span><\/p>\n<p style=\"text-align: justify;\"><span style=\"font-size: 14pt; font-family: arial, helvetica, sans-serif;\">A seguir, as informa\u00e7\u00f5es principais de cada processo seletivo:<\/span><\/p>\n<p style=\"text-align: justify;\"><span style=\"font-size: 14pt; font-family: arial, helvetica, sans-serif;\"><strong>Prefeitura do Recife<\/strong><\/span><\/p>\n<p style=\"text-align: justify;\"><span style=\"font-size: 14pt; font-family: arial, helvetica, sans-serif;\">Inscri\u00e7\u00f5es: at\u00e9 9\/05<\/span><\/p>\n<p style=\"text-align: justify;\"><span style=\"font-size: 14pt; font-family: arial, helvetica, sans-serif;\">400 vagas<\/span><\/p>\n<p style=\"text-align: justify;\"><span style=\"font-size: 14pt; font-family: arial, helvetica, sans-serif;\">Sal\u00e1rios de at\u00e9 R$ 1.850<\/span><\/p>\n<p style=\"text-align: justify;\"><span style=\"font-size: 14pt; font-family: arial, helvetica, sans-serif;\">Cargos de n\u00edvel m\u00e9dio<\/span><\/p>\n<p style=\"text-align: justify;\"><span style=\"font-size: 14pt; font-family: arial, helvetica, sans-serif;\"><a href=\"https:\/\/g1.globo.com\/pe\/pernambuco\/noticia\/2022\/05\/07\/recife-prorroga-prazo-de-inscricao-para-selecao-com-400-vagas-para-profissionais-de-educacao.ghtml\">Confira o edital<\/a><\/span><\/p>\n<p style=\"text-align: justify;\"><span style=\"font-size: 14pt; font-family: arial, helvetica, sans-serif;\"><strong>Prefeitura de Igarassu<\/strong><\/span><\/p>\n<p style=\"text-align: justify;\"><span style=\"font-size: 14pt; font-family: arial, helvetica, sans-serif;\">Inscri\u00e7\u00f5es: at\u00e9 12\/05<\/span><\/p>\n<p style=\"text-align: justify;\"><span style=\"font-size: 14pt; font-family: arial, helvetica, sans-serif;\">14 vagas<\/span><\/p>\n<p style=\"text-align: justify;\"><span style=\"font-size: 14pt; font-family: arial, helvetica, sans-serif;\">Sal\u00e1rios de at\u00e9 R$ 9.800<\/span><\/p>\n<p style=\"text-align: justify;\"><span style=\"font-size: 14pt; font-family: arial, helvetica, sans-serif;\">Cargos de n\u00edvel superior<\/span><\/p>\n<p style=\"text-align: justify;\"><span style=\"font-size: 14pt; font-family: arial, helvetica, sans-serif;\"><a href=\"https:\/\/igarassu.pe.gov.br\/wp-content\/uploads\/2022\/05\/EDITAL-MEDICOS-2022-ATUALIZADO-EM-05.05.2022.pdf\">Confira o edital<\/a><\/span><\/p>\n<p style=\"text-align: justify;\"><span style=\"font-size: 14pt; font-family: arial, helvetica, sans-serif;\"><strong>Prefeitura de Olinda<\/strong><\/span><\/p>\n<p style=\"text-align: justify;\"><span style=\"font-size: 14pt; font-family: arial, helvetica, sans-serif;\">Inscri\u00e7\u00f5es: at\u00e9 13\/05<\/span><\/p>\n<p style=\"text-align: justify;\"><span style=\"font-size: 14pt; font-family: arial, helvetica, sans-serif;\">5 vagas<\/span><\/p>\n<p style=\"text-align: justify;\"><span style=\"font-size: 14pt; font-family: arial, helvetica, sans-serif;\">Sal\u00e1rios de at\u00e9 R$ 7 mil<\/span><\/p>\n<p style=\"text-align: justify;\"><span style=\"font-size: 14pt; font-family: arial, helvetica, sans-serif;\">Cargos de n\u00edvel superior<\/span><\/p>\n<p style=\"text-align: justify;\"><span style=\"font-size: 14pt; font-family: arial, helvetica, sans-serif;\"><a href=\"https:\/\/www.olinda.pe.gov.br\/olinda-divulga-edital-de-selecao-simplificada-para-medicos\/\">Confira o edital<\/a><\/span><\/p>\n<p style=\"text-align: justify;\"><span style=\"font-size: 14pt; font-family: arial, helvetica, sans-serif;\"><strong>Prefeitura de Sanhar\u00f3<\/strong><\/span><\/p>\n<p style=\"text-align: justify;\"><span style=\"font-size: 14pt; font-family: arial, helvetica, sans-serif;\">Inscri\u00e7\u00f5es: at\u00e9 13\/05<\/span><\/p>\n<p style=\"text-align: justify;\"><span style=\"font-size: 14pt; font-family: arial, helvetica, sans-serif;\">41 vagas<\/span><\/p>\n<p style=\"text-align: justify;\"><span style=\"font-size: 14pt; font-family: arial, helvetica, sans-serif;\">Sal\u00e1rios de at\u00e9 R$ 3.600<\/span><\/p>\n<p style=\"text-align: justify;\"><span style=\"font-size: 14pt; font-family: arial, helvetica, sans-serif;\">Cargos de n\u00edveis fundamental, m\u00e9dio e superior<\/span><\/p>\n<p style=\"text-align: justify;\"><span style=\"font-size: 14pt; font-family: arial, helvetica, sans-serif;\"><a href=\"http:\/\/funvapi.com.br\/index.php\/2022\/04\/08\/prefeitura-municipal-de-sanharo-pe\/\">Confira o edital<\/a><\/span><\/p>\n<p style=\"text-align: justify;\"><span style=\"font-size: 14pt; font-family: arial, helvetica, sans-serif;\"><strong>C\u00e2mara Municipal de Lagoa de Itaenga<\/strong><\/span><\/p>\n<p style=\"text-align: justify;\"><span style=\"font-size: 14pt; font-family: arial, helvetica, sans-serif;\">Inscri\u00e7\u00f5es at\u00e9 18\/05<\/span><\/p>\n<p style=\"text-align: justify;\"><span style=\"font-size: 14pt; font-family: arial, helvetica, sans-serif;\">12 vagas<\/span><\/p>\n<p style=\"text-align: justify;\"><span style=\"font-size: 14pt; font-family: arial, helvetica, sans-serif;\">Sal\u00e1rios de at\u00e9 R$ 3 mil<\/span><\/p>\n<p style=\"text-align: justify;\"><span style=\"font-size: 14pt; font-family: arial, helvetica, sans-serif;\">Cargos de n\u00edvel fundamental, m\u00e9dio e superior<\/span><\/p>\n<p style=\"text-align: justify;\"><span style=\"font-size: 14pt; font-family: arial, helvetica, sans-serif;\"><a href=\"https:\/\/camaralagoadeitaenga.pe.gov.br\/site\/2022\/04\/14\/camara-publica-edital-de-concurso-publico\/\">Confira o edital<\/a><\/span><\/p>\n<p style=\"text-align: justify;\"><span style=\"font-size: 14pt; font-family: arial, helvetica, sans-serif;\"><strong>Conselho Regional de Engenharia e Agronomia de PE<\/strong><\/span><\/p>\n<p style=\"text-align: justify;\"><span style=\"font-size: 14pt; font-family: arial, helvetica, sans-serif;\">Inscri\u00e7\u00f5es at\u00e9 30\/05<\/span><\/p>\n<p style=\"text-align: justify;\"><span style=\"font-size: 14pt; font-family: arial, helvetica, sans-serif;\">5 vagas<\/span><\/p>\n<p style=\"text-align: justify;\"><span style=\"font-size: 14pt; font-family: arial, helvetica, sans-serif;\">Sal\u00e1rios de at\u00e9 R$ 7.272<\/span><\/p>\n<p style=\"text-align: justify;\"><span style=\"font-size: 14pt; font-family: arial, helvetica, sans-serif;\">Cargos de n\u00edvel superior<\/span><\/p>\n<p style=\"text-align: justify;\"><span style=\"font-size: 14pt; font-family: arial, helvetica, sans-serif;\"><a href=\"http:\/\/www.idib.org.br\/Concurso.aspx?ID=247\">Confira o edital<\/a><\/span><\/p>\n<p style=\"text-align: justify;\"><span style=\"font-size: 14pt; font-family: arial, helvetica, sans-serif;\"><strong>C\u00e2mara Municipal de Santa Terezinha<\/strong><\/span><\/p>\n<p style=\"text-align: justify;\"><span style=\"font-size: 14pt; font-family: arial, helvetica, sans-serif;\">Inscri\u00e7\u00f5es: at\u00e9 31\/05<\/span><\/p>\n<p style=\"text-align: justify;\"><span style=\"font-size: 14pt; font-family: arial, helvetica, sans-serif;\">10 vagas<\/span><\/p>\n<p style=\"text-align: justify;\"><span style=\"font-size: 14pt; font-family: arial, helvetica, sans-serif;\">Sal\u00e1rios de at\u00e9 R$ 1.526,56<\/span><\/p>\n<p style=\"text-align: justify;\"><span style=\"font-size: 14pt; font-family: arial, helvetica, sans-serif;\">Cargos de n\u00edveis fundamental e m\u00e9dio<\/span><\/p>\n<p style=\"text-align: justify;\"><span style=\"font-size: 14pt; font-family: arial, helvetica, sans-serif;\"><a href=\"http:\/\/www.contemaxconsultoria.com.br\/site\/concursos-em-andamento\/camara-municipal-de-santa-terezinha\">Confira o edital<\/a><\/span><\/p>\n<p style=\"text-align: justify;\"><span style=\"font-size: 14pt; font-family: arial, helvetica, sans-serif;\"><strong>Universidade de Pernambuco<\/strong><\/span><\/p>\n<p style=\"text-align: justify;\"><span style=\"font-size: 14pt; font-family: arial, helvetica, sans-serif;\">Inscri\u00e7\u00f5es: at\u00e9 05\/06<\/span><\/p>\n<p style=\"text-align: justify;\"><span style=\"font-size: 14pt; font-family: arial, helvetica, sans-serif;\">3 vagas<\/span><\/p>\n<p style=\"text-align: justify;\"><span style=\"font-size: 14pt; font-family: arial, helvetica, sans-serif;\">Sal\u00e1rios de at\u00e9 R$ 9.886,16<\/span><\/p>\n<p style=\"text-align: justify;\"><span style=\"font-size: 14pt; font-family: arial, helvetica, sans-serif;\">Cargos de n\u00edvel superior<\/span><\/p>\n<p style=\"text-align: justify;\"><span style=\"font-size: 14pt; font-family: arial, helvetica, sans-serif;\"><a href=\"http:\/\/www.upenet.com.br\/concursos\/22_UPE_Medico\/22_UPE_Med.html\">Confira o edital<\/a><\/span><\/p>\n","protected":false},"excerpt":{"rendered":"<p>Concursos e sele&ccedil;&otilde;es simplificadas abertos pelo governo do estado e pelos munic&iacute;pios oferecem, em Pernambuco, 490 vagas de emprego. H&aacute; oportunidades para cargos de n&iacute;veis fundamental, m&eacute;dio e superior. Os sal&aacute;rios chegam a R$ 9.886,16 no certame da Universidade de Pernambuco (UPE). A seguir, as informa&ccedil;&otilde;es principais de cada processo seletivo: Prefeitura do Recife Inscri&ccedil;&otilde;es: at&eacute; 9\/05 400 vagas Sal&aacute;rios de at&eacute; R$ 1.850 Cargos de n&iacute;vel m&eacute;dio Confira o edital Prefeitura de Igarassu Inscri&ccedil;&otilde;es: at&eacute; 12\/05 14 vagas Sal&aacute;rios de at&eacute; R$ 9.800 Cargos de n&iacute;vel superior Confira o edital Prefeitura de Olinda Inscri&ccedil;&otilde;es: at&eacute; 13\/05 5 vagas Sal&aacute;rios &#8230; <\/p>\n<p class=\"read-more-container\"><a title=\"Concursos e sele\u00e7\u00f5es simplificadas em Pernambuco oferecem 490 vagas; confira lista\" class=\"read-more button\" href=\"https:\/\/blogdojuniorcavalcanti.com.br\/index.php\/2022\/05\/09\/concursos-e-selecoes-simplificadas-em-pernambuco-oferecem-490-vagas-confira-lista\/#more-16459\" aria-label=\"More on Concursos e sele\u00e7\u00f5es simplificadas em Pernambuco oferecem 490 vagas; confira lista\">Leia mais<\/a><\/p>\n","protected":false},"author":2,"featured_media":0,"comment_status":"open","ping_status":"open","sticky":false,"template":"","format":"standard","meta":{"footnotes":""},"categories":[26],"tags":[],"class_list":["post-16459","post","type-post","status-publish","format-standard","hentry","category-noticias"],"_links":{"self":[{"href":"https:\/\/blogdojuniorcavalcanti.com.br\/index.php\/wp-json\/wp\/v2\/posts\/16459","targetHints":{"allow":["GET"]}}],"collection":[{"href":"https:\/\/blogdojuniorcavalcanti.com.br\/index.php\/wp-json\/wp\/v2\/posts"}],"about":[{"href":"https:\/\/blogdojuniorcavalcanti.com.br\/index.php\/wp-json\/wp\/v2\/types\/post"}],"author":[{"embeddable":true,"href":"https:\/\/blogdojuniorcavalcanti.com.br\/index.php\/wp-json\/wp\/v2\/users\/2"}],"replies":[{"embeddable":true,"href":"https:\/\/blogdojuniorcavalcanti.com.br\/index.php\/wp-json\/wp\/v2\/comments?post=16459"}],"version-history":[{"count":1,"href":"https:\/\/blogdojuniorcavalcanti.com.br\/index.php\/wp-json\/wp\/v2\/posts\/16459\/revisions"}],"predecessor-version":[{"id":16460,"href":"https:\/\/blogdojuniorcavalcanti.com.br\/index.php\/wp-json\/wp\/v2\/posts\/16459\/revisions\/16460"}],"wp:attachment":[{"href":"https:\/\/blogdojuniorcavalcanti.com.br\/index.php\/wp-json\/wp\/v2\/media?parent=16459"}],"wp:term":[{"taxonomy":"category","embeddable":true,"href":"https:\/\/blogdojuniorcavalcanti.com.br\/index.php\/wp-json\/wp\/v2\/categories?post=16459"},{"taxonomy":"post_tag","embeddable":true,"href":"https:\/\/blogdojuniorcavalcanti.com.br\/index.php\/wp-json\/wp\/v2\/tags?post=16459"}],"curies":[{"name":"wp","href":"https:\/\/api.w.org\/{rel}","templated":true}]}}