{"id":16541,"date":"2022-05-12T04:44:10","date_gmt":"2022-05-12T07:44:10","guid":{"rendered":"https:\/\/blogdojuniorcavalcanti.com.br\/?p=16541"},"modified":"2022-05-12T04:44:10","modified_gmt":"2022-05-12T07:44:10","slug":"na-fundarpe-marcia-discute-apoio-a-calendario-festivo-de-serra-talhada","status":"publish","type":"post","link":"https:\/\/blogdojuniorcavalcanti.com.br\/index.php\/2022\/05\/12\/na-fundarpe-marcia-discute-apoio-a-calendario-festivo-de-serra-talhada\/","title":{"rendered":"Na FUNDARPE, M\u00e1rcia discute apoio a calend\u00e1rio festivo de Serra Talhada"},"content":{"rendered":"<p style=\"text-align: justify;\"><span style=\"font-size: 14pt;\"><img fetchpriority=\"high\" decoding=\"async\" class=\"alignleft wp-image-230621 jetpack-lazy-image jetpack-lazy-image--handled\" src=\"https:\/\/nilljunior.com.br\/wp-content\/uploads\/2022\/05\/Sem-t%C3%ADtulo-7.png\" sizes=\"(max-width: 400px) 100vw, 400px\" srcset=\"https:\/\/nilljunior.com.br\/wp-content\/uploads\/2022\/05\/Sem-t\u00edtulo-7.png 609w, https:\/\/nilljunior.com.br\/wp-content\/uploads\/2022\/05\/Sem-t\u00edtulo-7-300x212.png 300w, https:\/\/nilljunior.com.br\/wp-content\/uploads\/2022\/05\/Sem-t\u00edtulo-7-565x400.png 565w\" alt=\"\" width=\"400\" height=\"283\" data-attachment-id=\"230621\" data-permalink=\"https:\/\/nilljunior.com.br\/na-fundarpe-marcia-discute-apoio-a-calendario-festivo-de-serra-talhada\/sem-titulo-332\/\" data-orig-file=\"https:\/\/nilljunior.com.br\/wp-content\/uploads\/2022\/05\/Sem-t\u00edtulo-7.png\" data-orig-size=\"609,431\" data-comments-opened=\"1\" data-image-meta=\"{&quot;aperture&quot;:&quot;0&quot;,&quot;credit&quot;:&quot;&quot;,&quot;camera&quot;:&quot;&quot;,&quot;caption&quot;:&quot;&quot;,&quot;created_timestamp&quot;:&quot;0&quot;,&quot;copyright&quot;:&quot;&quot;,&quot;focal_length&quot;:&quot;0&quot;,&quot;iso&quot;:&quot;0&quot;,&quot;shutter_speed&quot;:&quot;0&quot;,&quot;title&quot;:&quot;&quot;,&quot;orientation&quot;:&quot;0&quot;}\" data-image-title=\"Sem t\u00edtulo\" data-image-description=\"\" data-medium-file=\"https:\/\/nilljunior.com.br\/wp-content\/uploads\/2022\/05\/Sem-t\u00edtulo-7-300x212.png\" data-large-file=\"https:\/\/nilljunior.com.br\/wp-content\/uploads\/2022\/05\/Sem-t\u00edtulo-7-565x400.png\" data-lazy-loaded=\"1\" \/><span style=\"font-family: arial, helvetica, sans-serif;\">A prefeita de Serra Talhada, M\u00e1rcia Conrado (PT), esteve reunida com o novo Secret\u00e1rio de Cultura de Pernambuco, Oscar Barreto e o Presidente da FUNDARPE, Severino Pessoa.<\/span><\/span><\/p>\n<p style=\"text-align: justify;\"><span style=\"font-size: 14pt; font-family: arial, helvetica, sans-serif;\">Na pauta, o apoio da entidade para eventos do calend\u00e1rio serra-talhadense, como o Ciclo Junino e a tradicional Festa de Setembro. \u201cNossa pauta foi baseada no resgate da cultura popular de Serra Talhada, como o S\u00e3o Jo\u00e3o, a Festa de Setembro e tantos outros eventos que devem fixar a marca da nossa cultura\u201d, disse a gestora em rede social.<\/span><\/p>\n<p style=\"text-align: justify;\"><span style=\"font-size: 14pt; font-family: arial, helvetica, sans-serif;\">A aproxima\u00e7\u00e3o pol\u00edtica de M\u00e1rcia com o governo Paulo C\u00e2mara ampliou o abrir de portas para\u00a0 a gest\u00e3o. Na \u00e1rea de cultura, com a chegada do petista Oscar Barreto, um dos novos Secret\u00e1rios, a expectativa \u00e9 de um suporte maior ao calend\u00e1rio cultural da cidade em rela\u00e7\u00e3o a anos anteriores.<\/span><\/p>\n","protected":false},"excerpt":{"rendered":"<p>A prefeita de Serra Talhada, M&aacute;rcia Conrado (PT), esteve reunida com o novo Secret&aacute;rio de Cultura de Pernambuco, Oscar Barreto e o Presidente da FUNDARPE, Severino Pessoa. Na pauta, o apoio da entidade para eventos do calend&aacute;rio serra-talhadense, como o Ciclo Junino e a tradicional Festa de Setembro. &ldquo;Nossa pauta foi baseada no resgate da cultura popular de Serra Talhada, como o S&atilde;o Jo&atilde;o, a Festa de Setembro e tantos outros eventos que devem fixar a marca da nossa cultura&rdquo;, disse a gestora em rede social. A aproxima&ccedil;&atilde;o pol&iacute;tica de M&aacute;rcia com o governo Paulo C&acirc;mara ampliou o abrir de &#8230; <\/p>\n<p class=\"read-more-container\"><a title=\"Na FUNDARPE, M\u00e1rcia discute apoio a calend\u00e1rio festivo de Serra Talhada\" class=\"read-more button\" href=\"https:\/\/blogdojuniorcavalcanti.com.br\/index.php\/2022\/05\/12\/na-fundarpe-marcia-discute-apoio-a-calendario-festivo-de-serra-talhada\/#more-16541\" aria-label=\"More on Na FUNDARPE, M\u00e1rcia discute apoio a calend\u00e1rio festivo de Serra Talhada\">Leia mais<\/a><\/p>\n","protected":false},"author":2,"featured_media":0,"comment_status":"open","ping_status":"open","sticky":false,"template":"","format":"standard","meta":{"footnotes":""},"categories":[26],"tags":[],"class_list":["post-16541","post","type-post","status-publish","format-standard","hentry","category-noticias"],"_links":{"self":[{"href":"https:\/\/blogdojuniorcavalcanti.com.br\/index.php\/wp-json\/wp\/v2\/posts\/16541","targetHints":{"allow":["GET"]}}],"collection":[{"href":"https:\/\/blogdojuniorcavalcanti.com.br\/index.php\/wp-json\/wp\/v2\/posts"}],"about":[{"href":"https:\/\/blogdojuniorcavalcanti.com.br\/index.php\/wp-json\/wp\/v2\/types\/post"}],"author":[{"embeddable":true,"href":"https:\/\/blogdojuniorcavalcanti.com.br\/index.php\/wp-json\/wp\/v2\/users\/2"}],"replies":[{"embeddable":true,"href":"https:\/\/blogdojuniorcavalcanti.com.br\/index.php\/wp-json\/wp\/v2\/comments?post=16541"}],"version-history":[{"count":1,"href":"https:\/\/blogdojuniorcavalcanti.com.br\/index.php\/wp-json\/wp\/v2\/posts\/16541\/revisions"}],"predecessor-version":[{"id":16542,"href":"https:\/\/blogdojuniorcavalcanti.com.br\/index.php\/wp-json\/wp\/v2\/posts\/16541\/revisions\/16542"}],"wp:attachment":[{"href":"https:\/\/blogdojuniorcavalcanti.com.br\/index.php\/wp-json\/wp\/v2\/media?parent=16541"}],"wp:term":[{"taxonomy":"category","embeddable":true,"href":"https:\/\/blogdojuniorcavalcanti.com.br\/index.php\/wp-json\/wp\/v2\/categories?post=16541"},{"taxonomy":"post_tag","embeddable":true,"href":"https:\/\/blogdojuniorcavalcanti.com.br\/index.php\/wp-json\/wp\/v2\/tags?post=16541"}],"curies":[{"name":"wp","href":"https:\/\/api.w.org\/{rel}","templated":true}]}}